{"id":1055,"date":"2016-03-19T11:43:34","date_gmt":"2016-03-19T10:43:34","guid":{"rendered":"http:\/\/www.infopoint.cz\/polsko\/?p=1055"},"modified":"2016-03-23T08:34:26","modified_gmt":"2016-03-23T07:34:26","slug":"jarni-projizka-a-muzeum-moderniho-umeni","status":"publish","type":"post","link":"https:\/\/www.infopoint.cz\/polsko\/jarni-projizka-a-muzeum-moderniho-umeni\/","title":{"rendered":"Jarn\u00ed proj\u00ed\u017eka a Muzeum modern\u00edho um\u011bn\u00ed"},"content":{"rendered":"<p><a class=\"ngg-fancybox\" title=\" \" href=\"\/\/www.infopoint.cz\/polsko\/wp-content\/uploads\/sites\/22\/nggallery\/jarni-projizka-a-muzeum-moderniho-umeni\/m003.jpg\" rel=\"\" data-image-id=\"222\" data-src=\"\/\/www.infopoint.cz\/polsko\/wp-content\/uploads\/sites\/22\/nggallery\/jarni-projizka-a-muzeum-moderniho-umeni\/m003.jpg\" data-thumbnail=\"\/\/www.infopoint.cz\/polsko\/wp-content\/uploads\/sites\/22\/nggallery\/jarni-projizka-a-muzeum-moderniho-umeni\/thumbs\/thumbs_m003.jpg\" data-title=\"m003\" data-description=\" \"><img decoding=\"async\" class=\"ngg-singlepic ngg-left alignleft\" src=\"\/\/www.infopoint.cz\/polsko\/wp-content\/uploads\/sites\/22\/nggallery\/jarni-projizka-a-muzeum-moderniho-umeni\/thumbs\/thumbs_m003.jpg\" alt=\"m003\" \/><\/a>P\u016fvodn\u00ed pl\u00e1n na tento t\u00fdden byla proch\u00e1zka, ale p\u0159\u00edroda rozhodla jinak. Zima je zzzp\u00e1tky\u2026 Tedy zm\u011bna, chvilku se projdeme v okol\u00ed <a href=\"\/\/pl.wikipedia.org\/wiki\/Plac_Grzybowski_w_Warszawie\">Placu Grzybowsk\u00e9ho<\/a>, kde &#8211; jak Dana vy\u010detla z chytr\u00e9 knihy od Mirky, b\u00fdvalo skute\u010dn\u00e9 p\u0159edv\u00e1le\u010dn\u00e9 centrum Var\u0161avy.<\/p>\n<p>Potom zam\u00ed\u0159\u00edme do nedalek\u00e9ho Muzea modern\u00edho um\u011bn\u00ed <a class=\"ngg-fancybox\" title=\" \" href=\"\/\/www.infopoint.cz\/polsko\/wp-content\/uploads\/sites\/22\/nggallery\/jarni-projizka-a-muzeum-moderniho-umeni\/m009.jpg\" rel=\"\" data-image-id=\"226\" data-src=\"\/\/www.infopoint.cz\/polsko\/wp-content\/uploads\/sites\/22\/nggallery\/jarni-projizka-a-muzeum-moderniho-umeni\/m009.jpg\" data-thumbnail=\"\/\/www.infopoint.cz\/polsko\/wp-content\/uploads\/sites\/22\/nggallery\/jarni-projizka-a-muzeum-moderniho-umeni\/thumbs\/thumbs_m009.jpg\" data-title=\"m009\" data-description=\" \"><img decoding=\"async\" class=\"ngg-singlepic ngg-right alignright\" src=\"\/\/www.infopoint.cz\/polsko\/wp-content\/uploads\/sites\/22\/nggallery\/jarni-projizka-a-muzeum-moderniho-umeni\/thumbs\/thumbs_m009.jpg\" alt=\"m009\" \/><\/a>&#8222;<a href=\"\/\/artmuseum.pl\/pl\/muzeum\" target=\"_blank\">Muzeum Sztuki Nowoczesne&#8220;<\/a>. Jsou tam v\u00fdstavy se spole\u010dn\u00fdm t\u00e9matem spole\u010densk\u00e9 odpov\u011bdnosti.<\/p>\n<p>Chv\u00edli p\u0159ed cestou na m\u00edsto ur\u010den\u00ed, mi zazvonil telefon. Byla to Dana. Sv\u016fj n\u00e1vrh na proj\u00ed\u017edu na kole v tomto st\u00e1le zimn\u00edm po\u010das\u00ed myslela naprosto v\u00e1\u017en\u011b. Musel na telefon rychle nainstalovat aplikaci na zap\u016fj\u010den\u00ed kol. Je\u0161t\u011b, \u017ee jsem tak \u0161ikovn\u00fd. St\u00e1hnout z Windows Apps aplikaci <a href=\"\/\/www.microsoft.com\/de-de\/store\/apps\/nextbike-beta\/9nblggh681tb\">NextBike<\/a> a nainstalovat byla hra\u010dka.<\/p>\n<p><a class=\"ngg-fancybox\" title=\" \" href=\"\/\/www.infopoint.cz\/polsko\/wp-content\/uploads\/sites\/22\/nggallery\/jarni-projizka-a-muzeum-moderniho-umeni\/m006.jpg\" rel=\"\" data-image-id=\"223\" data-src=\"\/\/www.infopoint.cz\/polsko\/wp-content\/uploads\/sites\/22\/nggallery\/jarni-projizka-a-muzeum-moderniho-umeni\/m006.jpg\" data-thumbnail=\"\/\/www.infopoint.cz\/polsko\/wp-content\/uploads\/sites\/22\/nggallery\/jarni-projizka-a-muzeum-moderniho-umeni\/thumbs\/thumbs_m006.jpg\" data-title=\"m006\" data-description=\" \"><img decoding=\"async\" class=\"ngg-singlepic ngg-left alignleft\" src=\"\/\/www.infopoint.cz\/polsko\/wp-content\/uploads\/sites\/22\/nggallery\/jarni-projizka-a-muzeum-moderniho-umeni\/thumbs\/thumbs_m006.jpg\" alt=\"m006\" \/><\/a>Po \u00favodn\u00ed k\u00e1vi\u010dce n\u00e1s Dana tentokr\u00e1t nehnala na autobus, ale zavezla n\u00e1s do m\u011bsta autem. Elegantn\u011b zaparkovala vedle pal\u00e1ce kultury. Slun\u00ed\u010dko kr\u00e1sn\u011b sv\u00edtilo. Fotil jsem. Po kr\u00e1tk\u00e9 proch\u00e1zce jsme hledali voln\u00e1 kola. A\u017e druh\u00e9 m\u00edsto n\u00e1s mohlo pln\u011b obslou\u017eit.<\/p>\n<p>S instalovanou apkou bylo vyp\u016fj\u010den\u00ed mnohem jednodu\u0161\u0161\u00ed. Sta\u010dilo p\u0159ejet p\u0159es \u010d\u00e1rov\u00fd k\u00f3d na kole a potvrdit na telefonu.<\/p>\n<p><a class=\"ngg-fancybox\" title=\" \" href=\"\/\/www.infopoint.cz\/polsko\/wp-content\/uploads\/sites\/22\/nggallery\/jarni-projizka-a-muzeum-moderniho-umeni\/m013.jpg\" rel=\"\" data-image-id=\"230\" data-src=\"\/\/www.infopoint.cz\/polsko\/wp-content\/uploads\/sites\/22\/nggallery\/jarni-projizka-a-muzeum-moderniho-umeni\/m013.jpg\" data-thumbnail=\"\/\/www.infopoint.cz\/polsko\/wp-content\/uploads\/sites\/22\/nggallery\/jarni-projizka-a-muzeum-moderniho-umeni\/thumbs\/thumbs_m013.jpg\" data-title=\"m013\" data-description=\" \"><img decoding=\"async\" class=\"ngg-singlepic ngg-right alignright\" src=\"\/\/www.infopoint.cz\/polsko\/wp-content\/uploads\/sites\/22\/nggallery\/jarni-projizka-a-muzeum-moderniho-umeni\/thumbs\/thumbs_m013.jpg\" alt=\"m013\" \/><\/a>Projeli jsme parkem a na chvilku se zastavili v tr\u017enici, abychom si ji prohl\u00e9dli. V\u0161ude byla sousta kv\u011btin, ovoce a zeleniny. Zaujala n\u00e1s nab\u00eddka jednoho st\u00e1nku, prod\u00e1vaj\u00edc\u00ed vaj\u00ed\u010dka r\u016fzn\u00fdch velikosti a asi i druhu nosnic.<\/p>\n<p>Bl\u00ed\u017eila se dvan\u00e1ct\u00e1 a museli jsme j\u00edt na v\u00fdstavu. Kola jsme zaparkovali co nejbl\u00ed\u017ee budovy. <a class=\"ngg-fancybox\" title=\" \" href=\"\/\/www.infopoint.cz\/polsko\/wp-content\/uploads\/sites\/22\/nggallery\/jarni-projizka-a-muzeum-moderniho-umeni\/m014.jpg\" rel=\"\" data-image-id=\"231\" data-src=\"\/\/www.infopoint.cz\/polsko\/wp-content\/uploads\/sites\/22\/nggallery\/jarni-projizka-a-muzeum-moderniho-umeni\/m014.jpg\" data-thumbnail=\"\/\/www.infopoint.cz\/polsko\/wp-content\/uploads\/sites\/22\/nggallery\/jarni-projizka-a-muzeum-moderniho-umeni\/thumbs\/thumbs_m014.jpg\" data-title=\"m014\" data-description=\" \"><img decoding=\"async\" class=\"ngg-singlepic ngg-left alignleft\" src=\"\/\/www.infopoint.cz\/polsko\/wp-content\/uploads\/sites\/22\/nggallery\/jarni-projizka-a-muzeum-moderniho-umeni\/thumbs\/thumbs_m014.jpg\" alt=\"m014\" \/><\/a><\/p>\n<p>P\u0159i odepisov\u00e1n\u00ed kol, mi apka hl\u00e1sila, \u017ee m\u00e1m zablokovan\u00fd \u00fa\u010det. Ojojoj, asi n\u011bjak\u00fd probl\u00e9m p\u0159i vracen\u00ed kol? Nev\u00edm, hodil jsem to za hlavu a t\u011b\u0161il se na v\u00fdstavu. P\u0159ed muzeem sed\u011bl na plo\u0161in\u011b upracovan\u00fd d\u011bln\u00edk. Asi moc d\u0159el.<\/p>\n<p>Na v\u00fdstav\u011b byly k vid\u011bn\u00ed r\u016fzn\u00e9 fotografie, prom\u00edtan\u00e1 videa a jin\u00e9 um\u011bleck\u00e9 kusy. Nahlas jsem <a class=\"ngg-fancybox\" title=\" \" href=\"\/\/www.infopoint.cz\/polsko\/wp-content\/uploads\/sites\/22\/nggallery\/jarni-projizka-a-muzeum-moderniho-umeni\/m017.jpg\" rel=\"\" data-image-id=\"234\" data-src=\"\/\/www.infopoint.cz\/polsko\/wp-content\/uploads\/sites\/22\/nggallery\/jarni-projizka-a-muzeum-moderniho-umeni\/m017.jpg\" data-thumbnail=\"\/\/www.infopoint.cz\/polsko\/wp-content\/uploads\/sites\/22\/nggallery\/jarni-projizka-a-muzeum-moderniho-umeni\/thumbs\/thumbs_m017.jpg\" data-title=\"m017\" data-description=\" \"><img decoding=\"async\" class=\"ngg-singlepic ngg-right alignright\" src=\"\/\/www.infopoint.cz\/polsko\/wp-content\/uploads\/sites\/22\/nggallery\/jarni-projizka-a-muzeum-moderniho-umeni\/thumbs\/thumbs_m017.jpg\" alt=\"m017\" \/><\/a>zapochyboval, &#8222;je to je\u0161t\u011b um\u011bn\u00ed&#8220;. Za\u010dali jsem v\u00e9st plodnou debatu.<\/p>\n<p>O hodinu pozd\u011bji v asijsk\u00e9 restauraci <a href=\"\/\/www.infopoint.cz\/polsko\/pelna-para-dim-sum-bar\/\">Pe\u0142n\u0105 Par\u0105<\/a> jsem na to zapom\u011bl.<\/p>\n<p><a href=\"\/\/www.infopoint.cz\/polsko\/fotogalerie\/rok-2016\/\">M\u016f\u017eete se tak\u00e9 pod\u00edvat na ostatn\u00ed fotografie.<\/a><\/p>\n","protected":false},"excerpt":{"rendered":"<p>P\u016fvodn\u00ed pl\u00e1n na tento t\u00fdden byla proch\u00e1zka, ale p\u0159\u00edroda rozhodla jinak. Zima je zzzp\u00e1tky\u2026 Tedy zm\u011bna, chvilku se projdeme v okol\u00ed Placu Grzybowsk\u00e9ho, kde &#8211; jak Dana vy\u010detla z chytr\u00e9 knihy od Mirky, b\u00fdvalo skute\u010dn\u00e9 p\u0159edv\u00e1le\u010dn\u00e9 centrum Var\u0161avy. Potom zam\u00ed\u0159\u00edme do nedalek\u00e9ho Muzea modern\u00edho um\u011bn\u00ed &#8222;Muzeum Sztuki Nowoczesne&#8220;. Jsou tam v\u00fdstavy se spole\u010dn\u00fdm t\u00e9matem spole\u010densk\u00e9 [&hellip;]<\/p>\n","protected":false},"author":2,"featured_media":0,"comment_status":"open","ping_status":"closed","sticky":false,"template":"","format":"standard","meta":{"ngg_post_thumbnail":0,"footnotes":""},"categories":[2],"tags":[],"class_list":["post-1055","post","type-post","status-publish","format-standard","hentry","category-kulturni-ctvrtky"],"_links":{"self":[{"href":"https:\/\/www.infopoint.cz\/polsko\/wp-json\/wp\/v2\/posts\/1055","targetHints":{"allow":["GET"]}}],"collection":[{"href":"https:\/\/www.infopoint.cz\/polsko\/wp-json\/wp\/v2\/posts"}],"about":[{"href":"https:\/\/www.infopoint.cz\/polsko\/wp-json\/wp\/v2\/types\/post"}],"author":[{"embeddable":true,"href":"https:\/\/www.infopoint.cz\/polsko\/wp-json\/wp\/v2\/users\/2"}],"replies":[{"embeddable":true,"href":"https:\/\/www.infopoint.cz\/polsko\/wp-json\/wp\/v2\/comments?post=1055"}],"version-history":[{"count":33,"href":"https:\/\/www.infopoint.cz\/polsko\/wp-json\/wp\/v2\/posts\/1055\/revisions"}],"predecessor-version":[{"id":1158,"href":"https:\/\/www.infopoint.cz\/polsko\/wp-json\/wp\/v2\/posts\/1055\/revisions\/1158"}],"wp:attachment":[{"href":"https:\/\/www.infopoint.cz\/polsko\/wp-json\/wp\/v2\/media?parent=1055"}],"wp:term":[{"taxonomy":"category","embeddable":true,"href":"https:\/\/www.infopoint.cz\/polsko\/wp-json\/wp\/v2\/categories?post=1055"},{"taxonomy":"post_tag","embeddable":true,"href":"https:\/\/www.infopoint.cz\/polsko\/wp-json\/wp\/v2\/tags?post=1055"}],"curies":[{"name":"wp","href":"https:\/\/api.w.org\/{rel}","templated":true}]}}