{"id":1073,"date":"2016-03-19T11:44:16","date_gmt":"2016-03-19T10:44:16","guid":{"rendered":"http:\/\/www.infopoint.cz\/polsko\/?p=1073"},"modified":"2016-04-18T22:32:28","modified_gmt":"2016-04-18T20:32:28","slug":"pelna-para-dim-sum-bar","status":"publish","type":"post","link":"https:\/\/www.infopoint.cz\/polsko\/pelna-para-dim-sum-bar\/","title":{"rendered":"Pe\u0142n\u0105 Par\u0105 dim sum bar"},"content":{"rendered":"<p>[mappress mapid=&#8220;15&#8243; adaptive=&#8220;true&#8220;]<\/p>\n<table>\n<tbody>\n<tr>\n<td><strong>Kde?<\/strong><\/td>\n<td>ul. Sienna 76, 00-833 Warszawa<\/td>\n<\/tr>\n<tr>\n<td><strong>Rezervace<\/strong><\/td>\n<td>+48 22 620 30 10<\/td>\n<\/tr>\n<tr>\n<td><strong>WWW<\/strong><\/td>\n<td><a href=\"\/\/www.pelnapara.pl\/\"><span class=\"widget-pane-section-info-text\"><span title=\"Webov\u00e9 str\u00e1nky\"><span class=\"widget-pane-logged-link\">pelnapara.pl<\/span><\/span><\/span><\/a><\/td>\n<\/tr>\n<tr>\n<td><strong>Kuchyn\u011b<\/strong><\/td>\n<td>Asijsk\u00e1<\/td>\n<\/tr>\n<\/tbody>\n<\/table>\n<p>Kdo tam u\u017e byl a chce se pod\u011blit o sv\u00e9 z\u00e1\u017eitky? Napi\u0161te v\u00e1\u0161 koment\u00e1\u0159.<\/p>\n","protected":false},"excerpt":{"rendered":"<p>[mappress mapid=&#8220;15&#8243; adaptive=&#8220;true&#8220;] Kde? ul. Sienna 76, 00-833 Warszawa Rezervace +48 22 620 30 10 WWW pelnapara.pl Kuchyn\u011b Asijsk\u00e1 Kdo tam u\u017e byl a chce se pod\u011blit o sv\u00e9 z\u00e1\u017eitky? Napi\u0161te v\u00e1\u0161 koment\u00e1\u0159.<\/p>\n","protected":false},"author":2,"featured_media":0,"comment_status":"open","ping_status":"closed","sticky":false,"template":"","format":"standard","meta":{"ngg_post_thumbnail":0,"footnotes":""},"categories":[4],"tags":[15],"class_list":["post-1073","post","type-post","status-publish","format-standard","hentry","category-restaurace","tag-asijska"],"_links":{"self":[{"href":"https:\/\/www.infopoint.cz\/polsko\/wp-json\/wp\/v2\/posts\/1073","targetHints":{"allow":["GET"]}}],"collection":[{"href":"https:\/\/www.infopoint.cz\/polsko\/wp-json\/wp\/v2\/posts"}],"about":[{"href":"https:\/\/www.infopoint.cz\/polsko\/wp-json\/wp\/v2\/types\/post"}],"author":[{"embeddable":true,"href":"https:\/\/www.infopoint.cz\/polsko\/wp-json\/wp\/v2\/users\/2"}],"replies":[{"embeddable":true,"href":"https:\/\/www.infopoint.cz\/polsko\/wp-json\/wp\/v2\/comments?post=1073"}],"version-history":[{"count":4,"href":"https:\/\/www.infopoint.cz\/polsko\/wp-json\/wp\/v2\/posts\/1073\/revisions"}],"predecessor-version":[{"id":1188,"href":"https:\/\/www.infopoint.cz\/polsko\/wp-json\/wp\/v2\/posts\/1073\/revisions\/1188"}],"wp:attachment":[{"href":"https:\/\/www.infopoint.cz\/polsko\/wp-json\/wp\/v2\/media?parent=1073"}],"wp:term":[{"taxonomy":"category","embeddable":true,"href":"https:\/\/www.infopoint.cz\/polsko\/wp-json\/wp\/v2\/categories?post=1073"},{"taxonomy":"post_tag","embeddable":true,"href":"https:\/\/www.infopoint.cz\/polsko\/wp-json\/wp\/v2\/tags?post=1073"}],"curies":[{"name":"wp","href":"https:\/\/api.w.org\/{rel}","templated":true}]}}