{"id":112,"date":"2015-10-22T23:47:47","date_gmt":"2015-10-22T21:47:47","guid":{"rendered":"http:\/\/www.infopoint.cz\/polsko\/?p=112"},"modified":"2016-03-09T11:00:53","modified_gmt":"2016-03-09T10:00:53","slug":"projizdka-na-kole-do-zachety","status":"publish","type":"post","link":"https:\/\/www.infopoint.cz\/polsko\/projizdka-na-kole-do-zachety\/","title":{"rendered":"Proj\u00ed\u017edka na kole do Zachety"},"content":{"rendered":"<p>Po\u010das\u00ed n\u00e1m p\u0159\u00e1lo, nepr\u0161elo a teplota byla snesiteln\u00e1. Trasa byla jasn\u00e1.\u00a0 Poznat finsk\u00e9 domky na Jazdowe, Park Marsza\u0142ka Edwarda Rydza-\u015amig\u0142ego Powisle, projet Uniwersytet Warszawski a skon\u010dit u <a href=\"\/\/www.zacheta.art.pl\/page\/view\/10\/wystawy-biezace\" target=\"_blank\">Zach\u0119ty &#8211; National Gallery of Art.<\/a><\/p>\n<p><a class=\"ngg-fancybox\" title=\" \" href=\"https:\/\/www.infopoint.cz\/polsko\/wp-content\/uploads\/sites\/22\/nggallery\/projizdka-na-kole-do-zachety\/m006.jpg\" data-image-id=\"28\" data-src=\"https:\/\/www.infopoint.cz\/polsko\/wp-content\/uploads\/sites\/22\/nggallery\/projizdka-na-kole-do-zachety\/m006.jpg\" data-thumbnail=\"https:\/\/www.infopoint.cz\/polsko\/wp-content\/uploads\/sites\/22\/nggallery\/projizdka-na-kole-do-zachety\/thumbs\/thumbs_m006.jpg\" data-title=\"Kola2\" data-description=\" \"><img loading=\"lazy\" decoding=\"async\" class=\"ngg-singlepic ngg-none alignleft\" src=\"https:\/\/www.infopoint.cz\/polsko\/wp-content\/uploads\/sites\/22\/nggallery\/projizdka-na-kole-do-zachety\/thumbs\/thumbs_m006.jpg\" alt=\"Kola2\" width=\"240\" height=\"160\" \/><\/a>Autobusem \u010d\u00edslo 116 jsme dojeli do centra na zast\u00e1vku &#8222;Placu na Rozdrozu&#8220; pro <a href=\"https:\/\/en.veturilo.waw.pl\/\">Venturilo kola<\/a>. Je to mo\u017enost, jak poznat m\u011bsto za pomoc\u00ed ve\u0159ejn\u00e9 dopravy &#8222;Warszawski Rower Publiczny&#8220; a bez \u010dek\u00e1n\u00ed.<\/p>\n<p>Tedy teoreticky, pokud tam jsou funk\u010dn\u00ed kola v dostate\u010dn\u00e9m po\u010dtu. Co\u017e bohu\u017eel nebyl n\u00e1\u0161 p\u0159\u00edpad. No nic.<\/p>\n<p>&nbsp;<\/p>\n<p>P\u016flka na kolech, druh\u00e1 p\u011b\u0161ky putujeme <a class=\"ngg-fancybox\" title=\" \" href=\"https:\/\/www.infopoint.cz\/polsko\/wp-content\/uploads\/sites\/22\/nggallery\/projizdka-na-kole-do-zachety\/m001.jpg\" data-image-id=\"33\" data-src=\"https:\/\/www.infopoint.cz\/polsko\/wp-content\/uploads\/sites\/22\/nggallery\/projizdka-na-kole-do-zachety\/m001.jpg\" data-thumbnail=\"https:\/\/www.infopoint.cz\/polsko\/wp-content\/uploads\/sites\/22\/nggallery\/projizdka-na-kole-do-zachety\/thumbs\/thumbs_m001.jpg\" data-title=\"Finsk\u00e9 domky\" data-description=\" \"><img loading=\"lazy\" decoding=\"async\" class=\"ngg-singlepic ngg-right alignright\" src=\"https:\/\/www.infopoint.cz\/polsko\/wp-content\/uploads\/sites\/22\/nggallery\/projizdka-na-kole-do-zachety\/thumbs\/thumbs_m001.jpg\" alt=\"Finsk\u00e9 domky\" width=\"240\" height=\"160\" \/><\/a>p\u0159es finsk\u00e9 domky na dal\u0161\u00ed v\u00fdp\u016fj\u010dn\u00ed stanici.<\/p>\n<p>Celkem bez probl\u00e9m\u016f dopln\u00edme stav na\u0161ich kol do pln\u00e9ho po\u010dtu a uh\u00e1n\u00edme do parku. Kola sice moc nebrzd\u00ed, ale s trochou opatrnosti sj\u00ed\u017ed\u00edme i drobn\u00e9 ter\u00e9nn\u00ed vlny. Sm\u011brem k universit\u011b kola tla\u010d\u00edme kopce.<\/p>\n<p><a class=\"ngg-fancybox\" title=\" \" href=\"https:\/\/www.infopoint.cz\/polsko\/wp-content\/uploads\/sites\/22\/nggallery\/projizdka-na-kole-do-zachety\/m015.jpg\" data-image-id=\"19\" data-src=\"https:\/\/www.infopoint.cz\/polsko\/wp-content\/uploads\/sites\/22\/nggallery\/projizdka-na-kole-do-zachety\/m015.jpg\" data-thumbnail=\"https:\/\/www.infopoint.cz\/polsko\/wp-content\/uploads\/sites\/22\/nggallery\/projizdka-na-kole-do-zachety\/thumbs\/thumbs_m015.jpg\" data-title=\"Univerzita 200 let\" data-description=\" \"><img loading=\"lazy\" decoding=\"async\" class=\"ngg-singlepic ngg-none alignleft\" src=\"https:\/\/www.infopoint.cz\/polsko\/wp-content\/uploads\/sites\/22\/nggallery\/projizdka-na-kole-do-zachety\/thumbs\/thumbs_m015.jpg\" alt=\"Univerzita 200 let\" width=\"240\" height=\"160\" \/><\/a><\/p>\n<p>&nbsp;<\/p>\n<p>Netu\u0161il jsem, \u017ee budou oslavovat 200let za 394 dn\u00ed. Moc tomu nerozum\u00edm, pro\u010d to oznamuj\u00ed v p\u0159edstihu v\u00edce ne\u017e roku!<\/p>\n<p>Koch\u00e1me se pohledem na budovu, kdy\u017e tu parta ml\u00e1de\u017en\u00edk\u016f obch\u00e1z\u00ed na\u0161e zaparkovan\u00e1 kola s jist\u00fdm \u00famyslem. Je to tak, a u\u017e zkou\u0161ej\u00ed na\u0161e sedla. Tak to ne a zah\u00e1n\u00edme je pok\u0159ikem. Hur\u00e1, zv\u00edt\u011bzili jsme!<\/p>\n<p>Je\u0161t\u011b ud\u011blat fotografii v\u011b\u010dn\u00e9ho studenta a <a class=\"ngg-fancybox\" title=\" \" href=\"https:\/\/www.infopoint.cz\/polsko\/wp-content\/uploads\/sites\/22\/nggallery\/projizdka-na-kole-do-zachety\/m017.jpg\" data-image-id=\"17\" data-src=\"https:\/\/www.infopoint.cz\/polsko\/wp-content\/uploads\/sites\/22\/nggallery\/projizdka-na-kole-do-zachety\/m017.jpg\" data-thumbnail=\"https:\/\/www.infopoint.cz\/polsko\/wp-content\/uploads\/sites\/22\/nggallery\/projizdka-na-kole-do-zachety\/thumbs\/thumbs_m017.jpg\" data-title=\"Ve\u010dn\u00fd student\" data-description=\" \"><img loading=\"lazy\" decoding=\"async\" class=\"ngg-singlepic ngg-none alignright\" src=\"https:\/\/www.infopoint.cz\/polsko\/wp-content\/uploads\/sites\/22\/nggallery\/projizdka-na-kole-do-zachety\/thumbs\/thumbs_m017.jpg\" alt=\"Ve\u010dn\u00fd student\" width=\"240\" height=\"160\" \/><\/a>honem sm\u011brem ke galerii. M\u00e1me trochu zpo\u017ed\u011bn\u00ed, ale kr\u00e1tk\u00e9 zastaven\u00ed v galerijn\u00ed restauraci n\u00e1m v tom nem\u016f\u017ee nezabr\u00e1nit.<\/p>\n<p>Posiln\u011bni, v\u00fdtahem jedeme do prvn\u00edho patra na v\u00fdstavu &#8222;<a href=\"\/\/www.zacheta.art.pl\/article\/view\/2559\/zaraz-po-wojnie\">Zaraz po wojnie<\/a>&#8222;. Lehce depresivn\u00ed z\u00e1\u017eitek.<\/p>\n<p>&nbsp;<\/p>\n<p><img decoding=\"async\" class=\"ngg_displayed_gallery mceItem\" src=\"\/\/www.infopoint.cz\/polsko\/nextgen-attach_to_post\/preview\/id--159\" alt=\"\" data-mce-placeholder=\"1\" \/><\/p>\n<p>&nbsp;<\/p>\n<p>&nbsp;<\/p>\n<p>&nbsp;<\/p>\n","protected":false},"excerpt":{"rendered":"<p>Po\u010das\u00ed n\u00e1m p\u0159\u00e1lo, nepr\u0161elo a teplota byla snesiteln\u00e1. Trasa byla jasn\u00e1.\u00a0 Poznat finsk\u00e9 domky na Jazdowe, Park Marsza\u0142ka Edwarda Rydza-\u015amig\u0142ego Powisle, projet Uniwersytet Warszawski a skon\u010dit u Zach\u0119ty &#8211; National Gallery of Art. Autobusem \u010d\u00edslo 116 jsme dojeli do centra na zast\u00e1vku &#8222;Placu na Rozdrozu&#8220; pro Venturilo kola. Je to mo\u017enost, jak poznat m\u011bsto za [&hellip;]<\/p>\n","protected":false},"author":2,"featured_media":0,"comment_status":"closed","ping_status":"closed","sticky":false,"template":"","format":"standard","meta":{"ngg_post_thumbnail":0,"footnotes":""},"categories":[2],"tags":[],"class_list":["post-112","post","type-post","status-publish","format-standard","hentry","category-kulturni-ctvrtky"],"_links":{"self":[{"href":"https:\/\/www.infopoint.cz\/polsko\/wp-json\/wp\/v2\/posts\/112","targetHints":{"allow":["GET"]}}],"collection":[{"href":"https:\/\/www.infopoint.cz\/polsko\/wp-json\/wp\/v2\/posts"}],"about":[{"href":"https:\/\/www.infopoint.cz\/polsko\/wp-json\/wp\/v2\/types\/post"}],"author":[{"embeddable":true,"href":"https:\/\/www.infopoint.cz\/polsko\/wp-json\/wp\/v2\/users\/2"}],"replies":[{"embeddable":true,"href":"https:\/\/www.infopoint.cz\/polsko\/wp-json\/wp\/v2\/comments?post=112"}],"version-history":[{"count":28,"href":"https:\/\/www.infopoint.cz\/polsko\/wp-json\/wp\/v2\/posts\/112\/revisions"}],"predecessor-version":[{"id":1010,"href":"https:\/\/www.infopoint.cz\/polsko\/wp-json\/wp\/v2\/posts\/112\/revisions\/1010"}],"wp:attachment":[{"href":"https:\/\/www.infopoint.cz\/polsko\/wp-json\/wp\/v2\/media?parent=112"}],"wp:term":[{"taxonomy":"category","embeddable":true,"href":"https:\/\/www.infopoint.cz\/polsko\/wp-json\/wp\/v2\/categories?post=112"},{"taxonomy":"post_tag","embeddable":true,"href":"https:\/\/www.infopoint.cz\/polsko\/wp-json\/wp\/v2\/tags?post=112"}],"curies":[{"name":"wp","href":"https:\/\/api.w.org\/{rel}","templated":true}]}}