{"id":1281,"date":"2016-05-09T15:18:15","date_gmt":"2016-05-09T13:18:15","guid":{"rendered":"http:\/\/www.infopoint.cz\/polsko\/?p=1281"},"modified":"2018-06-19T11:01:40","modified_gmt":"2018-06-19T09:01:40","slug":"park-lazienki-krolewski-a-angelika-markul","status":"publish","type":"post","link":"https:\/\/www.infopoint.cz\/polsko\/park-lazienki-krolewski-a-angelika-markul\/","title":{"rendered":"Park \u0141azienki Kr\u00f3lewskie a Angelika Markul"},"content":{"rendered":"<p><a class=\"ngg-fancybox\" title=\" \" href=\"\/\/www.infopoint.cz\/polsko\/wp-content\/uploads\/sites\/22\/nggallery\/park-lazienki-rolewskie-a-angelika-markul\/m010.jpg\" rel=\"\" data-image-id=\"317\" data-src=\"\/\/www.infopoint.cz\/polsko\/wp-content\/uploads\/sites\/22\/nggallery\/park-lazienki-rolewskie-a-angelika-markul\/m010.jpg\" data-thumbnail=\"\/\/www.infopoint.cz\/polsko\/wp-content\/uploads\/sites\/22\/nggallery\/park-lazienki-rolewskie-a-angelika-markul\/thumbs\/thumbs_m010.jpg\" data-title=\"Stara Oran\u017ceria\" data-description=\" \"><img decoding=\"async\" class=\"ngg-singlepic ngg-left alignleft\" src=\"\/\/www.infopoint.cz\/polsko\/wp-content\/uploads\/sites\/22\/nggallery\/park-lazienki-rolewskie-a-angelika-markul\/thumbs\/thumbs_m010.jpg\" alt=\"Stara Oran\u017ceria\"><\/a>V parku<strong> <a href=\"\/\/www.lazienki-krolewskie.pl\/en?langset=true\">\u0141azienki Kr\u00f3lewskie<\/a><\/strong> jsme se \u0161li pod\u00edvat do&nbsp;<a href=\"\/\/www.lazienki-krolewskie.pl\/pl\/architektura\/teatr-krolewski-i-stara-oranzeria\"><strong>Stara Oran\u017ceria<\/strong><\/a> kde se nach\u00e1z\u00ed i <a href=\"\/\/www.lazienki-krolewskie.pl\/pl\/architektura\/teatr-krolewski-i-stara-oranzeria\"><strong>Teatr Kr\u00f3lewski.<\/strong><\/a> N\u00e1sledovala prohl\u00eddka starod\u00e1vn\u00e9 <a href=\"\/\/www.ogrod.uw.edu.pl\/aktualnosci\/aktualnosci_eng.htm\">botanick\u00e9 zahrady<\/a>, kter\u00e1 byla hned vedle. V\u0161echno hezky kvetlo a n\u00e1dhern\u011b von\u011blo. Prost\u011b r\u00e1j pro alergiky&#8230;<a class=\"ngg-fancybox\" title=\" \" href=\"\/\/www.infopoint.cz\/polsko\/wp-content\/uploads\/sites\/22\/nggallery\/park-lazienki-rolewskie-a-angelika-markul\/m016.jpg\" rel=\"\" data-image-id=\"323\" data-src=\"\/\/www.infopoint.cz\/polsko\/wp-content\/uploads\/sites\/22\/nggallery\/park-lazienki-rolewskie-a-angelika-markul\/m016.jpg\" data-thumbnail=\"\/\/www.infopoint.cz\/polsko\/wp-content\/uploads\/sites\/22\/nggallery\/park-lazienki-rolewskie-a-angelika-markul\/thumbs\/thumbs_m016.jpg\" data-title=\"Ogr\u00f3d Botaniczny\" data-description=\" \"><img decoding=\"async\" class=\"ngg-singlepic ngg-right alignright\" src=\"\/\/www.infopoint.cz\/polsko\/wp-content\/uploads\/sites\/22\/nggallery\/park-lazienki-rolewskie-a-angelika-markul\/thumbs\/thumbs_m016.jpg\" alt=\"Ogr\u00f3d Botaniczny\"><\/a><\/p>\n<p>Potom p\u0159esn\u011b ve 12 hodin v Centrum Sztuki Wsp\u00f3\u0142czesnej Zamek Ujazdowski, se otev\u00edrala audiovizualn\u00ed v\u00fdstava Angeliky Markul<strong>, <\/strong>inspirovan\u00e1 archeologick\u00fdmi n\u00e1lezy v Mexiku, Chile a Okinav\u011b <a href=\"\/\/www.csw.art.pl\/index.php?action=aktualnosci&amp;s2=1&amp;id=1381&amp;lang=\" target=\"_blank\" rel=\"noopener\"><em><strong>To, co stracone, jest na pocz\u0105tku.<\/strong><\/em><\/a><\/p>\n<p>Tady jsme zhl\u00e9dli na ob\u0159\u00edch pl\u00e1tnech \u010di expozic\u00edch um\u011blcova videa nebo p\u0159edstavy, ozvu\u010den\u00e9 naturalistick\u00fdmi, m\u00edsty a\u017e&nbsp;depresivn\u00edmi zvuky pliv\u00e1n\u00ed. Byl to opravdu z\u00e1\u017eitek. Chu\u0165 jsem si spravil a\u017e v restauraci p\u0159ed z\u00e1mkem.<\/p>\n<p><iframe loading=\"lazy\" src=\"https:\/\/player.vimeo.com\/video\/159514627?portrait=0\" allowfullscreen=\"allowfullscreen\" width=\"600\" height=\"381\" frameborder=\"0\"><\/iframe><\/p>\n<p><a href=\"\/\/www.infopoint.cz\/polsko\/fotogalerie\/rok-2016\/\">M\u016f\u017eete se tak\u00e9 pod\u00edvat na ostatn\u00ed fotografie.<\/a><\/p>\n","protected":false},"excerpt":{"rendered":"<p>V parku \u0141azienki Kr\u00f3lewskie jsme se \u0161li pod\u00edvat do&nbsp;Stara Oran\u017ceria kde se nach\u00e1z\u00ed i Teatr Kr\u00f3lewski. N\u00e1sledovala prohl\u00eddka starod\u00e1vn\u00e9 botanick\u00e9 zahrady, kter\u00e1 byla hned vedle. V\u0161echno hezky kvetlo a n\u00e1dhern\u011b von\u011blo. Prost\u011b r\u00e1j pro alergiky&#8230; Potom p\u0159esn\u011b ve 12 hodin v Centrum Sztuki Wsp\u00f3\u0142czesnej Zamek Ujazdowski, se otev\u00edrala audiovizualn\u00ed v\u00fdstava Angeliky Markul, inspirovan\u00e1 archeologick\u00fdmi n\u00e1lezy [&hellip;]<\/p>\n","protected":false},"author":2,"featured_media":4304,"comment_status":"open","ping_status":"closed","sticky":false,"template":"","format":"standard","meta":{"ngg_post_thumbnail":0,"footnotes":""},"categories":[2],"tags":[],"class_list":["post-1281","post","type-post","status-publish","format-standard","has-post-thumbnail","hentry","category-kulturni-ctvrtky"],"_links":{"self":[{"href":"https:\/\/www.infopoint.cz\/polsko\/wp-json\/wp\/v2\/posts\/1281","targetHints":{"allow":["GET"]}}],"collection":[{"href":"https:\/\/www.infopoint.cz\/polsko\/wp-json\/wp\/v2\/posts"}],"about":[{"href":"https:\/\/www.infopoint.cz\/polsko\/wp-json\/wp\/v2\/types\/post"}],"author":[{"embeddable":true,"href":"https:\/\/www.infopoint.cz\/polsko\/wp-json\/wp\/v2\/users\/2"}],"replies":[{"embeddable":true,"href":"https:\/\/www.infopoint.cz\/polsko\/wp-json\/wp\/v2\/comments?post=1281"}],"version-history":[{"count":21,"href":"https:\/\/www.infopoint.cz\/polsko\/wp-json\/wp\/v2\/posts\/1281\/revisions"}],"predecessor-version":[{"id":5100,"href":"https:\/\/www.infopoint.cz\/polsko\/wp-json\/wp\/v2\/posts\/1281\/revisions\/5100"}],"wp:featuredmedia":[{"embeddable":true,"href":"https:\/\/www.infopoint.cz\/polsko\/wp-json\/wp\/v2\/media\/4304"}],"wp:attachment":[{"href":"https:\/\/www.infopoint.cz\/polsko\/wp-json\/wp\/v2\/media?parent=1281"}],"wp:term":[{"taxonomy":"category","embeddable":true,"href":"https:\/\/www.infopoint.cz\/polsko\/wp-json\/wp\/v2\/categories?post=1281"},{"taxonomy":"post_tag","embeddable":true,"href":"https:\/\/www.infopoint.cz\/polsko\/wp-json\/wp\/v2\/tags?post=1281"}],"curies":[{"name":"wp","href":"https:\/\/api.w.org\/{rel}","templated":true}]}}