{"id":1645,"date":"2016-05-20T11:31:41","date_gmt":"2016-05-20T09:31:41","guid":{"rendered":"http:\/\/www.infopoint.cz\/polsko\/?p=1645"},"modified":"2017-12-01T18:52:59","modified_gmt":"2017-12-01T17:52:59","slug":"fotografie-expatek-borysowski-a-zacheta","status":"publish","type":"post","link":"https:\/\/www.infopoint.cz\/polsko\/fotografie-expatek-borysowski-a-zacheta\/","title":{"rendered":"Fotografie expatek, Borysowski a Zacheta"},"content":{"rendered":"<p><a class=\"ngg-fancybox\" title=\" \" href=\"\/\/www.infopoint.cz\/polsko\/wp-content\/uploads\/sites\/22\/nggallery\/Fotografie-expatek%2C-Borysowski-a-Zacheta\/m003.jpg\" rel=\"\" data-image-id=\"394\" data-src=\"\/\/www.infopoint.cz\/polsko\/wp-content\/uploads\/sites\/22\/nggallery\/Fotografie-expatek%2C-Borysowski-a-Zacheta\/m003.jpg\" data-thumbnail=\"\/\/www.infopoint.cz\/polsko\/wp-content\/uploads\/sites\/22\/nggallery\/Fotografie-expatek%2C-Borysowski-a-Zacheta\/thumbs\/thumbs_m003.jpg\" data-title=\"m003\" data-description=\" \"><img decoding=\"async\" class=\"ngg-singlepic ngg-left alignleft\" src=\"\/\/www.infopoint.cz\/polsko\/wp-content\/uploads\/sites\/22\/nggallery\/Fotografie-expatek%2C-Borysowski-a-Zacheta\/thumbs\/thumbs_m003.jpg\" alt=\"m003\"><\/a>Po\u010das\u00ed n\u00e1m tento t\u00fdden moc nep\u0159\u00e1lo, tak\u017ee sl\u00edben\u00e1 pozn\u00e1vac\u00ed vyj\u00ed\u017e\u010fka na kole se neuskute\u010dnila. M\u00edsto toho jsme byli v galeri\u00ed. Prvn\u00ed v\u00fdstava se odehr\u00e1vala v Malinov\u00e9m sal\u00f3nku hotelu Bristol, kde expatky p\u0159edstavily sv\u00e9 fotografie tak, jak vid\u00ed Polsko. Druh\u00e1 v\u00fdstava byla naproti Bristolu, v&nbsp;mali\u010dk\u00e9 galerii &#8222;<a href=\"\/\/www.kordegarda.org\/artykuly\/138547-georg-borysowski.html\" target=\"_blank\" rel=\"noopener\">Kordegarda&#8220;<\/a>, kde vystavuje sv\u00e9 sn\u00edmky polsk\u00fd fotograf ze Lvova <b>Georg Borysowski.<a class=\"ngg-fancybox\" title=\" \" href=\"\/\/www.infopoint.cz\/polsko\/wp-content\/uploads\/sites\/22\/nggallery\/Fotografie-expatek%2C-Borysowski-a-Zacheta\/m022.jpg\" rel=\"\" data-image-id=\"408\" data-src=\"\/\/www.infopoint.cz\/polsko\/wp-content\/uploads\/sites\/22\/nggallery\/Fotografie-expatek%2C-Borysowski-a-Zacheta\/m022.jpg\" data-thumbnail=\"\/\/www.infopoint.cz\/polsko\/wp-content\/uploads\/sites\/22\/nggallery\/Fotografie-expatek%2C-Borysowski-a-Zacheta\/thumbs\/thumbs_m022.jpg\" data-title=\"m022\" data-description=\" \"><img decoding=\"async\" class=\"ngg-singlepic ngg-right alignright\" src=\"\/\/www.infopoint.cz\/polsko\/wp-content\/uploads\/sites\/22\/nggallery\/Fotografie-expatek%2C-Borysowski-a-Zacheta\/thumbs\/thumbs_m022.jpg\" alt=\"m022\"><\/a><\/b><\/p>\n<p>Potom lehk\u00e9 posiln\u011bn\u00ed v restauraci p\u0159ed Zachetou a honem na dal\u0161\u00ed v\u00fdstavu do Zachety. Zde bylo k vid\u011bn\u00ed &#8222;<strong><a href=\"\/\/zacheta.art.pl\/pl\/wystawy\/podroznicy?filters=eyJhY3RpdmUiOjEsInR5cGUiOiJleGhpYml0aW9uIiwiZGF0ZV9mcm9tIjp7InZhbHVlIjoiMjAxNi0wNS0xNyIsIm9wZXJhdG9yIjoiPD0ifSwiZGF0ZV90byI6eyJ2YWx1ZSI6IjIwMTYtMDUtMTciLCJvcGVyYXRvciI6Ij49In0sIm9yZGVyIjoiZGF0ZV9mcm9tIERFU0MifQ%3D%3D\">Podr\u00f3\u017cnicy&#8220;<\/a> &#8211; <\/strong><a href=\"https:\/\/drive.google.com\/file\/d\/1Jx7KTCRTBeD4KWM2F5AgVtTsjCL9l5_f\/view?usp=sharing\">poutav\u00e9 video <\/a>a retrospektivn\u00ed v\u00fdstava &#8222;<a href=\"\/\/zacheta.art.pl\/pl\/wystawy\/teresa-murak-1?filters=eyJhY3RpdmUiOjEsInR5cGUiOiJleGhpYml0aW9uIiwiZGF0ZV9mcm9tIjp7InZhbHVlIjoiMjAxNi0wNS0xNyIsIm9wZXJhdG9yIjoiPD0ifSwiZGF0ZV90byI6eyJ2YWx1ZSI6IjIwMTYtMDUtMTciLCJvcGVyYXRvciI6Ij49In0sIm9yZGVyIjoiZGF0ZV9mcm9tIERFU0MifQ%3D%3D\"><strong class=\"exhibition-name\">Teresy Kazimiery Murak-Rembieli\u0144ske<\/strong><\/a><strong>&#8222;. <\/strong>Ob\u011bd prob\u011bhl v <a href=\"\/\/www.infopoint.cz\/polsko\/lokal-14\/\">Lokale14<\/a>.<\/p>\n<p><a href=\"\/\/www.infopoint.cz\/polsko\/fotogalerie\/rok-2016\/\">M\u016f\u017eete se tak\u00e9 pod\u00edvat na ostatn\u00ed fotografie.<\/a><\/p>\n","protected":false},"excerpt":{"rendered":"<p>Po\u010das\u00ed n\u00e1m tento t\u00fdden moc nep\u0159\u00e1lo, tak\u017ee sl\u00edben\u00e1 pozn\u00e1vac\u00ed vyj\u00ed\u017e\u010fka na kole se neuskute\u010dnila. M\u00edsto toho jsme byli v galeri\u00ed. Prvn\u00ed v\u00fdstava se odehr\u00e1vala v Malinov\u00e9m sal\u00f3nku hotelu Bristol, kde expatky p\u0159edstavily sv\u00e9 fotografie tak, jak vid\u00ed Polsko. Druh\u00e1 v\u00fdstava byla naproti Bristolu, v&nbsp;mali\u010dk\u00e9 galerii &#8222;Kordegarda&#8220;, kde vystavuje sv\u00e9 sn\u00edmky polsk\u00fd fotograf ze Lvova Georg [&hellip;]<\/p>\n","protected":false},"author":2,"featured_media":0,"comment_status":"open","ping_status":"closed","sticky":false,"template":"","format":"standard","meta":{"ngg_post_thumbnail":0,"footnotes":""},"categories":[2],"tags":[],"class_list":["post-1645","post","type-post","status-publish","format-standard","hentry","category-kulturni-ctvrtky"],"_links":{"self":[{"href":"https:\/\/www.infopoint.cz\/polsko\/wp-json\/wp\/v2\/posts\/1645","targetHints":{"allow":["GET"]}}],"collection":[{"href":"https:\/\/www.infopoint.cz\/polsko\/wp-json\/wp\/v2\/posts"}],"about":[{"href":"https:\/\/www.infopoint.cz\/polsko\/wp-json\/wp\/v2\/types\/post"}],"author":[{"embeddable":true,"href":"https:\/\/www.infopoint.cz\/polsko\/wp-json\/wp\/v2\/users\/2"}],"replies":[{"embeddable":true,"href":"https:\/\/www.infopoint.cz\/polsko\/wp-json\/wp\/v2\/comments?post=1645"}],"version-history":[{"count":11,"href":"https:\/\/www.infopoint.cz\/polsko\/wp-json\/wp\/v2\/posts\/1645\/revisions"}],"predecessor-version":[{"id":4323,"href":"https:\/\/www.infopoint.cz\/polsko\/wp-json\/wp\/v2\/posts\/1645\/revisions\/4323"}],"wp:attachment":[{"href":"https:\/\/www.infopoint.cz\/polsko\/wp-json\/wp\/v2\/media?parent=1645"}],"wp:term":[{"taxonomy":"category","embeddable":true,"href":"https:\/\/www.infopoint.cz\/polsko\/wp-json\/wp\/v2\/categories?post=1645"},{"taxonomy":"post_tag","embeddable":true,"href":"https:\/\/www.infopoint.cz\/polsko\/wp-json\/wp\/v2\/tags?post=1645"}],"curies":[{"name":"wp","href":"https:\/\/api.w.org\/{rel}","templated":true}]}}