{"id":1711,"date":"2016-06-06T15:20:11","date_gmt":"2016-06-06T13:20:11","guid":{"rendered":"http:\/\/www.infopoint.cz\/polsko\/?p=1711"},"modified":"2016-06-08T10:15:45","modified_gmt":"2016-06-08T08:15:45","slug":"mezinarodni-den-v-britske-skole","status":"publish","type":"post","link":"https:\/\/www.infopoint.cz\/polsko\/mezinarodni-den-v-britske-skole\/","title":{"rendered":"Mezin\u00e1rodn\u00ed den v Britsk\u00e9 \u0161kole"},"content":{"rendered":"<p><span lang=\"sk-SK\"><a class=\"ngg-fancybox\" title=\" \" href=\"\/\/www.infopoint.cz\/polsko\/wp-content\/uploads\/sites\/22\/nggallery\/Mezin%C3%A1rodn%C3%AD-den-v-Britsk%C3%A9-%C5%A1kole\/20160604_110018_.jpg\" rel=\"\" data-image-id=\"413\" data-src=\"\/\/www.infopoint.cz\/polsko\/wp-content\/uploads\/sites\/22\/nggallery\/Mezin%C3%A1rodn%C3%AD-den-v-Britsk%C3%A9-%C5%A1kole\/20160604_110018_.jpg\" data-thumbnail=\"\/\/www.infopoint.cz\/polsko\/wp-content\/uploads\/sites\/22\/nggallery\/Mezin%C3%A1rodn%C3%AD-den-v-Britsk%C3%A9-%C5%A1kole\/thumbs\/thumbs_20160604_110018_.jpg\" data-title=\"20160604_110018_\" data-description=\" \"><img decoding=\"async\" class=\"ngg-singlepic ngg-left alignleft\" src=\"\/\/www.infopoint.cz\/polsko\/wp-content\/uploads\/sites\/22\/nggallery\/Mezin%C3%A1rodn%C3%AD-den-v-Britsk%C3%A9-%C5%A1kole\/thumbs\/thumbs_20160604_110018_.jpg\" alt=\"20160604_110018_\" \/><\/a>V\u00e1\u017een<\/span><span lang=\"cs-CZ\">\u00e9<\/span><span lang=\"sk-SK\"> p\u0159\u00edtelkyn\u011b <\/span><span lang=\"cs-CZ\">a <\/span><span lang=\"sk-SK\">p\u0159\u00e1tel\u00e9,<\/span><\/p>\n<p><span lang=\"sk-SK\">T\u00edmto srde\u010dn\u00e9 d\u011bkuji v\u0161em z\u00fa<\/span><span lang=\"cs-CZ\">\u010dastn\u011bn\u00fdm a spolupracovn\u00edk\u016fm za \u00fasp\u011b\u0161nou spolupr\u00e1ci p\u0159i p\u0159\u00edprav\u011b a proveden\u00ed t\u00e9to reprezenta\u010dn\u00ed akci. Akce to byla poveden\u00e1, vinea a kofola tekly proudem, pedra, lipa i ha\u0161lerky rychle mizely, n\u00e1v\u0161t\u011bvn\u00edci si pochutn\u00e1vali na \u0161tr\u016fdlu a drobenkov\u00e9m kol\u00e1\u010di a n\u011bkte\u0159\u00ed se dokonce tak hodn\u011b do\u017eadovali lentilek, \u017ee musely b\u00fdt nakonec \u2013 samoz\u0159ejm\u011b s n\u00e1le\u017eit\u00fdm upozorn\u011bn\u00edm pro alergiky &#8211; vylo\u017een\u00e9. <\/span><\/p>\n<p><span lang=\"cs-CZ\">Maminky hol\u010di\u010dek v b\u00edl\u00fdch \u0161ati\u010dk\u00e1ch, i kdy\u017e zapatlan\u00fdch z na\u0161eho um\u011bleck\u00e9ho koutku, odch\u00e1zely spokojen\u00e9 s \u00falovkem <a class=\"ngg-fancybox\" title=\" \" href=\"\/\/www.infopoint.cz\/polsko\/wp-content\/uploads\/sites\/22\/nggallery\/Mezin%C3%A1rodn%C3%AD-den-v-Britsk%C3%A9-%C5%A1kole\/20160604_110049_.jpg\" rel=\"\" data-image-id=\"414\" data-src=\"\/\/www.infopoint.cz\/polsko\/wp-content\/uploads\/sites\/22\/nggallery\/Mezin%C3%A1rodn%C3%AD-den-v-Britsk%C3%A9-%C5%A1kole\/20160604_110049_.jpg\" data-thumbnail=\"\/\/www.infopoint.cz\/polsko\/wp-content\/uploads\/sites\/22\/nggallery\/Mezin%C3%A1rodn%C3%AD-den-v-Britsk%C3%A9-%C5%A1kole\/thumbs\/thumbs_20160604_110049_.jpg\" data-title=\"20160604_110049_\" data-description=\" \"><img decoding=\"async\" class=\"ngg-singlepic ngg-right alignright\" src=\"\/\/www.infopoint.cz\/polsko\/wp-content\/uploads\/sites\/22\/nggallery\/Mezin%C3%A1rodn%C3%AD-den-v-Britsk%C3%A9-%C5%A1kole\/thumbs\/thumbs_20160604_110049_.jpg\" alt=\"20160604_110049_\" \/><\/a>um\u011bleck\u00fdch v\u00fdtvor\u016f sv\u00fdch ratolest\u00ed. Ur\u010dit\u011b te\u010f nad\u0161en\u011b zdob\u00ed ob\u00fdv\u00e1ky bramborou poti\u0161t\u011bn\u00fdmi pap\u00edrov\u00fdmi tal\u00ed\u0159ky. Krte\u010dek taky zaujal, a to hlavn\u011b na\u0161e vlastn\u00ed d\u00edtka, kter\u00e9 jsme museli odtrh\u00e1vat od miniaturn\u00ed obrazovky a pos\u00edlat za nad\u0161en\u00fdm pozn\u00e1v\u00e1n\u00edm kutury ostatn\u00edch vystavovatel\u016f. Pou\u017eit\u00edm map pro Ve\u010dern\u00ed\u010dkovu \u010depici se n\u00e1m povedlo infiltrovat rodiny nejednoho cizozemce. Kolikpak \u010d\u00ednsk\u00fdch turist\u016f letos nav\u0161t\u00edv\u00ed \u010desk\u00e9 a moravsk\u00e9 zem\u011b d\u00edky t\u00e9to geni\u00e1ln\u00ed taktice?<\/span><\/p>\n<p><span lang=\"cs-CZ\">Na\u0161e \u00fa\u010dast na t\u00e9to akci nadn\u00e1rodn\u00edho rozm\u011bru byla vele\u00fasp\u011b\u0161n\u00e1. N\u00e1v\u0161t\u011bvn\u00edk\u016f bylo <a class=\"ngg-fancybox\" title=\" \" href=\"\/\/www.infopoint.cz\/polsko\/wp-content\/uploads\/sites\/22\/nggallery\/Mezin%C3%A1rodn%C3%AD-den-v-Britsk%C3%A9-%C5%A1kole\/20160604_111648_.jpg\" rel=\"\" data-image-id=\"416\" data-src=\"\/\/www.infopoint.cz\/polsko\/wp-content\/uploads\/sites\/22\/nggallery\/Mezin%C3%A1rodn%C3%AD-den-v-Britsk%C3%A9-%C5%A1kole\/20160604_111648_.jpg\" data-thumbnail=\"\/\/www.infopoint.cz\/polsko\/wp-content\/uploads\/sites\/22\/nggallery\/Mezin%C3%A1rodn%C3%AD-den-v-Britsk%C3%A9-%C5%A1kole\/thumbs\/thumbs_20160604_111648_.jpg\" data-title=\"20160604_111648_\" data-description=\" \"><img decoding=\"async\" class=\"ngg-singlepic ngg-left alignleft\" src=\"\/\/www.infopoint.cz\/polsko\/wp-content\/uploads\/sites\/22\/nggallery\/Mezin%C3%A1rodn%C3%AD-den-v-Britsk%C3%A9-%C5%A1kole\/thumbs\/thumbs_20160604_111648_.jpg\" alt=\"20160604_111648_\" \/><\/a>tak akor\u00e1t, vedro se dalo vydr\u017eet, spolupr\u00e1ce se slovenskou sekc\u00ed se taky povedla \u2013 stolky se neodtrh\u00e1valy, vlajky a tri\u010dka hezky spole\u010dn\u011b vl\u00e1ly a n\u00e1\u0161 spole\u010dn\u00fd megast\u00e1nek se v t\u011blocvi\u010dn\u011b kr\u00e1sn\u011b vyj\u00edmal.<\/span><\/p>\n<p><span lang=\"cs-CZ\">Maxi pod\u011bkov\u00e1n\u00ed pat\u0159\u00ed Margit\u011b, Dan\u011b a Ale\u0161ovi za poskytnut\u00ed v\u0161ech dobr\u016ftek pevn\u00e9ho i tekouc\u00edho typu a v\u011bnov\u00e1n\u00ed jednoho hezk\u00e9ho sobotn\u00edho dne. Speci\u00e1ln\u00ed medaile pat\u0159\u00ed Dan\u011b za ochranu \u00fazem\u00ed st\u00e1nku p\u0159ed po\u017eadavky soused\u00edc\u00edho st\u00e1nku, Margit\u011b za kreativn\u00ed veden\u00ed um\u011bleck\u00e9 sekce, Ale\u0161i za \u016f\u017easnou reprezentaci a zru\u010dn\u00e9 rozl\u00e9v\u00e1n\u00ed n\u00e1poj\u016f, Jan\u011b a Monice za poskytnut\u00ed speci\u00e1ln\u00edch materi\u00e1l\u016f.<\/span><\/p>\n<p><span lang=\"cs-CZ\">Tak kdopak p\u0159evezme \u0161tafetu vedouc\u00edho p\u0159\u00ed\u0161t\u00ed rok?<\/span><\/p>\n<p><span lang=\"cs-CZ\">S pozdravem,<br \/>\nElena<\/span><\/p>\n<p>PS \u0161\u00e9fredaktora: Tak\u00e9 bych r\u00e1d pod\u011bkoval sv\u00e9 \u017een\u011b a d\u011btem za jejich podporu na t\u00e9to akci.<\/p>\n","protected":false},"excerpt":{"rendered":"<p>V\u00e1\u017een\u00e9 p\u0159\u00edtelkyn\u011b a p\u0159\u00e1tel\u00e9, T\u00edmto srde\u010dn\u00e9 d\u011bkuji v\u0161em z\u00fa\u010dastn\u011bn\u00fdm a spolupracovn\u00edk\u016fm za \u00fasp\u011b\u0161nou spolupr\u00e1ci p\u0159i p\u0159\u00edprav\u011b a proveden\u00ed t\u00e9to reprezenta\u010dn\u00ed akci. Akce to byla poveden\u00e1, vinea a kofola tekly proudem, pedra, lipa i ha\u0161lerky rychle mizely, n\u00e1v\u0161t\u011bvn\u00edci si pochutn\u00e1vali na \u0161tr\u016fdlu a drobenkov\u00e9m kol\u00e1\u010di a n\u011bkte\u0159\u00ed se dokonce tak hodn\u011b do\u017eadovali lentilek, \u017ee musely b\u00fdt [&hellip;]<\/p>\n","protected":false},"author":2,"featured_media":0,"comment_status":"open","ping_status":"closed","sticky":false,"template":"","format":"standard","meta":{"ngg_post_thumbnail":0,"footnotes":""},"categories":[20],"tags":[],"class_list":["post-1711","post","type-post","status-publish","format-standard","hentry","category-tipy"],"_links":{"self":[{"href":"https:\/\/www.infopoint.cz\/polsko\/wp-json\/wp\/v2\/posts\/1711","targetHints":{"allow":["GET"]}}],"collection":[{"href":"https:\/\/www.infopoint.cz\/polsko\/wp-json\/wp\/v2\/posts"}],"about":[{"href":"https:\/\/www.infopoint.cz\/polsko\/wp-json\/wp\/v2\/types\/post"}],"author":[{"embeddable":true,"href":"https:\/\/www.infopoint.cz\/polsko\/wp-json\/wp\/v2\/users\/2"}],"replies":[{"embeddable":true,"href":"https:\/\/www.infopoint.cz\/polsko\/wp-json\/wp\/v2\/comments?post=1711"}],"version-history":[{"count":9,"href":"https:\/\/www.infopoint.cz\/polsko\/wp-json\/wp\/v2\/posts\/1711\/revisions"}],"predecessor-version":[{"id":1761,"href":"https:\/\/www.infopoint.cz\/polsko\/wp-json\/wp\/v2\/posts\/1711\/revisions\/1761"}],"wp:attachment":[{"href":"https:\/\/www.infopoint.cz\/polsko\/wp-json\/wp\/v2\/media?parent=1711"}],"wp:term":[{"taxonomy":"category","embeddable":true,"href":"https:\/\/www.infopoint.cz\/polsko\/wp-json\/wp\/v2\/categories?post=1711"},{"taxonomy":"post_tag","embeddable":true,"href":"https:\/\/www.infopoint.cz\/polsko\/wp-json\/wp\/v2\/tags?post=1711"}],"curies":[{"name":"wp","href":"https:\/\/api.w.org\/{rel}","templated":true}]}}