{"id":1725,"date":"2016-05-27T09:53:13","date_gmt":"2016-05-27T07:53:13","guid":{"rendered":"http:\/\/www.infopoint.cz\/polsko\/?p=1725"},"modified":"2016-06-07T10:09:07","modified_gmt":"2016-06-07T08:09:07","slug":"biobazar","status":"publish","type":"post","link":"https:\/\/www.infopoint.cz\/polsko\/biobazar\/","title":{"rendered":"BioBazar"},"content":{"rendered":"<p>Tento t\u00fdden n\u00e1m na \u010dtvrtek vy\u0161el polsk\u00fd st\u00e1tn\u00ed sv\u00e1tek. Rozhodli jsme se tedy alespo\u0148 pro st\u0159ede\u010dn\u00ed n\u00e1v\u0161t\u011bvu <a href=\"\/\/biobazar.org.pl\/\">BioBazaru<\/a>. I kdy\u017e nakonec v mal\u00e9m po\u010dtu, vyrazili jsme tentokr\u00e1t, vlastn\u011b \u00fapln\u011b poprv\u00e9, na spole\u010dn\u00e9 n\u00e1kupy.<\/p>\n<p>Ale nebyli bychom to my, abychom si nevybrali k n\u00e1v\u0161t\u011bv\u011b n\u011bco netradi\u010dn\u00edho (n\u00e1kup bot, svet\u0159\u00edk\u016f ani kabelek se nekonal).<\/p>\n<p><a class=\"ngg-fancybox\" title=\" \" href=\"\/\/www.infopoint.cz\/polsko\/wp-content\/uploads\/sites\/22\/nggallery\/BioBazar\/BioBazar-Norblin_.jpg\" rel=\"\" data-image-id=\"415\" data-src=\"\/\/www.infopoint.cz\/polsko\/wp-content\/uploads\/sites\/22\/nggallery\/BioBazar\/BioBazar-Norblin_.jpg\" data-thumbnail=\"\/\/www.infopoint.cz\/polsko\/wp-content\/uploads\/sites\/22\/nggallery\/BioBazar\/thumbs\/thumbs_BioBazar-Norblin_.jpg\" data-title=\"BioBazar Norblin_\" data-description=\" \"><img decoding=\"async\" class=\"ngg-singlepic ngg-left alignleft\" src=\"\/\/www.infopoint.cz\/polsko\/wp-content\/uploads\/sites\/22\/nggallery\/BioBazar\/thumbs\/thumbs_BioBazar-Norblin_.jpg\" alt=\"BioBazar Norblin\" \/><\/a>Prvn\u00edm mil\u00fdm p\u0159ekvapen\u00edm\u00a0 byla mo\u017enost bezprobl\u00e9mov\u00e9ho zaparkov\u00e1n\u00ed v zadn\u00ed \u010d\u00e1sti tr\u017ei\u0161t\u011b, co\u017e bylo vzhledem k mno\u017estv\u00ed zakoupen\u00fdch lah\u016fdek velmi praktick\u00e9. Cel\u00fd BioBazar je um\u00edst\u011bn v prostorech star\u00e9 tov\u00e1rny, co\u017e znamen\u00e1, \u017ee je v\u011bt\u0161ina st\u00e1nk\u016f v kryt\u00fdch hal\u00e1ch.<\/p>\n<p>Na tr\u017ei\u0161ti najdete \u0159adu st\u00e1nk\u016f se zeleninou, ovocem, s \u010derstv\u00fdmi bylinkami, masem, dom\u00e1c\u00edmi uzeninami, rybami, krevetami, ko\u0159en\u00edm, kosmetikou, pe\u010divem, ml\u00e9\u010dn\u00fdmi v\u00fdrobky a mnoho dal\u0161\u00edch.<\/p>\n<p>Ta\u0161ky, ko\u0161\u00edky i chladic\u00ed box jsme rychle naplnili a byl \u010das na malou sva\u010dinovou pauzu. V m\u00edstn\u00edm bistru jsme si vybrali k\u00e1vu, dom\u00e1c\u00ed limon\u00e1du,\u00a0 kokosov\u00fd bezml\u00e9\u010dn\u00fd dezert, jahodov\u00fd dort, bezlepkov\u00e9 brownies a slan\u00fd \u0161pen\u00e1tov\u00fd quiche. Usadili jsme se p\u011bkn\u011b venku, obklopeni truhl\u00edkovou bylinkovou zahr\u00e1dkou.<\/p>\n<p>Tak\u017ee a\u017e budete m\u00edt \u010das a nebudete v\u011bd\u011bt, co dobr\u00e9ho uva\u0159it k ve\u010de\u0159i, m\u016f\u017eete vyrazit a nechat se inspirovat BioBazarem ve Fabryce Norblina, \u017belazna 51\/53. Jenom pozor, trhy jsou moment\u00e1ln\u011b pouze ve st\u0159edu, v p\u00e1tek a v sobotu.<\/p>\n<p>Napsala a fotografovala: Margita<\/p>\n","protected":false},"excerpt":{"rendered":"<p>Tento t\u00fdden n\u00e1m na \u010dtvrtek vy\u0161el polsk\u00fd st\u00e1tn\u00ed sv\u00e1tek. Rozhodli jsme se tedy alespo\u0148 pro st\u0159ede\u010dn\u00ed n\u00e1v\u0161t\u011bvu BioBazaru. I kdy\u017e nakonec v mal\u00e9m po\u010dtu, vyrazili jsme tentokr\u00e1t, vlastn\u011b \u00fapln\u011b poprv\u00e9, na spole\u010dn\u00e9 n\u00e1kupy. Ale nebyli bychom to my, abychom si nevybrali k n\u00e1v\u0161t\u011bv\u011b n\u011bco netradi\u010dn\u00edho (n\u00e1kup bot, svet\u0159\u00edk\u016f ani kabelek se nekonal). Prvn\u00edm mil\u00fdm p\u0159ekvapen\u00edm\u00a0 [&hellip;]<\/p>\n","protected":false},"author":2,"featured_media":0,"comment_status":"open","ping_status":"closed","sticky":false,"template":"","format":"standard","meta":{"ngg_post_thumbnail":0,"footnotes":""},"categories":[2],"tags":[],"class_list":["post-1725","post","type-post","status-publish","format-standard","hentry","category-kulturni-ctvrtky"],"_links":{"self":[{"href":"https:\/\/www.infopoint.cz\/polsko\/wp-json\/wp\/v2\/posts\/1725","targetHints":{"allow":["GET"]}}],"collection":[{"href":"https:\/\/www.infopoint.cz\/polsko\/wp-json\/wp\/v2\/posts"}],"about":[{"href":"https:\/\/www.infopoint.cz\/polsko\/wp-json\/wp\/v2\/types\/post"}],"author":[{"embeddable":true,"href":"https:\/\/www.infopoint.cz\/polsko\/wp-json\/wp\/v2\/users\/2"}],"replies":[{"embeddable":true,"href":"https:\/\/www.infopoint.cz\/polsko\/wp-json\/wp\/v2\/comments?post=1725"}],"version-history":[{"count":7,"href":"https:\/\/www.infopoint.cz\/polsko\/wp-json\/wp\/v2\/posts\/1725\/revisions"}],"predecessor-version":[{"id":1736,"href":"https:\/\/www.infopoint.cz\/polsko\/wp-json\/wp\/v2\/posts\/1725\/revisions\/1736"}],"wp:attachment":[{"href":"https:\/\/www.infopoint.cz\/polsko\/wp-json\/wp\/v2\/media?parent=1725"}],"wp:term":[{"taxonomy":"category","embeddable":true,"href":"https:\/\/www.infopoint.cz\/polsko\/wp-json\/wp\/v2\/categories?post=1725"},{"taxonomy":"post_tag","embeddable":true,"href":"https:\/\/www.infopoint.cz\/polsko\/wp-json\/wp\/v2\/tags?post=1725"}],"curies":[{"name":"wp","href":"https:\/\/api.w.org\/{rel}","templated":true}]}}