{"id":1738,"date":"2016-06-07T10:45:11","date_gmt":"2016-06-07T08:45:11","guid":{"rendered":"http:\/\/www.infopoint.cz\/polsko\/?p=1738"},"modified":"2016-06-08T10:21:43","modified_gmt":"2016-06-08T08:21:43","slug":"leto-ve-varsave-pro-deti","status":"publish","type":"post","link":"https:\/\/www.infopoint.cz\/polsko\/leto-ve-varsave-pro-deti\/","title":{"rendered":"Leto ve Varsave pro deti"},"content":{"rendered":"<p>Vsechny Vas moc zdravim,<br \/>\nasi bude vetsina z Vas v lete mimo Polsko, ale pokud byste nahodou potrebovali, nize je par tipu na akce pro deti:<\/p>\n<p>Planeta Warszawa <a href=\"\/\/www.planetawarszawa.pl\/\" target=\"_blank\" rel=\"noreferrer\">\/\/www.planetawarszawa.pl\/<\/a><br \/>\nP\u00f3\u0142kolonie OSIR <a href=\"\/\/polkolonie-warszawa.com\/polkolonie-w-warszawie\" target=\"_blank\" rel=\"noreferrer\">\/\/polkolonie-warszawa.<wbr \/>com\/polkolonie-w-warszawie<\/a><br \/>\nSplot Artystyczny <a href=\"\/\/www.splotartystyczny.pl\/portfolios\/polkolonie-w-splocie\/\" target=\"_blank\" rel=\"noreferrer\">\/\/www.splotartystyczny.<wbr \/>pl\/portfolios\/polkolonie-w-<wbr \/>splocie\/<\/a><br \/>\nAWF <a href=\"\/\/www.azsawf.com\/aktualnosci-113\/items\/zapraszamy-na-wakacyjne-polkolonie-2016.html\" target=\"_blank\" rel=\"noreferrer\">\/\/www.azsawf.com\/<wbr \/>aktualnosci-113\/items\/<wbr \/>zapraszamy-na-wakacyjne-<wbr \/>polkolonie-2016.html<\/a><br \/>\nPotwory <a href=\"\/\/potwory.com\/page\/lato\/wyjazdy\/przedszkola-narciarskie-ogolnie.php\" target=\"_blank\" rel=\"noreferrer\">\/\/potwory.com\/page\/lato\/<wbr \/>wyjazdy\/przedszkola-<wbr \/>narciarskie-ogolnie.php<\/a><br \/>\nGym generation <a href=\"\/\/www.gymgeneration.pl\/pl\/wco\/naszekolonie.html\" target=\"_blank\" rel=\"noreferrer\">\/\/www.gymgeneration.pl\/<wbr \/>pl\/wco\/naszekolonie.html<\/a><br \/>\nLato w mie\u015bcie <a href=\"\/\/edukacja.warszawa.pl\/dla-ucznia-i-rodzica\/lato_i_zima_w_miescie\" target=\"_blank\" rel=\"noreferrer\">\/\/edukacja.warszawa.pl\/<wbr \/>dla-ucznia-i-rodzica\/lato_i_<wbr \/>zima_w_miescie<\/a><br \/>\nP\u00f3\u0142kolonie wyszukiwarka <a href=\"\/\/polkolonie.pl\/\" target=\"_blank\" rel=\"noreferrer\">\/\/polkolonie.pl\/<\/a><\/p>\n<p>A pokud se Vam libi u nas v Sadybe, tak muzete behem tohoto vikendu 10. &#8211; 12. cervna navstivit nekterou z akci v ramci OTWARTE OGRODY, vice informaci na\u00a0 <a href=\"\/\/www.miasto-ogrod.sadyba.waw.pl\" target=\"_blank\" rel=\"noreferrer\">www.miasto-ogrod.sadyba.waw.pl<\/a><wbr \/>.<\/p>\n<p>Brzy na videnou!<br \/>\nM.<\/p>\n<p>&#8212;<\/p>\n<p>Lokalni festival <b><a href=\"\/\/www.miasto-ogrod.sadyba.waw.pl\/index.php?op=articles&amp;opa=display&amp;id=161\" target=\"_blank\">Otwarte Ogrody Sadyba 2016.<br \/>\n<\/a><\/b>Je to uz tento vikend. Byli jsme minuly rok a bylo to uzasne! Muzete si vybrat s 30ti\u00a0 vystav, koncertu a\u00a0 akci, namatkou vybiram nekolik sobotnich.<br \/>\n9:00-10:00 Power joga w\u015br\u00f3d zieleni v zahrade pani Darii Pawlewskiej, ul. Okr\u0119\u017cna 45<br \/>\n14:00-15:00 Koncert v zahrade p. Marii D\u0105browskiej, ul. Okr\u0119\u017cna 4<br \/>\n15:00-16:00 neco pro deti, malovani dlazebnich kostek, ze kterych se bude skladat mozaika na detskem hristi ul. Okr\u0119\u017cna 36<br \/>\n18:00-19:00, TANGO PARA TODOS &#8211;\u00a0\u00a0 ukazka argentinskeho tanga a lekce tance Skwer Starszych Pan\u00f3w<\/p>\n<p>Doplnila: Dana<\/p>\n","protected":false},"excerpt":{"rendered":"<p>Vsechny Vas moc zdravim, asi bude vetsina z Vas v lete mimo Polsko, ale pokud byste nahodou potrebovali, nize je par tipu na akce pro deti: Planeta Warszawa \/\/www.planetawarszawa.pl\/ P\u00f3\u0142kolonie OSIR \/\/polkolonie-warszawa.com\/polkolonie-w-warszawie Splot Artystyczny \/\/www.splotartystyczny.pl\/portfolios\/polkolonie-w-splocie\/ AWF \/\/www.azsawf.com\/aktualnosci-113\/items\/zapraszamy-na-wakacyjne-polkolonie-2016.html Potwory \/\/potwory.com\/page\/lato\/wyjazdy\/przedszkola-narciarskie-ogolnie.php Gym generation \/\/www.gymgeneration.pl\/pl\/wco\/naszekolonie.html Lato w mie\u015bcie \/\/edukacja.warszawa.pl\/dla-ucznia-i-rodzica\/lato_i_zima_w_miescie P\u00f3\u0142kolonie wyszukiwarka \/\/polkolonie.pl\/ A pokud se Vam libi u [&hellip;]<\/p>\n","protected":false},"author":2,"featured_media":0,"comment_status":"open","ping_status":"closed","sticky":false,"template":"","format":"standard","meta":{"ngg_post_thumbnail":0,"footnotes":""},"categories":[20],"tags":[],"class_list":["post-1738","post","type-post","status-publish","format-standard","hentry","category-tipy"],"_links":{"self":[{"href":"https:\/\/www.infopoint.cz\/polsko\/wp-json\/wp\/v2\/posts\/1738","targetHints":{"allow":["GET"]}}],"collection":[{"href":"https:\/\/www.infopoint.cz\/polsko\/wp-json\/wp\/v2\/posts"}],"about":[{"href":"https:\/\/www.infopoint.cz\/polsko\/wp-json\/wp\/v2\/types\/post"}],"author":[{"embeddable":true,"href":"https:\/\/www.infopoint.cz\/polsko\/wp-json\/wp\/v2\/users\/2"}],"replies":[{"embeddable":true,"href":"https:\/\/www.infopoint.cz\/polsko\/wp-json\/wp\/v2\/comments?post=1738"}],"version-history":[{"count":4,"href":"https:\/\/www.infopoint.cz\/polsko\/wp-json\/wp\/v2\/posts\/1738\/revisions"}],"predecessor-version":[{"id":1764,"href":"https:\/\/www.infopoint.cz\/polsko\/wp-json\/wp\/v2\/posts\/1738\/revisions\/1764"}],"wp:attachment":[{"href":"https:\/\/www.infopoint.cz\/polsko\/wp-json\/wp\/v2\/media?parent=1738"}],"wp:term":[{"taxonomy":"category","embeddable":true,"href":"https:\/\/www.infopoint.cz\/polsko\/wp-json\/wp\/v2\/categories?post=1738"},{"taxonomy":"post_tag","embeddable":true,"href":"https:\/\/www.infopoint.cz\/polsko\/wp-json\/wp\/v2\/tags?post=1738"}],"curies":[{"name":"wp","href":"https:\/\/api.w.org\/{rel}","templated":true}]}}