{"id":1835,"date":"2016-06-20T10:51:13","date_gmt":"2016-06-20T08:51:13","guid":{"rendered":"http:\/\/www.infopoint.cz\/polsko\/?p=1835"},"modified":"2016-07-19T08:35:11","modified_gmt":"2016-07-19T06:35:11","slug":"kulturni-ctvrtek-tentokrat-s-paulem","status":"publish","type":"post","link":"https:\/\/www.infopoint.cz\/polsko\/kulturni-ctvrtek-tentokrat-s-paulem\/","title":{"rendered":"Kulturn\u00ed \u010dtvrtek, tentokr\u00e1t s Paulem"},"content":{"rendered":"<p><a class=\"ngg-fancybox\" title=\" \" href=\"\/\/www.infopoint.cz\/polsko\/wp-content\/uploads\/sites\/22\/nggallery\/Kulturn%C3%AD-%C4%8Dtvrtek%2C-tentokr%C3%A1t-s-Paulem\/20160616_190632_.jpg\" rel=\"\" data-image-id=\"445\" data-src=\"\/\/www.infopoint.cz\/polsko\/wp-content\/uploads\/sites\/22\/nggallery\/Kulturn%C3%AD-%C4%8Dtvrtek%2C-tentokr%C3%A1t-s-Paulem\/20160616_190632_.jpg\" data-thumbnail=\"\/\/www.infopoint.cz\/polsko\/wp-content\/uploads\/sites\/22\/nggallery\/Kulturn%C3%AD-%C4%8Dtvrtek%2C-tentokr%C3%A1t-s-Paulem\/thumbs\/thumbs_20160616_190632_.jpg\" data-title=\"20160616_190632_\" data-description=\" \"><img decoding=\"async\" class=\"ngg-singlepic ngg-left alignleft\" src=\"\/\/www.infopoint.cz\/polsko\/wp-content\/uploads\/sites\/22\/nggallery\/Kulturn%C3%AD-%C4%8Dtvrtek%2C-tentokr%C3%A1t-s-Paulem\/thumbs\/thumbs_20160616_190632_.jpg\" alt=\"20160616_190632_\" \/><\/a>Tento kulturn\u00ed \u010dtvrtek prob\u011bhl trochu netradi\u010dn\u011b. Nevyrazili jsme na n\u011bj ani autem ani na kole, ale letadlem. Konal se toti\u017e v Praze. V O2 ar\u00e9n\u011b vystupoval 16.6.2016 (zvl\u00e1\u0161tn\u00ed datum) slavn\u00fd ex Beatle Paul McCartney.<\/p>\n<p>Jeliko\u017e jsem jeho prvn\u00ed vystoupen\u00ed v roce 2004 prop\u00e1sla d\u00edky skoro ro\u010dn\u00ed K\u00e1je, od kter\u00e9<a class=\"ngg-fancybox\" title=\" \" href=\"\/\/www.infopoint.cz\/polsko\/wp-content\/uploads\/sites\/22\/nggallery\/Kulturn%C3%AD-%C4%8Dtvrtek%2C-tentokr%C3%A1t-s-Paulem\/vstupenka_.jpg\" rel=\"\" data-image-id=\"440\" data-src=\"\/\/www.infopoint.cz\/polsko\/wp-content\/uploads\/sites\/22\/nggallery\/Kulturn%C3%AD-%C4%8Dtvrtek%2C-tentokr%C3%A1t-s-Paulem\/vstupenka_.jpg\" data-thumbnail=\"\/\/www.infopoint.cz\/polsko\/wp-content\/uploads\/sites\/22\/nggallery\/Kulturn%C3%AD-%C4%8Dtvrtek%2C-tentokr%C3%A1t-s-Paulem\/thumbs\/thumbs_vstupenka_.jpg\" data-title=\"vstupenka_\" data-description=\" \"><img decoding=\"async\" class=\"ngg-singlepic ngg-right alignright\" src=\"\/\/www.infopoint.cz\/polsko\/wp-content\/uploads\/sites\/22\/nggallery\/Kulturn%C3%AD-%C4%8Dtvrtek%2C-tentokr%C3%A1t-s-Paulem\/thumbs\/thumbs_vstupenka_.jpg\" alt=\"vstupenka_\" \/><\/a> jsem se nemohla hnout na v\u00edc ne\u017e na hodinu, \u0159ekla jsem si, \u017ee tentokr\u00e1t si Sira McCartney nenech\u00e1m uj\u00edt. Po\u010d\u00e1tkem dubna jsem tud\u00ed\u017e zakoupila 4 l\u00edstky a 4 letenky.<\/p>\n<p>P\u0159i odletu n\u00e1m \u010cSA nachystaly spole\u010dn\u011b s polsk\u00fdm pozemn\u00edm person\u00e1lem p\u0159ekvapen\u00ed. Let byl p\u0159ebookov\u00e1n, z\u0159ejm\u011b d\u00edky zru\u0161en\u00e9mu n\u00e1sleduj\u00edc\u00edmu letu LOT, a my jsme byli <a class=\"ngg-fancybox\" title=\" \" href=\"\/\/www.infopoint.cz\/polsko\/wp-content\/uploads\/sites\/22\/nggallery\/Kulturn%C3%AD-%C4%8Dtvrtek%2C-tentokr%C3%A1t-s-Paulem\/20160616_190753_.jpg\" rel=\"\" data-image-id=\"443\" data-src=\"\/\/www.infopoint.cz\/polsko\/wp-content\/uploads\/sites\/22\/nggallery\/Kulturn%C3%AD-%C4%8Dtvrtek%2C-tentokr%C3%A1t-s-Paulem\/20160616_190753_.jpg\" data-thumbnail=\"\/\/www.infopoint.cz\/polsko\/wp-content\/uploads\/sites\/22\/nggallery\/Kulturn%C3%AD-%C4%8Dtvrtek%2C-tentokr%C3%A1t-s-Paulem\/thumbs\/thumbs_20160616_190753_.jpg\" data-title=\"20160616_190753_\" data-description=\" \"><img decoding=\"async\" class=\"ngg-singlepic ngg-left alignleft\" src=\"\/\/www.infopoint.cz\/polsko\/wp-content\/uploads\/sites\/22\/nggallery\/Kulturn%C3%AD-%C4%8Dtvrtek%2C-tentokr%C3%A1t-s-Paulem\/thumbs\/thumbs_20160616_190753_.jpg\" alt=\"20160616_190753_\" \/><\/a>syst\u00e9mem vybr\u00e1ni na \u010deka\u010dku. Sle\u010dna u p\u0159ep\u00e1\u017eky byla neoblomn\u00e1 a doporu\u010dila n\u00e1m v\u0161e vy\u0159e\u0161it a\u017e na gatu. Moje hul\u00e1k\u00e1n\u00ed v pol\u0161tin\u011b nakonec pomohlo a na gatu n\u00e1m p\u0159id\u011blili seda\u010dky. Ne v\u0161ichni cestuj\u00edc\u00ed m\u011bli takov\u00e9 \u0161t\u011bst\u00ed (nebo nasupenou polsky \u0159vouc\u00ed man\u017eelku).<\/p>\n<p>Ka\u017edop\u00e1dn\u011b let prob\u011bhl v pohod\u011b a na \u010das, tak\u017ee ve 20:00 jsme ji\u017e v Praze v O2 ar\u00e9n\u011b <a class=\"ngg-fancybox\" title=\" \" href=\"\/\/www.infopoint.cz\/polsko\/wp-content\/uploads\/sites\/22\/nggallery\/Kulturn%C3%AD-%C4%8Dtvrtek%2C-tentokr%C3%A1t-s-Paulem\/20160616_203227_.jpg\" rel=\"\" data-image-id=\"441\" data-src=\"\/\/www.infopoint.cz\/polsko\/wp-content\/uploads\/sites\/22\/nggallery\/Kulturn%C3%AD-%C4%8Dtvrtek%2C-tentokr%C3%A1t-s-Paulem\/20160616_203227_.jpg\" data-thumbnail=\"\/\/www.infopoint.cz\/polsko\/wp-content\/uploads\/sites\/22\/nggallery\/Kulturn%C3%AD-%C4%8Dtvrtek%2C-tentokr%C3%A1t-s-Paulem\/thumbs\/thumbs_20160616_203227_.jpg\" data-title=\"20160616_203227_\" data-description=\" \"><img decoding=\"async\" class=\"ngg-singlepic ngg-right alignright\" src=\"\/\/www.infopoint.cz\/polsko\/wp-content\/uploads\/sites\/22\/nggallery\/Kulturn%C3%AD-%C4%8Dtvrtek%2C-tentokr%C3%A1t-s-Paulem\/thumbs\/thumbs_20160616_203227_.jpg\" alt=\"20160616_203227_\" \/><\/a>netrp\u011bliv\u011b \u010dekali, a\u017e se na sc\u00e9n\u011b objev\u00ed Paul McCartney. Museli jsme si po\u010dkat a\u017e do 20:20, kdy to Paul a jeho doprovodn\u00e1 kapela rozjela hitem A Hard Days Night.<\/p>\n<p>N\u00e1sledovalo dal\u0161\u00edch 37 hit\u016f a\u0165 u\u017e z obdob\u00ed The Beatles, Wings nebo samostatn\u00e9ho. Nechyb\u011bla pocta Johnovi Lennonovi \u010di Georgi Harrisonovi. Paul st\u0159\u00eddal basovou, s\u00f3lovou \u010di akustickou kytaru, <a class=\"ngg-fancybox\" title=\" \" href=\"\/\/www.infopoint.cz\/polsko\/wp-content\/uploads\/sites\/22\/nggallery\/Kulturn%C3%AD-%C4%8Dtvrtek%2C-tentokr%C3%A1t-s-Paulem\/20160616_191747_.jpg\" rel=\"\" data-image-id=\"442\" data-src=\"\/\/www.infopoint.cz\/polsko\/wp-content\/uploads\/sites\/22\/nggallery\/Kulturn%C3%AD-%C4%8Dtvrtek%2C-tentokr%C3%A1t-s-Paulem\/20160616_191747_.jpg\" data-thumbnail=\"\/\/www.infopoint.cz\/polsko\/wp-content\/uploads\/sites\/22\/nggallery\/Kulturn%C3%AD-%C4%8Dtvrtek%2C-tentokr%C3%A1t-s-Paulem\/thumbs\/thumbs_20160616_191747_.jpg\" data-title=\"20160616_191747_\" data-description=\" \"><img decoding=\"async\" class=\"ngg-singlepic ngg-left alignleft\" src=\"\/\/www.infopoint.cz\/polsko\/wp-content\/uploads\/sites\/22\/nggallery\/Kulturn%C3%AD-%C4%8Dtvrtek%2C-tentokr%C3%A1t-s-Paulem\/thumbs\/thumbs_20160616_191747_.jpg\" alt=\"20160616_191747_\" \/><\/a>klav\u00edr klasick\u00fd a elektrick\u00fd. V\u00fdprava byla \u00fa\u017easn\u00e1 a efekty ohromuj\u00edc\u00ed.<\/p>\n<p>Zejm\u00e9na ty p\u0159i Live and let die byly p\u0159\u00edmo ohniv\u00e9! Paul t\u00e1hl skoro t\u0159\u00edhodinov\u00fd koncert bez pauzy, co\u017e je p\u0159i jeho v\u011bku, za dva dny po koncert\u011b slavil 74 let, \u00factyhodn\u00fd v\u00fdkon. J\u00e1 i Ale\u0161 jsme si koncert u\u017eili na maximum a na\u0161e d\u011bti svoji koncertn\u00ed premi\u00e9ru tak\u00e9. Co d\u00e1me p\u0159\u00ed\u0161t\u011b? No, po tomto koncertu m\u00e1m pocit, \u017ee u\u017e nic dal\u0161\u00edho nepot\u0159ebuji.<\/p>\n<p>Napsala: \u0160\u00e1rka<\/p>\n","protected":false},"excerpt":{"rendered":"<p>Tento kulturn\u00ed \u010dtvrtek prob\u011bhl trochu netradi\u010dn\u011b. Nevyrazili jsme na n\u011bj ani autem ani na kole, ale letadlem. Konal se toti\u017e v Praze. V O2 ar\u00e9n\u011b vystupoval 16.6.2016 (zvl\u00e1\u0161tn\u00ed datum) slavn\u00fd ex Beatle Paul McCartney. Jeliko\u017e jsem jeho prvn\u00ed vystoupen\u00ed v roce 2004 prop\u00e1sla d\u00edky skoro ro\u010dn\u00ed K\u00e1je, od kter\u00e9 jsem se nemohla hnout na v\u00edc [&hellip;]<\/p>\n","protected":false},"author":2,"featured_media":0,"comment_status":"open","ping_status":"closed","sticky":false,"template":"","format":"standard","meta":{"ngg_post_thumbnail":0,"footnotes":""},"categories":[2],"tags":[],"class_list":["post-1835","post","type-post","status-publish","format-standard","hentry","category-kulturni-ctvrtky"],"_links":{"self":[{"href":"https:\/\/www.infopoint.cz\/polsko\/wp-json\/wp\/v2\/posts\/1835","targetHints":{"allow":["GET"]}}],"collection":[{"href":"https:\/\/www.infopoint.cz\/polsko\/wp-json\/wp\/v2\/posts"}],"about":[{"href":"https:\/\/www.infopoint.cz\/polsko\/wp-json\/wp\/v2\/types\/post"}],"author":[{"embeddable":true,"href":"https:\/\/www.infopoint.cz\/polsko\/wp-json\/wp\/v2\/users\/2"}],"replies":[{"embeddable":true,"href":"https:\/\/www.infopoint.cz\/polsko\/wp-json\/wp\/v2\/comments?post=1835"}],"version-history":[{"count":9,"href":"https:\/\/www.infopoint.cz\/polsko\/wp-json\/wp\/v2\/posts\/1835\/revisions"}],"predecessor-version":[{"id":1872,"href":"https:\/\/www.infopoint.cz\/polsko\/wp-json\/wp\/v2\/posts\/1835\/revisions\/1872"}],"wp:attachment":[{"href":"https:\/\/www.infopoint.cz\/polsko\/wp-json\/wp\/v2\/media?parent=1835"}],"wp:term":[{"taxonomy":"category","embeddable":true,"href":"https:\/\/www.infopoint.cz\/polsko\/wp-json\/wp\/v2\/categories?post=1835"},{"taxonomy":"post_tag","embeddable":true,"href":"https:\/\/www.infopoint.cz\/polsko\/wp-json\/wp\/v2\/tags?post=1835"}],"curies":[{"name":"wp","href":"https:\/\/api.w.org\/{rel}","templated":true}]}}