{"id":1949,"date":"2016-09-17T14:54:29","date_gmt":"2016-09-17T12:54:29","guid":{"rendered":"http:\/\/www.infopoint.cz\/polsko\/?p=1949"},"modified":"2016-09-17T18:56:48","modified_gmt":"2016-09-17T16:56:48","slug":"nocny-market","status":"publish","type":"post","link":"https:\/\/www.infopoint.cz\/polsko\/nocny-market\/","title":{"rendered":"Nocny market"},"content":{"rendered":"<p><a class=\"ngg-fancybox\" title=\" \" href=\"\/\/www.infopoint.cz\/polsko\/wp-content\/uploads\/sites\/22\/nggallery\/nocny-market\/m005.jpg\" rel=\"\" data-image-id=\"464\" data-src=\"\/\/www.infopoint.cz\/polsko\/wp-content\/uploads\/sites\/22\/nggallery\/nocny-market\/m005.jpg\" data-thumbnail=\"\/\/www.infopoint.cz\/polsko\/wp-content\/uploads\/sites\/22\/nggallery\/nocny-market\/thumbs\/thumbs_m005.jpg\" data-title=\"m005\" data-description=\" \"><img decoding=\"async\" class=\"ngg-singlepic ngg-left alignleft\" src=\"\/\/www.infopoint.cz\/polsko\/wp-content\/uploads\/sites\/22\/nggallery\/nocny-market\/thumbs\/thumbs_m005.jpg\" alt=\"m005\" \/><\/a>V emailu od Hel\u010di byl odkaz na str\u00e1nky v<a href=\"\/\/cestovani.idnes.cz\/reportaz-z-varsavskeho-food-festivalu-dy4-\/kolem-sveta.aspx?c=A160905_121816_kolem-sveta_hig\"> idnes.cz<\/a>, kde byla pops\u00e1na zku\u0161enost &#8222;<em>night market<\/em>&#8220; ve Var\u0161av\u011b neboli polski &#8222;<em>Nocny market<\/em>&#8222;. My krajan\u00e9 \u017eij\u00edc\u00ed ve Var\u0161av\u011b a nev\u00edme o tom! Bylo to zoufal\u00e9, a tak jsem navrhl \u017een\u011b, \u017ee tam ur\u010dit\u011b mus\u00edme zaj\u00edt. Ide\u00e1ln\u00ed \u010das vy\u0161el na p\u00e1tek po \u010desk\u00e9 \u0161kole, proto\u017ee je to vhodn\u00e9 tak\u00e9 pro d\u011bti.<a class=\"ngg-fancybox\" title=\" \" href=\"\/\/www.infopoint.cz\/polsko\/wp-content\/uploads\/sites\/22\/nggallery\/nocny-market\/m003.jpg\" rel=\"\" data-image-id=\"466\" data-src=\"\/\/www.infopoint.cz\/polsko\/wp-content\/uploads\/sites\/22\/nggallery\/nocny-market\/m003.jpg\" data-thumbnail=\"\/\/www.infopoint.cz\/polsko\/wp-content\/uploads\/sites\/22\/nggallery\/nocny-market\/thumbs\/thumbs_m003.jpg\" data-title=\"m003\" data-description=\" \"><img decoding=\"async\" class=\"ngg-singlepic ngg-right alignright\" src=\"\/\/www.infopoint.cz\/polsko\/wp-content\/uploads\/sites\/22\/nggallery\/nocny-market\/thumbs\/thumbs_m003.jpg\" alt=\"m003\" \/><\/a><\/p>\n<p>Kdo \u010dl\u00e1nek je\u0161t\u011b ne\u010detl, je to trh na b\u00fdval\u00e9m hlavn\u00edm (vlakov\u00e9m) n\u00e1dra\u017e\u00ed, kde se prod\u00e1v\u00e1 j\u00eddlo z Asie &#8211; z Barmy, Vietnamu, Thajska. Tak\u00e9 je zde mo\u017enost ochutnat m\u00f3dn\u00ed to\u010den\u00e1 piva a dal\u0161\u00ed n\u00e1poje.<\/p>\n<p>Nechci to v\u016fbec srovn\u00e1vat s Prague Food festivalem, kter\u00fd je asi u n\u00e1s zn\u00e1m\u00fd. Str\u010dil by ho atmosf\u00e9rou a tak\u00e9 cenami \u00fapln\u011b do kapsy.<a class=\"ngg-fancybox\" title=\" \" href=\"\/\/www.infopoint.cz\/polsko\/wp-content\/uploads\/sites\/22\/nggallery\/nocny-market\/m006.jpg\" rel=\"\" data-image-id=\"463\" data-src=\"\/\/www.infopoint.cz\/polsko\/wp-content\/uploads\/sites\/22\/nggallery\/nocny-market\/m006.jpg\" data-thumbnail=\"\/\/www.infopoint.cz\/polsko\/wp-content\/uploads\/sites\/22\/nggallery\/nocny-market\/thumbs\/thumbs_m006.jpg\" data-title=\"m006\" data-description=\" \"><img decoding=\"async\" class=\"ngg-singlepic ngg-left alignleft\" src=\"\/\/www.infopoint.cz\/polsko\/wp-content\/uploads\/sites\/22\/nggallery\/nocny-market\/thumbs\/thumbs_m006.jpg\" alt=\"m006\" \/><\/a><\/p>\n<p>J\u00edt na trh ve\u010der, byla dobr\u00e1 volba. V\u0161ude plno sv\u011btel a p\u0159ijemn\u00e1 muzika dokreslovala fantastickou atmosf\u00e9ru trhu.<\/p>\n<p><strong>Kde to je?<\/strong> <a href=\"https:\/\/www.google.pl\/maps\/place\/Night+Market+-+DJ+and+Food+place\/@52.2253096,20.9829373,18z\/data=!4m13!1m7!3m6!1s0x471ecc9a0817f58f:0xdf8c3529eed5a8c4!2sTowarowa+3,+00-811+Warszawa!3b1!8m2!3d52.226164!4d20.987143!3m4!1s0x0:0xc1fa46180eae72ad!8m2!3d52.2253481!4d20.9824705?hl=cs\">Night Market &#8211; DJ and Food place, Kolejowa, 01-217 Warszawa<\/a><\/p>\n<p><strong>Kdy?<\/strong> od 17:00 do 01:00, ka\u017ed\u00fd v\u00edkend od za\u010d\u00e1tku \u010dervna a\u017e do p\u016flky \u0159\u00edjna<br \/>\nV ulici p\u0159ed vchodem je spousta m\u00edsta na zaparkov\u00e1n\u00ed auta nebo autobusu, pro v\u00edce \u00fa\u010dastn\u00edk\u016f z \u010cech.<\/p>\n","protected":false},"excerpt":{"rendered":"<p>V emailu od Hel\u010di byl odkaz na str\u00e1nky v idnes.cz, kde byla pops\u00e1na zku\u0161enost &#8222;night market&#8220; ve Var\u0161av\u011b neboli polski &#8222;Nocny market&#8222;. My krajan\u00e9 \u017eij\u00edc\u00ed ve Var\u0161av\u011b a nev\u00edme o tom! Bylo to zoufal\u00e9, a tak jsem navrhl \u017een\u011b, \u017ee tam ur\u010dit\u011b mus\u00edme zaj\u00edt. Ide\u00e1ln\u00ed \u010das vy\u0161el na p\u00e1tek po \u010desk\u00e9 \u0161kole, proto\u017ee je to [&hellip;]<\/p>\n","protected":false},"author":2,"featured_media":0,"comment_status":"open","ping_status":"closed","sticky":false,"template":"","format":"standard","meta":{"ngg_post_thumbnail":0,"footnotes":""},"categories":[4,20],"tags":[],"class_list":["post-1949","post","type-post","status-publish","format-standard","hentry","category-restaurace","category-tipy"],"_links":{"self":[{"href":"https:\/\/www.infopoint.cz\/polsko\/wp-json\/wp\/v2\/posts\/1949","targetHints":{"allow":["GET"]}}],"collection":[{"href":"https:\/\/www.infopoint.cz\/polsko\/wp-json\/wp\/v2\/posts"}],"about":[{"href":"https:\/\/www.infopoint.cz\/polsko\/wp-json\/wp\/v2\/types\/post"}],"author":[{"embeddable":true,"href":"https:\/\/www.infopoint.cz\/polsko\/wp-json\/wp\/v2\/users\/2"}],"replies":[{"embeddable":true,"href":"https:\/\/www.infopoint.cz\/polsko\/wp-json\/wp\/v2\/comments?post=1949"}],"version-history":[{"count":16,"href":"https:\/\/www.infopoint.cz\/polsko\/wp-json\/wp\/v2\/posts\/1949\/revisions"}],"predecessor-version":[{"id":1993,"href":"https:\/\/www.infopoint.cz\/polsko\/wp-json\/wp\/v2\/posts\/1949\/revisions\/1993"}],"wp:attachment":[{"href":"https:\/\/www.infopoint.cz\/polsko\/wp-json\/wp\/v2\/media?parent=1949"}],"wp:term":[{"taxonomy":"category","embeddable":true,"href":"https:\/\/www.infopoint.cz\/polsko\/wp-json\/wp\/v2\/categories?post=1949"},{"taxonomy":"post_tag","embeddable":true,"href":"https:\/\/www.infopoint.cz\/polsko\/wp-json\/wp\/v2\/tags?post=1949"}],"curies":[{"name":"wp","href":"https:\/\/api.w.org\/{rel}","templated":true}]}}