{"id":1995,"date":"2016-09-19T21:13:08","date_gmt":"2016-09-19T19:13:08","guid":{"rendered":"http:\/\/www.infopoint.cz\/polsko\/?p=1995"},"modified":"2016-09-19T21:56:39","modified_gmt":"2016-09-19T19:56:39","slug":"projizka-po-zoliborzi","status":"publish","type":"post","link":"https:\/\/www.infopoint.cz\/polsko\/projizka-po-zoliborzi\/","title":{"rendered":"Proj\u00ed\u017eka po \u017boliborzi"},"content":{"rendered":"<p><a class=\"ngg-fancybox\" title=\" \" href=\"\/\/www.infopoint.cz\/polsko\/wp-content\/uploads\/sites\/22\/nggallery\/projizka-po-zoliborzi\/m009.jpg\" rel=\"\" data-image-id=\"477\" data-src=\"\/\/www.infopoint.cz\/polsko\/wp-content\/uploads\/sites\/22\/nggallery\/projizka-po-zoliborzi\/m009.jpg\" data-thumbnail=\"\/\/www.infopoint.cz\/polsko\/wp-content\/uploads\/sites\/22\/nggallery\/projizka-po-zoliborzi\/thumbs\/thumbs_m009.jpg\" data-title=\"m009\" data-description=\" \"><img decoding=\"async\" class=\"ngg-singlepic ngg-left alignleft\" src=\"\/\/www.infopoint.cz\/polsko\/wp-content\/uploads\/sites\/22\/nggallery\/projizka-po-zoliborzi\/thumbs\/thumbs_m009.jpg\" alt=\"m009\" \/><\/a>Dana tentokr\u00e1t v\u00e1hala, co budeme ve \u010dtvrtek d\u011blat, kam se vyd\u00e1me. P\u016fvodn\u011b pl\u00e1novala j\u00edt do Muzea Katyn\u011b &#8211; no jo, ale to by byl dosti depresivn\u00ed program. A tak\u00e9 m\u00e1 b\u00fdt posledn\u00ed letn\u00ed t\u00fdden a vlastn\u011b by byla \u0161koda zav\u0159\u00edt se v muzeu&#8230;tak\u017ee navrhla projet se po \u017boliborzi. <a class=\"ngg-fancybox\" title=\" \" href=\"\/\/www.infopoint.cz\/polsko\/wp-content\/uploads\/sites\/22\/nggallery\/projizka-po-zoliborzi\/m003.jpg\" rel=\"\" data-image-id=\"471\" data-src=\"\/\/www.infopoint.cz\/polsko\/wp-content\/uploads\/sites\/22\/nggallery\/projizka-po-zoliborzi\/m003.jpg\" data-thumbnail=\"\/\/www.infopoint.cz\/polsko\/wp-content\/uploads\/sites\/22\/nggallery\/projizka-po-zoliborzi\/thumbs\/thumbs_m003.jpg\" data-title=\"m003\" data-description=\" \"><img decoding=\"async\" class=\"ngg-singlepic ngg-right alignright\" src=\"\/\/www.infopoint.cz\/polsko\/wp-content\/uploads\/sites\/22\/nggallery\/projizka-po-zoliborzi\/thumbs\/thumbs_m003.jpg\" alt=\"m003\" \/><\/a><\/p>\n<p>Auta jsme zaparkovali tam, kde minul\u00fd t\u00fdden. Vzali jsme si p\u016fj\u010dovac\u00ed kola a vyrazili na pozn\u00e1vac\u00ed cestu sm\u011br Cytadela, Plac Sloneczny, Centrum Sztuki Fort Sokolnickiego, park Stefana Zeromskiego, Plac Wilsona, Kostel Sw Stanislawa Kostki, Teatr Komedia a ob\u011bd v restauraci <strong><a href=\"\/\/www.zomato.com\/warszawa\/kot-ownia-%C5%BColiborz\" data-saferedirecturl=\"\/\/www.google.com\/url?hl=cs&amp;q=\/\/www.zomato.com\/warszawa\/kot-ownia-%25C5%25BColiborz&amp;source=gmail&amp;ust=1474398634935000&amp;usg=AFQjCNHld7YBOV-9zvMg_xtQJYlXcruXUA\">Kot\u0142ownia.<\/a><\/strong><\/p>\n<p><a class=\"ngg-fancybox\" title=\" \" href=\"\/\/www.infopoint.cz\/polsko\/wp-content\/uploads\/sites\/22\/nggallery\/projizka-po-zoliborzi\/trasa.png\" rel=\"\" data-image-id=\"487\" data-src=\"\/\/www.infopoint.cz\/polsko\/wp-content\/uploads\/sites\/22\/nggallery\/projizka-po-zoliborzi\/trasa.png\" data-thumbnail=\"\/\/www.infopoint.cz\/polsko\/wp-content\/uploads\/sites\/22\/nggallery\/projizka-po-zoliborzi\/thumbs\/thumbs_trasa.png\" data-title=\"trasa\" data-description=\" \"><img decoding=\"async\" class=\"ngg-singlepic ngg-left alignleft\" src=\"\/\/www.infopoint.cz\/polsko\/wp-content\/uploads\/sites\/22\/nggallery\/projizka-po-zoliborzi\/thumbs\/thumbs_trasa.png\" alt=\"trasa\" \/><\/a>Ale jak to v \u017eivot\u011b u\u017e chod\u00ed, i sebelep\u0161\u00ed pl\u00e1n se m\u016f\u017ee pokazit. V na\u0161em p\u0159\u00edpad\u011b jsme si trochu popletli restauraci a skon\u010dili jsme v chorvatsk\u00e9 restauraci <strong><a href=\"https:\/\/www.google.pl\/maps\/place\/Domagoj+-+restauracja\/@52.2685228,20.9804889,20z\/data=!4m13!1m7!3m6!1s0x471ecbec56f2818f:0x481e3db4257b3553!2sSuzina+8,+Warszawa!3b1!8m2!3d52.2684492!4d20.9806061!3m4!1s0x0:0x521a028faf9d67ff!8m2!3d52.2684754!4d20.980715?hl=cs\">Domagoj<\/a><\/strong>. Byla hned vedle a jej\u00ed terasa sousedila s terasou p\u016fvodn\u00ed restaurace. Pan\u00ed majitelka byla z po\u010dtu 8 hladovc\u016f z po\u010d\u00e1tku trochu vystra\u0161en\u00e1, ale nakonec to zvl\u00e1dla i s p\u0159estav\u011bn\u00edm terasy. Pan\u00ed Monika dostala nav\u00edc bonus ve form\u011b vysoce v\u00fd\u017eivn\u00e9ho proteinu. Asi ze sal\u00e1tu&#8230;<\/p>\n<p>&nbsp;<\/p>\n<p><a href=\"\/\/www.infopoint.cz\/polsko\/fotogalerie\/rok-2016\/\">M\u016f\u017eete se tak\u00e9 pod\u00edvat na ostatn\u00ed fotografie.<\/a><\/p>\n","protected":false},"excerpt":{"rendered":"<p>Dana tentokr\u00e1t v\u00e1hala, co budeme ve \u010dtvrtek d\u011blat, kam se vyd\u00e1me. P\u016fvodn\u011b pl\u00e1novala j\u00edt do Muzea Katyn\u011b &#8211; no jo, ale to by byl dosti depresivn\u00ed program. A tak\u00e9 m\u00e1 b\u00fdt posledn\u00ed letn\u00ed t\u00fdden a vlastn\u011b by byla \u0161koda zav\u0159\u00edt se v muzeu&#8230;tak\u017ee navrhla projet se po \u017boliborzi. Auta jsme zaparkovali tam, kde minul\u00fd t\u00fdden. [&hellip;]<\/p>\n","protected":false},"author":2,"featured_media":0,"comment_status":"open","ping_status":"closed","sticky":false,"template":"","format":"standard","meta":{"ngg_post_thumbnail":0,"footnotes":""},"categories":[2],"tags":[],"class_list":["post-1995","post","type-post","status-publish","format-standard","hentry","category-kulturni-ctvrtky"],"_links":{"self":[{"href":"https:\/\/www.infopoint.cz\/polsko\/wp-json\/wp\/v2\/posts\/1995","targetHints":{"allow":["GET"]}}],"collection":[{"href":"https:\/\/www.infopoint.cz\/polsko\/wp-json\/wp\/v2\/posts"}],"about":[{"href":"https:\/\/www.infopoint.cz\/polsko\/wp-json\/wp\/v2\/types\/post"}],"author":[{"embeddable":true,"href":"https:\/\/www.infopoint.cz\/polsko\/wp-json\/wp\/v2\/users\/2"}],"replies":[{"embeddable":true,"href":"https:\/\/www.infopoint.cz\/polsko\/wp-json\/wp\/v2\/comments?post=1995"}],"version-history":[{"count":8,"href":"https:\/\/www.infopoint.cz\/polsko\/wp-json\/wp\/v2\/posts\/1995\/revisions"}],"predecessor-version":[{"id":2043,"href":"https:\/\/www.infopoint.cz\/polsko\/wp-json\/wp\/v2\/posts\/1995\/revisions\/2043"}],"wp:attachment":[{"href":"https:\/\/www.infopoint.cz\/polsko\/wp-json\/wp\/v2\/media?parent=1995"}],"wp:term":[{"taxonomy":"category","embeddable":true,"href":"https:\/\/www.infopoint.cz\/polsko\/wp-json\/wp\/v2\/categories?post=1995"},{"taxonomy":"post_tag","embeddable":true,"href":"https:\/\/www.infopoint.cz\/polsko\/wp-json\/wp\/v2\/tags?post=1995"}],"curies":[{"name":"wp","href":"https:\/\/api.w.org\/{rel}","templated":true}]}}