{"id":2049,"date":"2016-09-23T09:27:04","date_gmt":"2016-09-23T07:27:04","guid":{"rendered":"http:\/\/www.infopoint.cz\/polsko\/?p=2049"},"modified":"2016-09-23T10:44:05","modified_gmt":"2016-09-23T08:44:05","slug":"slunce-dest-a-jahody","status":"publish","type":"post","link":"https:\/\/www.infopoint.cz\/polsko\/slunce-dest-a-jahody\/","title":{"rendered":"Slunce, d\u00e9\u0161\u0165 a jahody :)"},"content":{"rendered":"<p><a class=\"ngg-fancybox\" title=\" \" href=\"\/\/www.infopoint.cz\/polsko\/wp-content\/uploads\/sites\/22\/nggallery\/slunce-dest-a-jahody\/m001.jpg\" rel=\"\" data-image-id=\"488\" data-src=\"\/\/www.infopoint.cz\/polsko\/wp-content\/uploads\/sites\/22\/nggallery\/slunce-dest-a-jahody\/m001.jpg\" data-thumbnail=\"\/\/www.infopoint.cz\/polsko\/wp-content\/uploads\/sites\/22\/nggallery\/slunce-dest-a-jahody\/thumbs\/thumbs_m001.jpg\" data-title=\"m001\" data-description=\" \"><img decoding=\"async\" class=\"ngg-singlepic ngg-left alignleft\" src=\"\/\/www.infopoint.cz\/polsko\/wp-content\/uploads\/sites\/22\/nggallery\/slunce-dest-a-jahody\/thumbs\/thumbs_m001.jpg\" alt=\"m001\" \/><\/a>Pat\u0159\u00ed k\u00a0dobr\u00e9 tradici sej\u00edt se v\u00a09 r\u00e1no u Dany a d\u00e1t si rann\u00ed k\u00e1vu, po sd\u00edlet co t\u00fdden dal a vzal. Co\u017e jsme naplnili do punt\u00edku a p\u0159idali n\u011bkolik t\u0159e\u0161ni\u010dek na dortu \u2013 z\u00e1\u017eitky s\u00a0odr\u016fstaj\u00edc\u00edmi d\u011btmi, rann\u00ed cesta do \u0161koly a nespln\u011bn\u00e9 D\u00da. Paleta na\u0161ich n\u00e1zor\u016f, zku\u0161enost\u00ed a rad by vydala na bro\u017euru \u201eJak p\u0159etrp\u011bti rodi\u010dovstv\u00ed ve zdrav\u00ed a p\u0159i smyslech\u201c.<\/p>\n<p>Jakmile se roznesla novinka, \u017ee dnes je MHD zadarmo, proto\u017ee je <a href=\"https:\/\/cs.wikipedia.org\/wiki\/Den_bez_aut\"><em>den bez Samochod\u00f3w<\/em><\/a> nasko\u010dili jsme na 116 a vyrazili se sluncem v\u00a0z\u00e1dech do <a href=\"\/\/www.lazienki-krolewskie.pl\/en\"><em>Parku Lazienky<\/em><\/a>. Zde n\u00e1s p\u0159ekvapila v\u00fdzdoba parkov\u00fdch chodn\u00edk\u016f orient\u00e1ln\u00edmi lampi\u00f3ny. <a class=\"ngg-fancybox\" title=\" \" href=\"\/\/www.infopoint.cz\/polsko\/wp-content\/uploads\/sites\/22\/nggallery\/slunce-dest-a-jahody\/m002.jpg\" rel=\"\" data-image-id=\"489\" data-src=\"\/\/www.infopoint.cz\/polsko\/wp-content\/uploads\/sites\/22\/nggallery\/slunce-dest-a-jahody\/m002.jpg\" data-thumbnail=\"\/\/www.infopoint.cz\/polsko\/wp-content\/uploads\/sites\/22\/nggallery\/slunce-dest-a-jahody\/thumbs\/thumbs_m002.jpg\" data-title=\"m002\" data-description=\" \"><img decoding=\"async\" class=\"ngg-singlepic ngg-right alignright\" src=\"\/\/www.infopoint.cz\/polsko\/wp-content\/uploads\/sites\/22\/nggallery\/slunce-dest-a-jahody\/thumbs\/thumbs_m002.jpg\" alt=\"m002\" \/><\/a><\/p>\n<p>Prvn\u00ed c\u00edl dne\u0161n\u00ed v\u00fdpravy byl <a href=\"https:\/\/pl.wikipedia.org\/wiki\/Pa%C5%82ac_Na_Wyspie\"><em>Palac na Wyspie<\/em><\/a>. Prohl\u00eddka za\u010dala ne\u010dekan\u011b v\u00a0b\u00fdval\u00e9 koupeln\u011b. Pal\u00e1c je p\u0159en\u00e1dhern\u00fd a architekt\u016fm se poda\u0159ilo propojit stavbu s\u00a0p\u0159\u00edrodou velmi p\u0159ita\u017eliv\u011b a p\u0159irozen\u011b. <a class=\"ngg-fancybox\" title=\" \" href=\"\/\/www.infopoint.cz\/polsko\/wp-content\/uploads\/sites\/22\/nggallery\/slunce-dest-a-jahody\/m013.jpg\" rel=\"\" data-image-id=\"498\" data-src=\"\/\/www.infopoint.cz\/polsko\/wp-content\/uploads\/sites\/22\/nggallery\/slunce-dest-a-jahody\/m013.jpg\" data-thumbnail=\"\/\/www.infopoint.cz\/polsko\/wp-content\/uploads\/sites\/22\/nggallery\/slunce-dest-a-jahody\/thumbs\/thumbs_m013.jpg\" data-title=\"m013\" data-description=\" \"><img decoding=\"async\" class=\"ngg-singlepic ngg-left alignleft\" src=\"\/\/www.infopoint.cz\/polsko\/wp-content\/uploads\/sites\/22\/nggallery\/slunce-dest-a-jahody\/thumbs\/thumbs_m013.jpg\" alt=\"m013\" \/><\/a>Pohlazeni na du\u0161i jsme vyrazili do Botanick\u00e9 zahrady na prohl\u00eddku ji\u0159in a jin\u00e9 podzimn\u00ed kv\u011bteny. P\u0159ibrali jsme do party novou \u010dlenku Zuzku. Pan\u00ed u ok\u00e9nka na prodej l\u00edstk\u016f jsme nep\u0159esv\u011bd\u010dili, \u017ee jsme skupina, bo chytr\u00fdm dotazem na to kolik n\u00e1s vlastn\u011b je rozhodla, \u017ee sedm je m\u00e1lo, i kdy\u017e sedm state\u010dn\u00fdch je podle n\u00e1s dost. Skupina je 10 kousk\u016f a hotovo.<\/p>\n<p><a class=\"ngg-fancybox\" title=\" \" href=\"\/\/www.infopoint.cz\/polsko\/wp-content\/uploads\/sites\/22\/nggallery\/slunce-dest-a-jahody\/m016.jpg\" rel=\"\" data-image-id=\"501\" data-src=\"\/\/www.infopoint.cz\/polsko\/wp-content\/uploads\/sites\/22\/nggallery\/slunce-dest-a-jahody\/m016.jpg\" data-thumbnail=\"\/\/www.infopoint.cz\/polsko\/wp-content\/uploads\/sites\/22\/nggallery\/slunce-dest-a-jahody\/thumbs\/thumbs_m016.jpg\" data-title=\"m016\" data-description=\" \"><img decoding=\"async\" class=\"ngg-singlepic ngg-right alignright\" src=\"\/\/www.infopoint.cz\/polsko\/wp-content\/uploads\/sites\/22\/nggallery\/slunce-dest-a-jahody\/thumbs\/thumbs_m016.jpg\" alt=\"m016\" \/><\/a>B\u011bhem prohl\u00eddky ude\u0159ila dvan\u00e1ct\u00e1 hodina a na mnoh\u00e9 dolehla \u00fanava a hlad. Lovci poklad\u016f naplnili sv\u00e9 pap\u00edrov\u00e9 pytl\u00ed\u010dky odpadl\u00fdmi sem\u00ednky a byli ochotni zahradu opustit. B\u011bhem cesty do <em><a href=\"https:\/\/pl.wikipedia.org\/wiki\/Zamek_Ujazdowski_w_Warszawie\">Zamku Ujazdowskego<\/a><\/em> jsme potkali demonstraci, je\u017e symbolizovala poh\u0159eb n\u011bkolika vesnic a jej\u00ed obyvatel\u00e9 tak patrn\u011b protestovali proti ru\u0161en\u00ed jejich domoviny. Ob\u011bd byl lahodn\u00fd a pestr\u00fd, k\u00e1va rychl\u00e1 a voda v\u00a0karaf\u011b s\u00a0jahodou. Slunce za\u0161lo a z\u00a0oblohy se spou\u0161t\u011bly proudy vody.\u00a0<a class=\"ngg-fancybox\" title=\" \" href=\"\/\/www.infopoint.cz\/polsko\/wp-content\/uploads\/sites\/22\/nggallery\/slunce-dest-a-jahody\/m025.jpg\" rel=\"\" data-image-id=\"510\" data-src=\"\/\/www.infopoint.cz\/polsko\/wp-content\/uploads\/sites\/22\/nggallery\/slunce-dest-a-jahody\/m025.jpg\" data-thumbnail=\"\/\/www.infopoint.cz\/polsko\/wp-content\/uploads\/sites\/22\/nggallery\/slunce-dest-a-jahody\/thumbs\/thumbs_m025.jpg\" data-title=\"m025\" data-description=\" \"><img decoding=\"async\" class=\"ngg-singlepic ngg-left alignleft\" src=\"\/\/www.infopoint.cz\/polsko\/wp-content\/uploads\/sites\/22\/nggallery\/slunce-dest-a-jahody\/thumbs\/thumbs_m025.jpg\" alt=\"m025\" \/><\/a><\/p>\n<p>V\u00fdstavu<i> <\/i>plnou barev senegalsk\u00e9ho um\u011blce <a href=\"https:\/\/vimeo.com\/168919335\" target=\"_blank\" data-saferedirecturl=\"https:\/\/www.google.com\/url?hl=cs&amp;q=https:\/\/vimeo.com\/168919335&amp;source=gmail&amp;ust=1474698350514000&amp;usg=AFQjCNFAX2lSxZP4H2Y9uBVr6Shvv4kF6A\">El Hadji Sy<\/a> a nezvykl\u00fdch modern\u00edch obraz\u016f jsme tak trochu prob\u011bhli a sh\u00e1n\u011bli tax\u00edka na cestu dom\u016f. \u010cas se kr\u00e1til. Taxi nep\u0159ijelo, demonstrace pokra\u010dovala, tak ti co sp\u011bchali, osedlali o\u0159e na dvou kolech a vyrazili ulicemi.<a class=\"ngg-fancybox\" title=\" \" href=\"\/\/www.infopoint.cz\/polsko\/wp-content\/uploads\/sites\/22\/nggallery\/slunce-dest-a-jahody\/m027.jpg\" rel=\"\" data-image-id=\"512\" data-src=\"\/\/www.infopoint.cz\/polsko\/wp-content\/uploads\/sites\/22\/nggallery\/slunce-dest-a-jahody\/m027.jpg\" data-thumbnail=\"\/\/www.infopoint.cz\/polsko\/wp-content\/uploads\/sites\/22\/nggallery\/slunce-dest-a-jahody\/thumbs\/thumbs_m027.jpg\" data-title=\"m027\" data-description=\" \"><img decoding=\"async\" class=\"ngg-singlepic ngg-right alignright\" src=\"\/\/www.infopoint.cz\/polsko\/wp-content\/uploads\/sites\/22\/nggallery\/slunce-dest-a-jahody\/thumbs\/thumbs_m027.jpg\" alt=\"m027\" \/><\/a> Ti co nesp\u011bchali, si po\u010dkali na autobus.<\/p>\n<p>Demonstrace skon\u010dila, autobus p\u0159edjel cyklisty a do c\u00edle k\u00a0Dan\u011b dojeli v\u0161ichni \u00fa\u010dastn\u00edci ve stejnou chv\u00edli. Cyklisti o p\u00e1r kalori\u00ed leh\u010d\u00ed, pasa\u017e\u00e9\u0159i autobusu rozesm\u00e1t\u00ed, \u017ee po\u010dkat se n\u011bkdy vyplat\u00ed. Konec dobr\u00fd v\u0161echno dobr\u00e9. Za \u010dtrn\u00e1ct dn\u016f se t\u011b\u0161\u00edme na vid\u011bnou.<\/p>\n<p>Napsala pro <a href=\"\/\/www.infopoint.cz\/polsko\/category\/kulturni-ctvrtky\/\">kulturn\u00ed \u010dtvrtek<\/a> 22.9.2016: Hel\u010da<\/p>\n<p><a href=\"\/\/www.infopoint.cz\/polsko\/fotogalerie\/rok-2016\/\">M\u016f\u017eete se tak\u00e9 pod\u00edvat na ostatn\u00ed fotografie.<\/a><\/p>\n","protected":false},"excerpt":{"rendered":"<p>Pat\u0159\u00ed k\u00a0dobr\u00e9 tradici sej\u00edt se v\u00a09 r\u00e1no u Dany a d\u00e1t si rann\u00ed k\u00e1vu, po sd\u00edlet co t\u00fdden dal a vzal. Co\u017e jsme naplnili do punt\u00edku a p\u0159idali n\u011bkolik t\u0159e\u0161ni\u010dek na dortu \u2013 z\u00e1\u017eitky s\u00a0odr\u016fstaj\u00edc\u00edmi d\u011btmi, rann\u00ed cesta do \u0161koly a nespln\u011bn\u00e9 D\u00da. Paleta na\u0161ich n\u00e1zor\u016f, zku\u0161enost\u00ed a rad by vydala na bro\u017euru \u201eJak p\u0159etrp\u011bti [&hellip;]<\/p>\n","protected":false},"author":2,"featured_media":4303,"comment_status":"open","ping_status":"closed","sticky":false,"template":"","format":"standard","meta":{"ngg_post_thumbnail":0,"footnotes":""},"categories":[2],"tags":[],"class_list":["post-2049","post","type-post","status-publish","format-standard","has-post-thumbnail","hentry","category-kulturni-ctvrtky"],"_links":{"self":[{"href":"https:\/\/www.infopoint.cz\/polsko\/wp-json\/wp\/v2\/posts\/2049","targetHints":{"allow":["GET"]}}],"collection":[{"href":"https:\/\/www.infopoint.cz\/polsko\/wp-json\/wp\/v2\/posts"}],"about":[{"href":"https:\/\/www.infopoint.cz\/polsko\/wp-json\/wp\/v2\/types\/post"}],"author":[{"embeddable":true,"href":"https:\/\/www.infopoint.cz\/polsko\/wp-json\/wp\/v2\/users\/2"}],"replies":[{"embeddable":true,"href":"https:\/\/www.infopoint.cz\/polsko\/wp-json\/wp\/v2\/comments?post=2049"}],"version-history":[{"count":10,"href":"https:\/\/www.infopoint.cz\/polsko\/wp-json\/wp\/v2\/posts\/2049\/revisions"}],"predecessor-version":[{"id":2117,"href":"https:\/\/www.infopoint.cz\/polsko\/wp-json\/wp\/v2\/posts\/2049\/revisions\/2117"}],"wp:featuredmedia":[{"embeddable":true,"href":"https:\/\/www.infopoint.cz\/polsko\/wp-json\/wp\/v2\/media\/4303"}],"wp:attachment":[{"href":"https:\/\/www.infopoint.cz\/polsko\/wp-json\/wp\/v2\/media?parent=2049"}],"wp:term":[{"taxonomy":"category","embeddable":true,"href":"https:\/\/www.infopoint.cz\/polsko\/wp-json\/wp\/v2\/categories?post=2049"},{"taxonomy":"post_tag","embeddable":true,"href":"https:\/\/www.infopoint.cz\/polsko\/wp-json\/wp\/v2\/tags?post=2049"}],"curies":[{"name":"wp","href":"https:\/\/api.w.org\/{rel}","templated":true}]}}