{"id":2119,"date":"2016-10-09T10:59:23","date_gmt":"2016-10-09T08:59:23","guid":{"rendered":"http:\/\/www.infopoint.cz\/polsko\/?p=2119"},"modified":"2016-10-09T12:12:10","modified_gmt":"2016-10-09T10:12:10","slug":"po-vilach-konstancina","status":"publish","type":"post","link":"https:\/\/www.infopoint.cz\/polsko\/po-vilach-konstancina\/","title":{"rendered":"Po vil\u00e1ch Konstancina"},"content":{"rendered":"<p><a class=\"ngg-fancybox\" title=\" \" href=\"\/\/www.infopoint.cz\/polsko\/wp-content\/uploads\/sites\/22\/nggallery\/po-vilach-konstancina\/m001.jpg\" rel=\"\" data-image-id=\"515\" data-src=\"\/\/www.infopoint.cz\/polsko\/wp-content\/uploads\/sites\/22\/nggallery\/po-vilach-konstancina\/m001.jpg\" data-thumbnail=\"\/\/www.infopoint.cz\/polsko\/wp-content\/uploads\/sites\/22\/nggallery\/po-vilach-konstancina\/thumbs\/thumbs_m001.jpg\" data-title=\"m001\" data-description=\" \"><img decoding=\"async\" class=\"ngg-singlepic ngg-left alignleft\" src=\"\/\/www.infopoint.cz\/polsko\/wp-content\/uploads\/sites\/22\/nggallery\/po-vilach-konstancina\/thumbs\/thumbs_m001.jpg\" alt=\"m001\" \/><\/a>Rann\u00ed probuzen\u00ed nebylo p\u0159\u00edjemn\u00e9, hust\u00fd d\u00e9\u0161\u0165 za okny rozhodn\u011b nel\u00e1kal k\u00a0proch\u00e1zce po Konstancin\u011b. Pot\u00e9 se ozval Ale\u0161, jestli to opravdu plat\u00ed a jdeme v\u00a0tomto po\u010das\u00ed p\u011b\u0161ky objevovat kr\u00e1sy tohoto l\u00e1ze\u0148sk\u00e9ho m\u011bste\u010dka.\u00a0 V\u017edy\u0165 leje jak z\u00a0konve! Byl nemilosrdn\u011b pou\u010den o v\u00fdhod\u00e1ch pr\u0161ipl\u00e1\u0161t\u011b a je\u0161t\u011b si vyslechl, \u017ee neexistuje \u0161patn\u00e9 po\u010das\u00ed jenom \u0161patn\u00e9 oble\u010den\u00ed a jelo se.<\/p>\n<p>Ve Skolimov\u011b u Helenky, po men\u0161\u00edm pos\u00edlen\u00ed k\u00e1vou a jin\u00fdmi dobrotami, opravdu p\u0159est\u00e1v\u00e1 pr\u0161et, \u010demu\u017e dnes v\u011b\u0159ili jenom nejv\u011bt\u0161\u00ed optimist\u00e9.<\/p>\n<p>Vyd\u00e1v\u00e1me se na sch\u016fzku s\u00a0panem <strong>Grzegorzem \u0141uniewskim. <\/strong>Oslovila ho Hel\u010da, je m\u00edstn\u00edm <a class=\"ngg-fancybox\" title=\" \" href=\"\/\/www.infopoint.cz\/polsko\/wp-content\/uploads\/sites\/22\/nggallery\/po-vilach-konstancina\/m003.jpg\" rel=\"\" data-image-id=\"517\" data-src=\"\/\/www.infopoint.cz\/polsko\/wp-content\/uploads\/sites\/22\/nggallery\/po-vilach-konstancina\/m003.jpg\" data-thumbnail=\"\/\/www.infopoint.cz\/polsko\/wp-content\/uploads\/sites\/22\/nggallery\/po-vilach-konstancina\/thumbs\/thumbs_m003.jpg\" data-title=\"m003\" data-description=\" \"><img decoding=\"async\" class=\"ngg-singlepic ngg-right alignright\" src=\"\/\/www.infopoint.cz\/polsko\/wp-content\/uploads\/sites\/22\/nggallery\/po-vilach-konstancina\/thumbs\/thumbs_m003.jpg\" alt=\"m003\" \/><\/a>nad\u0161encem historie Konstancina a fundovan\u00fdm pr\u016fvodcem. Stoj\u00edme p\u0159ed zam\u010denou br\u00e1nou \u010derven\u00e9ho kostela\u00a0 Matki Boskiej Wniebowzi\u0119tej v\u00a0Konstancin\u011b a n\u00e1\u0161 pr\u016fvodce nikde! Za chv\u00edli se vyno\u0159\u00ed z\u00a0postrann\u00edho vchodu v\u00a0bo\u010dn\u00ed stran\u011b kostela a zve n\u00e1s d\u00e1l. Pr\u00fd se zde hlavn\u00ed br\u00e1na kostela zav\u00edr\u00e1 kv\u016fli kr\u00e1de\u017e\u00edm. Jsme p\u0159ekvapeni, \u017ee i v\u00a0polsk\u00fdch kostel\u00edch se mus\u00ed m\u00edt na pozoru.<\/p>\n<p>Pan Grzegorz je opravdu skv\u011bl\u00fd, p\u0159ed na\u0161ima o\u010dima se d\u00edky n\u011bmu odv\u00edj\u00ed p\u0159\u00edb\u011bhy jednotlivc\u016f a rodin spojen\u00fdch se zrodem a \u017eivotem tohoto m\u011bsta.<\/p>\n<p>Hrab\u011bnka D\u0105mbska (Dubsk\u00e1), si nedlouho p\u0159ed svou smrt\u00ed usmysl\u00ed, \u017ee si na dohled od sv\u00e9ho domu postav\u00ed nov\u00fd svatost\u00e1nek. V\u0161e se ji b\u011bhem pouh\u00fdch dvou let poda\u0159\u00ed a je\u0161t\u011b si n\u011bjakou dobu u\u017eije m\u0161e svat\u00e9 ve sv\u00e9m kostele ze sv\u00e9ho\u00a0VIP sedadla. Nad olt\u00e1\u0159 je pov\u011b\u0161en obraz panny Marie, kter\u00e9 je kostel zasv\u011bcen. Tv\u00e1\u0159 na obraze je k\u00a0nerozezn\u00e1n\u00ed od podobenky mlad\u00e9 hrab\u011bnky D\u0105mbsk\u00e9. Duby jsou zde v\u0161ude, na erbu nad vchodem a dubov\u00e9 list\u00ed na lustrech. Tomu \u0159\u00edk\u00e1m odkaz. Jenom ten dub na pr\u016f\u010del\u00ed jej\u00ed nedalek\u00e9 vily se moc nevyvedl, pr\u00fd ji o\u0161idili a je to borovice. V\u00fdklad byl v\u00a0pol\u0161tin\u011b tak\u017ee;<em> &#8222;<strong>hrabina byla oszukana\u00a0 na miejsce d\u0119bu jest sosna&#8220;.<\/strong><\/em><\/p>\n<p><a class=\"ngg-fancybox\" title=\" \" href=\"\/\/www.infopoint.cz\/polsko\/wp-content\/uploads\/sites\/22\/nggallery\/po-vilach-konstancina\/m006.jpg\" rel=\"\" data-image-id=\"520\" data-src=\"\/\/www.infopoint.cz\/polsko\/wp-content\/uploads\/sites\/22\/nggallery\/po-vilach-konstancina\/m006.jpg\" data-thumbnail=\"\/\/www.infopoint.cz\/polsko\/wp-content\/uploads\/sites\/22\/nggallery\/po-vilach-konstancina\/thumbs\/thumbs_m006.jpg\" data-title=\"m006\" data-description=\" \"><img decoding=\"async\" class=\"ngg-singlepic ngg-left alignleft\" src=\"\/\/www.infopoint.cz\/polsko\/wp-content\/uploads\/sites\/22\/nggallery\/po-vilach-konstancina\/thumbs\/thumbs_m006.jpg\" alt=\"m006\" \/><\/a>Pr\u016fvodce to m\u00e1 s\u00a0n\u00e1mi v kostele t\u011b\u017ek\u00e9, nepozn\u00e1v\u00e1me na obrazech ani jednoho svat\u00e9ho, no v\u00e1\u017en\u011b- ani jedin\u00e9ho! \u00a0Socha svat\u00e9ho Expedity n\u00e1m p\u0159ipom\u00edn\u00e1 \u0159\u00edmsk\u00e9ho legion\u00e1\u0159e a v\u00a0z\u00e1kristii si pleteme ostatky a oplatky. O nekal\u00fdch \u00famyslech se zlat\u00fdm me\u0161n\u00edm poh\u00e1rem ani nemluv\u011b.<\/p>\n<p>Od pana Grzegorze dost\u00e1v\u00e1me BESIP p\u00e1se\u010dky na ruk\u00e1v a mapy a m\u00e1me z toho pon\u011bkud d\u011btinskou radost.<\/p>\n<p>Proch\u00e1z\u00edme ulicemi Stefana Batorego a Sinkiewicza, kolem honosn\u00fdch vil Rusalka, Ukrainka, <a class=\"ngg-fancybox\" title=\" \" href=\"\/\/www.infopoint.cz\/polsko\/wp-content\/uploads\/sites\/22\/nggallery\/po-vilach-konstancina\/m022.jpg\" rel=\"\" data-image-id=\"536\" data-src=\"\/\/www.infopoint.cz\/polsko\/wp-content\/uploads\/sites\/22\/nggallery\/po-vilach-konstancina\/m022.jpg\" data-thumbnail=\"\/\/www.infopoint.cz\/polsko\/wp-content\/uploads\/sites\/22\/nggallery\/po-vilach-konstancina\/thumbs\/thumbs_m022.jpg\" data-title=\"m022\" data-description=\" \"><img decoding=\"async\" class=\"ngg-singlepic ngg-right alignright\" src=\"\/\/www.infopoint.cz\/polsko\/wp-content\/uploads\/sites\/22\/nggallery\/po-vilach-konstancina\/thumbs\/thumbs_m022.jpg\" alt=\"m022\" \/><\/a>Marzchna, Julia, Natemi a mnoha dal\u0161\u00edch. Poslouch\u00e1me p\u0159\u00edb\u011bhy jejich d\u00e1vn\u00fdch obyvatel &#8211;\u00a0 pivovarn\u00edka Machjeda, mal\u00ed\u0159e Josefa Pankiewicze, spisovatel\u016f Waclawa Gasiorowskiego \u010di Stefana Zeromskiego. V\u00fdjime\u010dn\u00ed lid\u00e9, \u010diny, bohatstv\u00edm, talentem \u010di souhrou n\u00e1hod. Jsou to p\u0159\u00edb\u011bhy dramatick\u00e9 jako polsk\u00e1 historie. N\u011bkter\u00e9 domy jsou pe\u010dliv\u011b ope\u010dov\u00e1van\u00e9 p\u016fvodn\u00edmi i nov\u00fdmi majiteli, ale n\u011bkter\u00e9 to \u0161t\u011bst\u00ed nem\u011bly. P\u0159es svou nepopiratelnou kr\u00e1su a historickou hodnotu nad\u00e1le ch\u00e1traj\u00ed a je vid\u011bt jejich neodvratn\u00fd konec.<\/p>\n<p><a class=\"ngg-fancybox\" title=\" \" href=\"\/\/www.infopoint.cz\/polsko\/wp-content\/uploads\/sites\/22\/nggallery\/po-vilach-konstancina\/m025.jpg\" rel=\"\" data-image-id=\"539\" data-src=\"\/\/www.infopoint.cz\/polsko\/wp-content\/uploads\/sites\/22\/nggallery\/po-vilach-konstancina\/m025.jpg\" data-thumbnail=\"\/\/www.infopoint.cz\/polsko\/wp-content\/uploads\/sites\/22\/nggallery\/po-vilach-konstancina\/thumbs\/thumbs_m025.jpg\" data-title=\"m025\" data-description=\" \"><img decoding=\"async\" class=\"ngg-singlepic ngg-left alignleft\" src=\"\/\/www.infopoint.cz\/polsko\/wp-content\/uploads\/sites\/22\/nggallery\/po-vilach-konstancina\/thumbs\/thumbs_m025.jpg\" alt=\"m025\" \/><\/a>Po dvou hodin\u00e1ch na\u0161e proch\u00e1zka kon\u010d\u00ed, promrzl\u00ed se lou\u010d\u00edme s\u00a0panem Grzegorzem a m\u00ed\u0159\u00edme na ob\u011bd do Park Cafe Rest. Kr\u00e1sn\u00fd interi\u00e9r, ho\u0159\u00edc\u00ed krb t\u00e9m\u011b\u0159 pr\u00e1zdn\u00e1 restaurace. Losos byl dobr\u00fd, kachni\u010dka u\u017e m\u00e9n\u011b. Napsala jsem recenzi na Zomato, asi si to za r\u00e1me\u010dek nedaj\u00ed a na Michelina to fakt nebude.<\/p>\n<p>Naproti je na\u0161t\u011bst\u00ed dobr\u00e1 cukr\u00e1rna Cafe Beza. U pln\u00fdch tal\u00ed\u0159\u016f za\u010dala diskuse jak tyto super dorty <a class=\"ngg-fancybox\" title=\" \" href=\"\/\/www.infopoint.cz\/polsko\/wp-content\/uploads\/sites\/22\/nggallery\/po-vilach-konstancina\/m027.jpg\" rel=\"\" data-image-id=\"541\" data-src=\"\/\/www.infopoint.cz\/polsko\/wp-content\/uploads\/sites\/22\/nggallery\/po-vilach-konstancina\/m027.jpg\" data-thumbnail=\"\/\/www.infopoint.cz\/polsko\/wp-content\/uploads\/sites\/22\/nggallery\/po-vilach-konstancina\/thumbs\/thumbs_m027.jpg\" data-title=\"m027\" data-description=\" \"><img decoding=\"async\" class=\"ngg-singlepic ngg-right alignright\" src=\"\/\/www.infopoint.cz\/polsko\/wp-content\/uploads\/sites\/22\/nggallery\/po-vilach-konstancina\/thumbs\/thumbs_m027.jpg\" alt=\"m027\" \/><\/a>vlastn\u011b nazvat, v\u00a0Polsku <strong><em>beza<\/em><\/strong>, u n\u00e1s <strong><em>pusinka \u010di laskonka<\/em><\/strong> a v\u00a0Austr\u00e1lii tomu \u0159\u00edkaj\u00ed podle rusk\u00e9 primabaler\u00edny <strong><em>Pavlova<\/em><\/strong>. Potom se konverzace nevysv\u011btliteln\u00fdmi asociacemi dostala p\u0159es Dalibora Jandu na Dana Landu, Orl\u00edk, Merklovou, film U\u017e je zase tady, st\u011bhov\u00e1n\u00ed n\u00e1rod\u016f, \u2018za\u00a0 Rakouska jsme trp\u011bli, ale dalo se to vydr\u017eet\u2018, \u0160vejka, WTC, Smolensk a je\u0161t\u011b asi dal\u0161\u00edch deset odbo\u010dek. V\u00fdborn\u00e9. Pot\u00e9 je\u0161t\u011b mal\u00e1 proch\u00e1zka po l\u00e1ze\u0148sk\u00e9m parku a rychle do \u0161koly vyzvednout ratolesti.<\/p>\n<p>Napsala pro <a href=\"\/\/www.infopoint.cz\/polsko\/category\/kulturni-ctvrtky\/\">kulturn\u00ed \u010dtvrtek<\/a> 6.10.2016: Dana<\/p>\n<p><a href=\"\/\/www.infopoint.cz\/polsko\/fotogalerie\/rok-2016\/\">M\u016f\u017eete se tak\u00e9 pod\u00edvat na ostatn\u00ed fotografie.<\/a><\/p>\n","protected":false},"excerpt":{"rendered":"<p>Rann\u00ed probuzen\u00ed nebylo p\u0159\u00edjemn\u00e9, hust\u00fd d\u00e9\u0161\u0165 za okny rozhodn\u011b nel\u00e1kal k\u00a0proch\u00e1zce po Konstancin\u011b. Pot\u00e9 se ozval Ale\u0161, jestli to opravdu plat\u00ed a jdeme v\u00a0tomto po\u010das\u00ed p\u011b\u0161ky objevovat kr\u00e1sy tohoto l\u00e1ze\u0148sk\u00e9ho m\u011bste\u010dka.\u00a0 V\u017edy\u0165 leje jak z\u00a0konve! Byl nemilosrdn\u011b pou\u010den o v\u00fdhod\u00e1ch pr\u0161ipl\u00e1\u0161t\u011b a je\u0161t\u011b si vyslechl, \u017ee neexistuje \u0161patn\u00e9 po\u010das\u00ed jenom \u0161patn\u00e9 oble\u010den\u00ed a jelo se. [&hellip;]<\/p>\n","protected":false},"author":2,"featured_media":0,"comment_status":"open","ping_status":"closed","sticky":false,"template":"","format":"standard","meta":{"ngg_post_thumbnail":0,"footnotes":""},"categories":[2],"tags":[],"class_list":["post-2119","post","type-post","status-publish","format-standard","hentry","category-kulturni-ctvrtky"],"_links":{"self":[{"href":"https:\/\/www.infopoint.cz\/polsko\/wp-json\/wp\/v2\/posts\/2119","targetHints":{"allow":["GET"]}}],"collection":[{"href":"https:\/\/www.infopoint.cz\/polsko\/wp-json\/wp\/v2\/posts"}],"about":[{"href":"https:\/\/www.infopoint.cz\/polsko\/wp-json\/wp\/v2\/types\/post"}],"author":[{"embeddable":true,"href":"https:\/\/www.infopoint.cz\/polsko\/wp-json\/wp\/v2\/users\/2"}],"replies":[{"embeddable":true,"href":"https:\/\/www.infopoint.cz\/polsko\/wp-json\/wp\/v2\/comments?post=2119"}],"version-history":[{"count":5,"href":"https:\/\/www.infopoint.cz\/polsko\/wp-json\/wp\/v2\/posts\/2119\/revisions"}],"predecessor-version":[{"id":2196,"href":"https:\/\/www.infopoint.cz\/polsko\/wp-json\/wp\/v2\/posts\/2119\/revisions\/2196"}],"wp:attachment":[{"href":"https:\/\/www.infopoint.cz\/polsko\/wp-json\/wp\/v2\/media?parent=2119"}],"wp:term":[{"taxonomy":"category","embeddable":true,"href":"https:\/\/www.infopoint.cz\/polsko\/wp-json\/wp\/v2\/categories?post=2119"},{"taxonomy":"post_tag","embeddable":true,"href":"https:\/\/www.infopoint.cz\/polsko\/wp-json\/wp\/v2\/tags?post=2119"}],"curies":[{"name":"wp","href":"https:\/\/api.w.org\/{rel}","templated":true}]}}