{"id":2179,"date":"2016-10-05T11:25:13","date_gmt":"2016-10-05T09:25:13","guid":{"rendered":"http:\/\/www.infopoint.cz\/polsko\/?p=2179"},"modified":"2016-10-09T13:04:15","modified_gmt":"2016-10-09T11:04:15","slug":"les-kabatsky-na-kolech","status":"publish","type":"post","link":"https:\/\/www.infopoint.cz\/polsko\/les-kabatsky-na-kolech\/","title":{"rendered":"Las Kabatsky na kolech"},"content":{"rendered":"<p><a class=\"ngg-fancybox\" title=\" \" href=\"\/\/www.infopoint.cz\/polsko\/wp-content\/uploads\/sites\/22\/nggallery\/les-kabatsky-na-kolech\/m001.jpg\" rel=\"\" data-image-id=\"543\" data-src=\"\/\/www.infopoint.cz\/polsko\/wp-content\/uploads\/sites\/22\/nggallery\/les-kabatsky-na-kolech\/m001.jpg\" data-thumbnail=\"\/\/www.infopoint.cz\/polsko\/wp-content\/uploads\/sites\/22\/nggallery\/les-kabatsky-na-kolech\/thumbs\/thumbs_m001.jpg\" data-title=\"m001\" data-description=\" \"><img decoding=\"async\" class=\"ngg-singlepic ngg-left alignleft\" src=\"\/\/www.infopoint.cz\/polsko\/wp-content\/uploads\/sites\/22\/nggallery\/les-kabatsky-na-kolech\/thumbs\/thumbs_m001.jpg\" alt=\"m001\" \/><\/a>Tentokr\u00e1t, se organizov\u00e1n\u00ed kulturn\u00edho \u010dtvrtku ujala Monika a navrhla proj\u00ed\u017eku po lese. Objektivn\u011b mus\u00edm p\u0159iznat, \u017ee m\u011b napadlo to sam\u00e9. Tak\u00e9 m\u00e1m r\u00e1d les. Po\u010das\u00ed n\u00e1m p\u0159\u00e1lo.<\/p>\n<p>Monika navrhovala, \u017ee ti kdo pojedou z Wilanova nebo z m\u011bsta, mohou pou\u017e\u00edt autobus pro lep\u0161\u00ed p\u0159ibl\u00ed\u017een\u00ed. Nejsem p\u0159eci ba\u010dkora, a tak jsme celou cestu s Margitou na m\u00edsto ur\u010den\u00ed, restaurace <a href=\"\/\/www.cudawiankirestauracja.pl\/\" target=\"_blank\" data-saferedirecturl=\"https:\/\/www.google.com\/url?hl=cs&amp;q=\/\/www.cudawiankirestauracja.pl\/&amp;source=gmail&amp;ust=1476088872620000&amp;usg=AFQjCNE9NPSw1oXH72NzaIkZ2YxyzS0TiQ\">\/\/www.<wbr \/>cudawiankirestauracja.pl\/<\/a>, zvl\u00e1dli na kolech.<\/p>\n<p>Zuzka, kter\u00e1 jela z m\u011bsta, tak\u00e9 zvolila jako doprav<a class=\"ngg-fancybox\" title=\" \" href=\"\/\/www.infopoint.cz\/polsko\/wp-content\/uploads\/sites\/22\/nggallery\/les-kabatsky-na-kolech\/m002.jpg\" rel=\"\" data-image-id=\"544\" data-src=\"\/\/www.infopoint.cz\/polsko\/wp-content\/uploads\/sites\/22\/nggallery\/les-kabatsky-na-kolech\/m002.jpg\" data-thumbnail=\"\/\/www.infopoint.cz\/polsko\/wp-content\/uploads\/sites\/22\/nggallery\/les-kabatsky-na-kolech\/thumbs\/thumbs_m002.jpg\" data-title=\"m002\" data-description=\" \"><img decoding=\"async\" class=\"ngg-singlepic ngg-right alignright\" src=\"\/\/www.infopoint.cz\/polsko\/wp-content\/uploads\/sites\/22\/nggallery\/les-kabatsky-na-kolech\/thumbs\/thumbs_m002.jpg\" alt=\"m002\" \/><\/a>n\u00ed p\u0159ibli\u017eovadlo kolo. Jej\u00ed cesta musela b\u00fdt zaj\u00edmav\u00e1, jak tomu napov\u011bd\u011bla smska o tom, \u017ee m\u011bla technologickou p\u0159est\u00e1vku v p\u0159\u00edkop\u011b. Nakonec se uk\u00e1zala i Monika, asi trochu bloudila.<\/p>\n<p>Jeli jsme po zelen\u00e9 na m\u00edsto katastrofy letadla LOT5055 z roku 1987. Cestou jsme sice trochu bloudili, ale nakonec byl c\u00edl dosa\u017een. Potom lesn\u00edma stezkama a\u017e k p\u016fj\u010dovn\u011b ly\u017e\u00ed.<\/p>\n<p>Na ob\u011bd jsme za\u0161li do prov\u011b\u0159en\u00e9 restaurace <a href=\"\/\/www.infopoint.cz\/polsko\/milanovo\/\">Milanovo.<\/a><\/p>\n<p>&nbsp;<\/p>\n","protected":false},"excerpt":{"rendered":"<p>Tentokr\u00e1t, se organizov\u00e1n\u00ed kulturn\u00edho \u010dtvrtku ujala Monika a navrhla proj\u00ed\u017eku po lese. Objektivn\u011b mus\u00edm p\u0159iznat, \u017ee m\u011b napadlo to sam\u00e9. Tak\u00e9 m\u00e1m r\u00e1d les. Po\u010das\u00ed n\u00e1m p\u0159\u00e1lo. Monika navrhovala, \u017ee ti kdo pojedou z Wilanova nebo z m\u011bsta, mohou pou\u017e\u00edt autobus pro lep\u0161\u00ed p\u0159ibl\u00ed\u017een\u00ed. Nejsem p\u0159eci ba\u010dkora, a tak jsme celou cestu s Margitou na [&hellip;]<\/p>\n","protected":false},"author":2,"featured_media":0,"comment_status":"open","ping_status":"closed","sticky":false,"template":"","format":"standard","meta":{"ngg_post_thumbnail":0,"footnotes":""},"categories":[2],"tags":[],"class_list":["post-2179","post","type-post","status-publish","format-standard","hentry","category-kulturni-ctvrtky"],"_links":{"self":[{"href":"https:\/\/www.infopoint.cz\/polsko\/wp-json\/wp\/v2\/posts\/2179","targetHints":{"allow":["GET"]}}],"collection":[{"href":"https:\/\/www.infopoint.cz\/polsko\/wp-json\/wp\/v2\/posts"}],"about":[{"href":"https:\/\/www.infopoint.cz\/polsko\/wp-json\/wp\/v2\/types\/post"}],"author":[{"embeddable":true,"href":"https:\/\/www.infopoint.cz\/polsko\/wp-json\/wp\/v2\/users\/2"}],"replies":[{"embeddable":true,"href":"https:\/\/www.infopoint.cz\/polsko\/wp-json\/wp\/v2\/comments?post=2179"}],"version-history":[{"count":12,"href":"https:\/\/www.infopoint.cz\/polsko\/wp-json\/wp\/v2\/posts\/2179\/revisions"}],"predecessor-version":[{"id":2205,"href":"https:\/\/www.infopoint.cz\/polsko\/wp-json\/wp\/v2\/posts\/2179\/revisions\/2205"}],"wp:attachment":[{"href":"https:\/\/www.infopoint.cz\/polsko\/wp-json\/wp\/v2\/media?parent=2179"}],"wp:term":[{"taxonomy":"category","embeddable":true,"href":"https:\/\/www.infopoint.cz\/polsko\/wp-json\/wp\/v2\/categories?post=2179"},{"taxonomy":"post_tag","embeddable":true,"href":"https:\/\/www.infopoint.cz\/polsko\/wp-json\/wp\/v2\/tags?post=2179"}],"curies":[{"name":"wp","href":"https:\/\/api.w.org\/{rel}","templated":true}]}}