{"id":2209,"date":"2016-10-14T12:58:34","date_gmt":"2016-10-14T10:58:34","guid":{"rendered":"http:\/\/www.infopoint.cz\/polsko\/?p=2209"},"modified":"2016-10-14T14:07:47","modified_gmt":"2016-10-14T12:07:47","slug":"muzeum-polin","status":"publish","type":"post","link":"https:\/\/www.infopoint.cz\/polsko\/muzeum-polin\/","title":{"rendered":"Muzeum Polin"},"content":{"rendered":"<div><a class=\"ngg-fancybox\" title=\" \" href=\"\/\/www.infopoint.cz\/polsko\/wp-content\/uploads\/sites\/22\/nggallery\/muzeum-polin\/m001.jpg\" rel=\"\" data-image-id=\"545\" data-src=\"\/\/www.infopoint.cz\/polsko\/wp-content\/uploads\/sites\/22\/nggallery\/muzeum-polin\/m001.jpg\" data-thumbnail=\"\/\/www.infopoint.cz\/polsko\/wp-content\/uploads\/sites\/22\/nggallery\/muzeum-polin\/thumbs\/thumbs_m001.jpg\" data-title=\"m001\" data-description=\" \"><img decoding=\"async\" class=\"ngg-singlepic ngg-left alignleft\" src=\"\/\/www.infopoint.cz\/polsko\/wp-content\/uploads\/sites\/22\/nggallery\/muzeum-polin\/thumbs\/thumbs_m001.jpg\" alt=\"m001\" \/><\/a>Po t\u00fddnu pln\u00e9m de\u0161t\u011b a \u0161ed\u00fdch mrak\u016f nad m\u011bstem jsme se dnes probudili do sice chladn\u00e9ho, ale sluncem zalit\u00e9ho r\u00e1na. Jinak \u0159e\u010deno, mraky jsme jist\u011b rozehnali spole\u010dn\u00fdmi silami, svou optimistickou n\u00e1ladou a o\u010dek\u00e1v\u00e1n\u00edm, co v\u0161e dne\u0161n\u00ed kulturn\u00ed \u010dtvrtek p\u0159inese.<\/div>\n<div><\/div>\n<div>Sraz jako obvykle v 9 h u v\u00fdte\u010dn\u00e9 rann\u00ed k\u00e1vy, a sv\u011bte div se, na autobusov\u00e9 zast\u00e1vce nastoupeni k odjezdu vst\u0159\u00edc dne\u0161n\u00edmu dobrodu\u017estv\u00ed ji\u017e p\u0159ed 10. h!<\/div>\n<div><\/div>\n<div>Proto\u017ee po\u010das\u00ed n\u00e1m opravdu p\u0159\u00e1lo, mohli jsme \u010d\u00e1st dopoledne v\u011bnovat p\u0159\u00edjemn\u00e9 proch\u00e1zce v <a class=\"ngg-fancybox\" title=\" \" href=\"\/\/www.infopoint.cz\/polsko\/wp-content\/uploads\/sites\/22\/nggallery\/muzeum-polin\/m006.jpg\" rel=\"\" data-image-id=\"550\" data-src=\"\/\/www.infopoint.cz\/polsko\/wp-content\/uploads\/sites\/22\/nggallery\/muzeum-polin\/m006.jpg\" data-thumbnail=\"\/\/www.infopoint.cz\/polsko\/wp-content\/uploads\/sites\/22\/nggallery\/muzeum-polin\/thumbs\/thumbs_m006.jpg\" data-title=\"m006\" data-description=\" \"><img decoding=\"async\" class=\"ngg-singlepic ngg-right alignright\" src=\"\/\/www.infopoint.cz\/polsko\/wp-content\/uploads\/sites\/22\/nggallery\/muzeum-polin\/thumbs\/thumbs_m006.jpg\" alt=\"m006\" \/><\/a>zahrad\u00e1ch, chcete-li kr\u00e1sn\u00e9m a udr\u017eovan\u00e9m parku pal\u00e1ce Krasinskich ze 17. stolet\u00ed. Podzimn\u00ed barvy strom\u016f, kv\u011btiny, traviny i vodn\u00ed font\u00e1ny byly k pokoch\u00e1n\u00ed.<\/div>\n<div><\/div>\n<div>Proch\u00e1zka m\u011bstskou \u010d\u00e1st\u00ed <a href=\"https:\/\/pl.wikipedia.org\/wiki\/Muran%C3%B3w\">Muranow<\/a>, kter\u00e1 byla ve sv\u00e9 dob\u011b nejv\u011bt\u0161\u00edm \u017eidovsk\u00fdm m\u011bstem Evropy, n\u00e1v\u0161t\u011bva <a href=\"https:\/\/www.polin.pl\/en\">muzea Polin<\/a> se zast\u00e1vkou u monumentu <a href=\"\/\/en.wikipedia.org\/wiki\/Umschlagplatz\">Umschlagplatz<\/a> a tak\u00e9 pomn\u00edku\u00a0<a href=\"https:\/\/en.wikipedia.org\/wiki\/Warschauer_Kniefall\">Williho Brandta<\/a>, to v\u0161e byly na\u0161e dal\u0161\u00ed dne\u0161n\u00ed c\u00edle.<\/div>\n<div><\/div>\n<div><a class=\"ngg-fancybox\" title=\" \" href=\"\/\/www.infopoint.cz\/polsko\/wp-content\/uploads\/sites\/22\/nggallery\/muzeum-polin\/m008.jpg\" rel=\"\" data-image-id=\"552\" data-src=\"\/\/www.infopoint.cz\/polsko\/wp-content\/uploads\/sites\/22\/nggallery\/muzeum-polin\/m008.jpg\" data-thumbnail=\"\/\/www.infopoint.cz\/polsko\/wp-content\/uploads\/sites\/22\/nggallery\/muzeum-polin\/thumbs\/thumbs_m008.jpg\" data-title=\"m008\" data-description=\" \"><img decoding=\"async\" class=\"ngg-singlepic ngg-left alignleft\" src=\"\/\/www.infopoint.cz\/polsko\/wp-content\/uploads\/sites\/22\/nggallery\/muzeum-polin\/thumbs\/thumbs_m008.jpg\" alt=\"m008\" \/><\/a>Monument Umschlagplatz v ulici Stawki byl odhalen v roce 1988 v p\u0159edve\u010der 45. v\u00fdro\u010d\u00ed vypuknut\u00ed povst\u00e1n\u00ed ve var\u0161avsk\u00e9m ghettu, Kamenn\u00fd pam\u00e1tn\u00edk p\u0159ipom\u00edn\u00e1 otev\u0159en\u00fd n\u00e1kladn\u00ed vag\u00f3n. N\u00e1pis na \u010dty\u0159ech pam\u011btn\u00edch desk\u00e1ch v pol\u0161tin\u011b, jidi\u0161, angli\u010dtin\u011b a hebrej\u0161tin\u011b zn\u00ed:\u00a0&#8222;Pod\u00e9l t\u00e9to cesty utrpen\u00ed a smrti bylo vyhn\u00e1no v letech 1942 &#8211; 1943 v\u00edce ne\u017e 300 000 \u017did\u016f\u00a0z var\u0161avsk\u00e9ho ghetta do plynov\u00fdch komor v nacistick\u00fdch vyhlazovac\u00edch t\u00e1borech.&#8220;\u00a0P\u0159esto\u017ee jsme ji\u017e podobn\u00e1 m\u00edsta ve Var\u0161av\u011b nav\u0161t\u00edvili, v\u017edy n\u00e1m vyr\u00e1\u017e\u00ed dech krutost nevratn\u00fdch ztr\u00e1t z doby tak ned\u00e1vn\u00e9. <a class=\"ngg-fancybox\" title=\" \" href=\"\/\/www.infopoint.cz\/polsko\/wp-content\/uploads\/sites\/22\/nggallery\/muzeum-polin\/m010.jpg\" rel=\"\" data-image-id=\"554\" data-src=\"\/\/www.infopoint.cz\/polsko\/wp-content\/uploads\/sites\/22\/nggallery\/muzeum-polin\/m010.jpg\" data-thumbnail=\"\/\/www.infopoint.cz\/polsko\/wp-content\/uploads\/sites\/22\/nggallery\/muzeum-polin\/thumbs\/thumbs_m010.jpg\" data-title=\"m010\" data-description=\" \"><img decoding=\"async\" class=\"ngg-singlepic ngg-right alignright\" src=\"\/\/www.infopoint.cz\/polsko\/wp-content\/uploads\/sites\/22\/nggallery\/muzeum-polin\/thumbs\/thumbs_m010.jpg\" alt=\"m010\" \/><\/a><\/div>\n<div>\n<p>Posledn\u00ed kr\u00e1tkou zast\u00e1vkou p\u0159ed n\u00e1v\u0161t\u011bvou muzea Polin byl pomnik Williho Brandta, n\u011bmeck\u00e9ho politika, kancl\u00e9\u0159e z let 1969 &#8211; 1974 a dr\u017eitele Nobelovy ceny za m\u00edr z roku 1971.\u00a0Na pomn\u00edku je vyobrazen Willi Brandt kle\u010d\u00edc\u00ed u pomn\u00edku ob\u011btem var\u0161avsk\u00e9ho gehtta, jeho\u017e fotografie z t\u00e9to ud\u00e1losti oblet\u011bla sv\u011bt a znamenala p\u0159elom v napjat\u00fdch n\u011bmecko-polsk\u00fdch vztaz\u00edch stejn\u011b, jako pot\u00e9 n\u00e1sleduj\u00edc\u00ed podpis smlouvy o uzn\u00e1n\u00ed polsk\u00fdch hranic N\u011bmeckem.\u00a0Jeho cit\u00e1t &#8222;Demokracie nesm\u00ed j\u00edt tak daleko, aby se v rodin\u011b hlasovalo, kdo je otec&#8220; mezi n\u00e1mi vyvolal diskusi.<\/p>\n<p><a class=\"ngg-fancybox\" title=\" \" href=\"\/\/www.infopoint.cz\/polsko\/wp-content\/uploads\/sites\/22\/nggallery\/muzeum-polin\/m014.jpg\" rel=\"\" data-image-id=\"558\" data-src=\"\/\/www.infopoint.cz\/polsko\/wp-content\/uploads\/sites\/22\/nggallery\/muzeum-polin\/m014.jpg\" data-thumbnail=\"\/\/www.infopoint.cz\/polsko\/wp-content\/uploads\/sites\/22\/nggallery\/muzeum-polin\/thumbs\/thumbs_m014.jpg\" data-title=\"m014\" data-description=\" \"><img decoding=\"async\" class=\"ngg-singlepic ngg-left alignleft\" src=\"\/\/www.infopoint.cz\/polsko\/wp-content\/uploads\/sites\/22\/nggallery\/muzeum-polin\/thumbs\/thumbs_m014.jpg\" alt=\"m014\" \/><\/a>Pro n\u011bkter\u00e9 z n\u00e1s prvn\u00ed ale pro mnoh\u00e9 n\u011bkolik\u00e1t\u00e1 n\u00e1v\u0161t\u011bva muzea Polin byla vyvrcholen\u00edm na\u0161\u00ed dne\u0161n\u00ed kulturn\u00ed v\u00fdpravy.<\/p>\n<p>Muzeum s n\u00e1zev &#8222;Polin&#8220;, co\u017e v jidi\u0161 znamen\u00e1 &#8222;Polsko&#8220; a v hebrej\u0161tin\u011b vyjad\u0159uje pob\u00eddku &#8222;zde m\u016f\u017eete spo\u010dinout&#8220;, je v n\u00e1dhern\u00e9 nov\u00e9 budov\u011b, kter\u00e1 je d\u00edlem finsk\u00fdch architekt\u016f Rainera Mahlamakiho a Ilmara Lahdelmy. Fas\u00e1du budovy ozvl\u00e1\u0161t\u0148uje nepravideln\u00fd vchod do hlavni haly, kter\u00fd ma \u00fadajn\u011b symbolizovat p\u0159echod \u017did\u016f p\u0159es Rud\u00e9 mo\u0159e a tak\u00e9 zlom v \u017eidovsk\u00fdch d\u011bjin\u00e1ch zp\u016fsoben\u00fd holocaustem. V osmi galeri\u00edch se ka\u017ed\u00fd z n\u00e1s vydal sv\u00fdm vlastn\u00edm sm\u011brem a tempem pozn\u00e1vat tis\u00edcilet\u00e9 d\u011bjiny \u017did\u016f v Polsku. Nebylo v na\u0161ich sil\u00e1ch proj\u00edt si muzeum cel\u00e9, a tak se na toto m\u00edsto zajist\u00e9 vr\u00e1t\u00edme je\u0161t\u011b n\u011bkolikr\u00e1t.<\/p>\n<p>Dobr\u00fdm spole\u010dn\u00fdm ob\u011bdem a k\u00e1vou v prov\u011b\u0159en\u00e9 restauraci p\u0159\u00edmo v muzeu jsme dne\u0161n\u00ed v\u00fdlet zakon\u010dili.<\/p>\n<p>Napsala pro <a href=\"\/\/www.infopoint.cz\/polsko\/category\/kulturni-ctvrtky\/\">kulturn\u00ed \u010dtvrtek<\/a> 13.10.2016: Margita<\/p>\n<p><a href=\"\/\/www.infopoint.cz\/polsko\/fotogalerie\/rok-2016\/\">M\u016f\u017eete se tak\u00e9 pod\u00edvat na ostatn\u00ed fotografie.<\/a><\/p>\n<\/div>\n","protected":false},"excerpt":{"rendered":"<p>Po t\u00fddnu pln\u00e9m de\u0161t\u011b a \u0161ed\u00fdch mrak\u016f nad m\u011bstem jsme se dnes probudili do sice chladn\u00e9ho, ale sluncem zalit\u00e9ho r\u00e1na. Jinak \u0159e\u010deno, mraky jsme jist\u011b rozehnali spole\u010dn\u00fdmi silami, svou optimistickou n\u00e1ladou a o\u010dek\u00e1v\u00e1n\u00edm, co v\u0161e dne\u0161n\u00ed kulturn\u00ed \u010dtvrtek p\u0159inese. Sraz jako obvykle v 9 h u v\u00fdte\u010dn\u00e9 rann\u00ed k\u00e1vy, a sv\u011bte div se, na autobusov\u00e9 [&hellip;]<\/p>\n","protected":false},"author":2,"featured_media":0,"comment_status":"open","ping_status":"closed","sticky":false,"template":"","format":"standard","meta":{"ngg_post_thumbnail":0,"footnotes":""},"categories":[2],"tags":[],"class_list":["post-2209","post","type-post","status-publish","format-standard","hentry","category-kulturni-ctvrtky"],"_links":{"self":[{"href":"https:\/\/www.infopoint.cz\/polsko\/wp-json\/wp\/v2\/posts\/2209","targetHints":{"allow":["GET"]}}],"collection":[{"href":"https:\/\/www.infopoint.cz\/polsko\/wp-json\/wp\/v2\/posts"}],"about":[{"href":"https:\/\/www.infopoint.cz\/polsko\/wp-json\/wp\/v2\/types\/post"}],"author":[{"embeddable":true,"href":"https:\/\/www.infopoint.cz\/polsko\/wp-json\/wp\/v2\/users\/2"}],"replies":[{"embeddable":true,"href":"https:\/\/www.infopoint.cz\/polsko\/wp-json\/wp\/v2\/comments?post=2209"}],"version-history":[{"count":5,"href":"https:\/\/www.infopoint.cz\/polsko\/wp-json\/wp\/v2\/posts\/2209\/revisions"}],"predecessor-version":[{"id":2248,"href":"https:\/\/www.infopoint.cz\/polsko\/wp-json\/wp\/v2\/posts\/2209\/revisions\/2248"}],"wp:attachment":[{"href":"https:\/\/www.infopoint.cz\/polsko\/wp-json\/wp\/v2\/media?parent=2209"}],"wp:term":[{"taxonomy":"category","embeddable":true,"href":"https:\/\/www.infopoint.cz\/polsko\/wp-json\/wp\/v2\/categories?post=2209"},{"taxonomy":"post_tag","embeddable":true,"href":"https:\/\/www.infopoint.cz\/polsko\/wp-json\/wp\/v2\/tags?post=2209"}],"curies":[{"name":"wp","href":"https:\/\/api.w.org\/{rel}","templated":true}]}}