{"id":226,"date":"2015-11-09T23:49:25","date_gmt":"2015-11-09T22:49:25","guid":{"rendered":"http:\/\/www.infopoint.cz\/polsko\/?p=226"},"modified":"2016-03-09T11:03:09","modified_gmt":"2016-03-09T10:03:09","slug":"kralovsky-zamek-a-napoleon","status":"publish","type":"post","link":"https:\/\/www.infopoint.cz\/polsko\/kralovsky-zamek-a-napoleon\/","title":{"rendered":"Kr\u00e1lovsk\u00fd z\u00e1mek a Napoleon"},"content":{"rendered":"<p><a class=\"ngg-fancybox\" title=\" \" href=\"\/\/www.infopoint.cz\/polsko\/wp-content\/uploads\/sites\/22\/nggallery\/kralovsky-zamek-a-vystava-napoleon-a-umeni\/20151105_1117331.jpg\" rel=\"\" data-image-id=\"34\" data-src=\"\/\/www.infopoint.cz\/polsko\/wp-content\/uploads\/sites\/22\/nggallery\/kralovsky-zamek-a-vystava-napoleon-a-umeni\/20151105_1117331.jpg\" data-thumbnail=\"\/\/www.infopoint.cz\/polsko\/wp-content\/uploads\/sites\/22\/nggallery\/kralovsky-zamek-a-vystava-napoleon-a-umeni\/thumbs\/thumbs_20151105_1117331.jpg\" data-title=\"20151105_1117331\" data-description=\" \"><img decoding=\"async\" class=\"ngg-singlepic ngg-left alignleft\" src=\"\/\/www.infopoint.cz\/polsko\/wp-content\/uploads\/sites\/22\/nggallery\/kralovsky-zamek-a-vystava-napoleon-a-umeni\/thumbs\/thumbs_20151105_1117331.jpg\" alt=\"20151105_1117331\" \/><\/a>U p\u0159\u00edle\u017eitosti v\u00fdro\u010d\u00ed 200 let <a href=\"\/\/cs.wikipedia.org\/wiki\/Bitva_u_Waterloo\">Bitvy u Waterloo<\/a> se odehr\u00e1vala v\u00fdstava <a href=\"\/\/www.zamek-krolewski.pl\/en\/your-visit\/temporary-exhibitions\/napoleon-and-art\">Napoleon a um\u011bn\u00ed<\/a> v Kr\u00e1lovsk\u00e9m z\u00e1mku. Odhaluje r\u016fzn\u00e9 techniky um\u011bn\u00ed z t\u00e9to doby. Od <span id=\"result_box\" class=\"\" lang=\"cs\"><span class=\"hps\">honosn\u00fdch<\/span> <span class=\"hps\">neoklasicistn\u00ed<\/span> <span class=\"hps\">prac\u00ed<\/span> <span class=\"hps\">vypl\u00fdvaj\u00edc\u00edch z<\/span> <span class=\"hps\">antick\u00e9<\/span> <span class=\"hps\">kultury<\/span> <span class=\"hps\">a<\/span> <span class=\"hps\">inspirovan\u00fdch<\/span> <span class=\"hps\">archeologick\u00fdch n\u00e1lez\u016f<\/span>, p\u0159es <span class=\"hps\">fascinaci<\/span> <span class=\"hps\">Orientem a\u017e<\/span> <span class=\"hps\">k<\/span> <span class=\"hps\">Egyptomani\u00ed<\/span> <span class=\"hps\">vznikaj\u00edc\u00ed<\/span> <span class=\"hps\">po Napoleonov\u011b<\/span> <span class=\"hps\">ta\u017een\u00ed<\/span> <span class=\"hps\">v Egypt\u011b<\/span>. Barevn\u011b a kompozi\u010dn\u011b byly zaj\u00edmav\u00e9 obrazy postav se z\u00e1ti\u0161\u00edm v \u00fa\u017easn\u00e9 perspektiv\u011b, kter\u00e9 vyvol\u00e1valy dojem 3d obraz\u016f.<\/span><br \/>\n<span id=\"result_box\" class=\"\" lang=\"cs\"><a class=\"ngg-fancybox\" title=\" \" href=\"\/\/www.infopoint.cz\/polsko\/wp-content\/uploads\/sites\/22\/nggallery\/kralovsky-zamek-a-vystava-napoleon-a-umeni\/vstupenka1.jpg\" rel=\"\" data-image-id=\"36\" data-src=\"\/\/www.infopoint.cz\/polsko\/wp-content\/uploads\/sites\/22\/nggallery\/kralovsky-zamek-a-vystava-napoleon-a-umeni\/vstupenka1.jpg\" data-thumbnail=\"\/\/www.infopoint.cz\/polsko\/wp-content\/uploads\/sites\/22\/nggallery\/kralovsky-zamek-a-vystava-napoleon-a-umeni\/thumbs\/thumbs_vstupenka1.jpg\" data-title=\"vstupenka1\" data-description=\" \"><img decoding=\"async\" class=\"ngg-singlepic ngg-right alignright\" src=\"\/\/www.infopoint.cz\/polsko\/wp-content\/uploads\/sites\/22\/nggallery\/kralovsky-zamek-a-vystava-napoleon-a-umeni\/thumbs\/thumbs_vstupenka1.jpg\" alt=\"vstupenka1\" \/><\/a><\/span><\/p>\n<p>Cht\u011bl jsem ud\u011blat n\u011bjakou fotografickou dokumentaci, ale odradila m\u011b mal\u00e1 informa\u010dn\u00ed tabulka na za\u010d\u00e1tku v\u00fdstavy s p\u0159e\u0161krtnut\u00fdm fotoapar\u00e1tem.<\/p>\n<p>Pozd\u011bji p\u0159i proch\u00e1zen\u00ed mezi expon\u00e1ty m\u011b p\u0159ekvapil zvuk cvakaj\u00edc\u00ed z\u00e1v\u011brky. P\u0159i bli\u017e\u0161\u00edm zkoum\u00e1n\u00ed se uk\u00e1zalo, \u017ee t\u00e9m\u011b\u0159 ka\u017ed\u00fd, kdo byl na v\u00fdstav\u011b, fot\u00ed mobiln\u00edm telefonem. No nic, aspo\u0148 jednou budu slu\u0161n\u00fd a spo\u0159\u00e1dan\u00fd turista.<\/p>\n<p><a class=\"ngg-fancybox\" title=\" \" href=\"\/\/www.infopoint.cz\/polsko\/wp-content\/uploads\/sites\/22\/nggallery\/kralovsky-zamek-a-vystava-napoleon-a-umeni\/20151105_1309171.jpg\" rel=\"\" data-image-id=\"35\" data-src=\"\/\/www.infopoint.cz\/polsko\/wp-content\/uploads\/sites\/22\/nggallery\/kralovsky-zamek-a-vystava-napoleon-a-umeni\/20151105_1309171.jpg\" data-thumbnail=\"\/\/www.infopoint.cz\/polsko\/wp-content\/uploads\/sites\/22\/nggallery\/kralovsky-zamek-a-vystava-napoleon-a-umeni\/thumbs\/thumbs_20151105_1309171.jpg\" data-title=\"20151105_1309171\" data-description=\" \"><img decoding=\"async\" class=\"ngg-singlepic ngg-left alignleft\" src=\"\/\/www.infopoint.cz\/polsko\/wp-content\/uploads\/sites\/22\/nggallery\/kralovsky-zamek-a-vystava-napoleon-a-umeni\/thumbs\/thumbs_20151105_1309171.jpg\" alt=\"20151105_1309171\" \/><\/a>V\u00fdstava krom\u011b obraz\u016f zahrnovala tak\u00e9 p\u0159edm\u011bty denn\u00ed pot\u0159eby, jako \u017eidle, stoly, \u010dajov\u00e9 servisy a dokonal\u00fd neces\u00e9r v ozdobn\u00e9\u00a0 d\u0159ev\u011bn\u00e9 krabi\u010dce.<\/p>\n<p>P\u0159i pohledu na st\u0159\u00edbrn\u00e9 n\u00e1dob\u00ed jsem si vzpomn\u011bl, \u017ee jsem na PTA-enoticeboard, co chod\u00ed emailem, jsem \u010detl zaj\u00edmav\u00fd inzer\u00e1t. Jedna rodina nab\u00edzela svoji hospodyni, kter\u00e1 stra\u0161n\u011b r\u00e1da le\u0161t\u00ed st\u0159\u00edbrn\u00e9 p\u0159\u00edbory&#8230;<a class=\"ngg-fancybox\" title=\" \" href=\"\/\/www.infopoint.cz\/polsko\/wp-content\/uploads\/sites\/22\/nggallery\/kralovsky-zamek-a-vystava-napoleon-a-umeni\/20151105_1248291.jpg\" rel=\"\" data-image-id=\"37\" data-src=\"\/\/www.infopoint.cz\/polsko\/wp-content\/uploads\/sites\/22\/nggallery\/kralovsky-zamek-a-vystava-napoleon-a-umeni\/20151105_1248291.jpg\" data-thumbnail=\"\/\/www.infopoint.cz\/polsko\/wp-content\/uploads\/sites\/22\/nggallery\/kralovsky-zamek-a-vystava-napoleon-a-umeni\/thumbs\/thumbs_20151105_1248291.jpg\" data-title=\"20151105_1248291\" data-description=\" \"><img decoding=\"async\" class=\"ngg-singlepic ngg-right alignright\" src=\"\/\/www.infopoint.cz\/polsko\/wp-content\/uploads\/sites\/22\/nggallery\/kralovsky-zamek-a-vystava-napoleon-a-umeni\/thumbs\/thumbs_20151105_1248291.jpg\" alt=\"20151105_1248291\" \/><\/a><\/p>\n<p>Potom jsme \u0161ly do restaurace <a href=\"\/\/www.infopoint.cz\/polsko\/onggi\/\">Onggi<\/a> na mal\u00fd ob\u011bd. Cestou jsme minuli zaj\u00edmavou budovu, kter\u00e1 svoj\u00ed v\u00fdzdobou a interi\u00e9rem p\u0159ipom\u00ednala metro. Byly tam &#8222;pra\u017esk\u00e9&#8220; eskal\u00e1tory, ale m\u00edsto do podzem\u00ed sm\u011b\u0159ovaly na zast\u00e1vku autobusu. &#8222;Don&#8217;t be silly, Ales&#8220;.<\/p>\n<p>&nbsp;<\/p>\n<p><img decoding=\"async\" class=\"ngg_displayed_gallery mceItem\" src=\"\/\/www.infopoint.cz\/polsko\/nextgen-attach_to_post\/preview\/id--263\" alt=\"\" data-mce-placeholder=\"1\" \/><\/p>\n","protected":false},"excerpt":{"rendered":"<p>U p\u0159\u00edle\u017eitosti v\u00fdro\u010d\u00ed 200 let Bitvy u Waterloo se odehr\u00e1vala v\u00fdstava Napoleon a um\u011bn\u00ed v Kr\u00e1lovsk\u00e9m z\u00e1mku. Odhaluje r\u016fzn\u00e9 techniky um\u011bn\u00ed z t\u00e9to doby. Od honosn\u00fdch neoklasicistn\u00ed prac\u00ed vypl\u00fdvaj\u00edc\u00edch z antick\u00e9 kultury a inspirovan\u00fdch archeologick\u00fdch n\u00e1lez\u016f, p\u0159es fascinaci Orientem a\u017e k Egyptomani\u00ed vznikaj\u00edc\u00ed po Napoleonov\u011b ta\u017een\u00ed v Egypt\u011b. Barevn\u011b a kompozi\u010dn\u011b byly zaj\u00edmav\u00e9 obrazy postav [&hellip;]<\/p>\n","protected":false},"author":2,"featured_media":0,"comment_status":"closed","ping_status":"closed","sticky":false,"template":"","format":"standard","meta":{"ngg_post_thumbnail":0,"footnotes":""},"categories":[2],"tags":[],"class_list":["post-226","post","type-post","status-publish","format-standard","hentry","category-kulturni-ctvrtky"],"_links":{"self":[{"href":"https:\/\/www.infopoint.cz\/polsko\/wp-json\/wp\/v2\/posts\/226","targetHints":{"allow":["GET"]}}],"collection":[{"href":"https:\/\/www.infopoint.cz\/polsko\/wp-json\/wp\/v2\/posts"}],"about":[{"href":"https:\/\/www.infopoint.cz\/polsko\/wp-json\/wp\/v2\/types\/post"}],"author":[{"embeddable":true,"href":"https:\/\/www.infopoint.cz\/polsko\/wp-json\/wp\/v2\/users\/2"}],"replies":[{"embeddable":true,"href":"https:\/\/www.infopoint.cz\/polsko\/wp-json\/wp\/v2\/comments?post=226"}],"version-history":[{"count":31,"href":"https:\/\/www.infopoint.cz\/polsko\/wp-json\/wp\/v2\/posts\/226\/revisions"}],"predecessor-version":[{"id":1012,"href":"https:\/\/www.infopoint.cz\/polsko\/wp-json\/wp\/v2\/posts\/226\/revisions\/1012"}],"wp:attachment":[{"href":"https:\/\/www.infopoint.cz\/polsko\/wp-json\/wp\/v2\/media?parent=226"}],"wp:term":[{"taxonomy":"category","embeddable":true,"href":"https:\/\/www.infopoint.cz\/polsko\/wp-json\/wp\/v2\/categories?post=226"},{"taxonomy":"post_tag","embeddable":true,"href":"https:\/\/www.infopoint.cz\/polsko\/wp-json\/wp\/v2\/tags?post=226"}],"curies":[{"name":"wp","href":"https:\/\/api.w.org\/{rel}","templated":true}]}}