{"id":2312,"date":"2016-11-02T21:28:50","date_gmt":"2016-11-02T20:28:50","guid":{"rendered":"http:\/\/www.infopoint.cz\/polsko\/?p=2312"},"modified":"2016-11-08T11:03:40","modified_gmt":"2016-11-08T10:03:40","slug":"hala-koszyki-aneb-nikdy-neni-cas-se-vzdavat","status":"publish","type":"post","link":"https:\/\/www.infopoint.cz\/polsko\/hala-koszyki-aneb-nikdy-neni-cas-se-vzdavat\/","title":{"rendered":"Hala Koszyki aneb nikdy nen\u00ed \u010das se vzd\u00e1vat"},"content":{"rendered":"<p>Jak je pravidlem, ve \u010dtvrtek n\u00e1s \u010dekalo dal\u0161\u00ed p\u0159\u00edjemn\u00e9 setk\u00e1n\u00ed. Tentokr\u00e1te po rozprav\u011b nad dobrou b\u00e1bovkou a k\u00e1vou \u010di \u010dajem jsme vyrazili na prozkoum\u00e1v\u00e1n\u00ed ulice Koszykova a jej\u00edho okol\u00ed, p\u0159edev\u0161\u00edm do nov\u011b otev\u0159en\u00e9 Haly Koszyki.<\/p>\n<p><a class=\"ngg-fancybox\" title=\" \" href=\"\/\/www.infopoint.cz\/polsko\/wp-content\/uploads\/sites\/22\/nggallery\/hala-koszyki\/m004.jpg\" rel=\"\" data-image-id=\"563\" data-src=\"\/\/www.infopoint.cz\/polsko\/wp-content\/uploads\/sites\/22\/nggallery\/hala-koszyki\/m004.jpg\" data-thumbnail=\"\/\/www.infopoint.cz\/polsko\/wp-content\/uploads\/sites\/22\/nggallery\/hala-koszyki\/thumbs\/thumbs_m004.jpg\" data-title=\"m004\" data-description=\" \"><img decoding=\"async\" class=\"ngg-singlepic ngg-left alignleft\" src=\"\/\/www.infopoint.cz\/polsko\/wp-content\/uploads\/sites\/22\/nggallery\/hala-koszyki\/thumbs\/thumbs_m004.jpg\" alt=\"m004\"><\/a>Z&nbsp;matematick\u00e9ho pohledu je ulice Koszykova zaj\u00edmav\u00e1 t\u00edm, \u017ee je nespojit\u00e1, co\u017e se pr\u00fd n\u011bkter\u00fdm ulic\u00edm ve Var\u0161av\u011b prost\u011b st\u00e1v\u00e1. Z&nbsp;pohledu architektonick\u00e9ho je jej\u00ed okol\u00ed nabit\u00e9 na ka\u017ed\u00e9m kroku, mimochodem tu s\u00eddl\u00ed i fakulta architektury Var\u0161avsk\u00e9 Polytechniky.<\/p>\n<p>Nesp\u011bchejme ale, na\u0161e obdivov\u00e1n\u00ed za\u010dalo u budovatelsk\u00fdch reli\u00e9f\u016f na ulici Marszalkowsk\u00e9. Pot\u00e9 jsme zam\u00ed\u0159ili k budov\u011b Polytechniky na Placu Polytechniky. Sv\u011bt univerzitn\u00ed je kupodivu otev\u0159en\u00fd i v&nbsp;dne\u0161n\u00ed opatrn\u00e9 dob\u011b a tak jsme mohli obdivovat atrium budovy s&nbsp;honosn\u00fdm vnit\u0159n\u00edm schodi\u0161t\u011bm <a class=\"ngg-fancybox\" title=\" \" href=\"\/\/www.infopoint.cz\/polsko\/wp-content\/uploads\/sites\/22\/nggallery\/hala-koszyki\/m003.jpg\" rel=\"\" data-image-id=\"562\" data-src=\"\/\/www.infopoint.cz\/polsko\/wp-content\/uploads\/sites\/22\/nggallery\/hala-koszyki\/m003.jpg\" data-thumbnail=\"\/\/www.infopoint.cz\/polsko\/wp-content\/uploads\/sites\/22\/nggallery\/hala-koszyki\/thumbs\/thumbs_m003.jpg\" data-title=\"m003\" data-description=\" \"><img decoding=\"async\" class=\"ngg-singlepic ngg-right alignright\" src=\"\/\/www.infopoint.cz\/polsko\/wp-content\/uploads\/sites\/22\/nggallery\/hala-koszyki\/thumbs\/thumbs_m003.jpg\" alt=\"m003\"><\/a>z p\u0159elomu 19. a 20. stolet\u00ed. \u017divost v\u0161emu dod\u00e1valy dole st\u00e1nky zvouc\u00ed studenty na zahrani\u010dn\u00ed st\u00e1\u017ee a naho\u0159e zasklen\u00fd barevn\u00fd strop. Ten u\u017e toho vid\u011bl hodn\u011b, na schodi\u0161ti se toti\u017e ud\u00e1lo mnoho d\u016fle\u017eit\u00fdch historick\u00fdch manifestac\u00ed.<\/p>\n<p><a class=\"ngg-fancybox\" title=\" \" href=\"\/\/www.infopoint.cz\/polsko\/wp-content\/uploads\/sites\/22\/nggallery\/hala-koszyki\/m008.jpg\" rel=\"\" data-image-id=\"566\" data-src=\"\/\/www.infopoint.cz\/polsko\/wp-content\/uploads\/sites\/22\/nggallery\/hala-koszyki\/m008.jpg\" data-thumbnail=\"\/\/www.infopoint.cz\/polsko\/wp-content\/uploads\/sites\/22\/nggallery\/hala-koszyki\/thumbs\/thumbs_m008.jpg\" data-title=\"m008\" data-description=\" \"><img decoding=\"async\" class=\"ngg-singlepic ngg-left alignleft\" src=\"\/\/www.infopoint.cz\/polsko\/wp-content\/uploads\/sites\/22\/nggallery\/hala-koszyki\/thumbs\/thumbs_m008.jpg\" alt=\"m008\"><\/a>Ve vchodu domu Lwowska 13 jsme \u0159e\u0161ili z\u00e1hadu 20 p\u00e1ru zapr\u00e1\u0161en\u00fdch holin, kter\u00e9 se nach\u00e1zely v&nbsp;p\u0159\u00edzem\u00ed bohat\u011b zdoben\u00e9 dvoupatrov\u00e9 budovy, zastav\u011bn\u00e9 mezi vysok\u00fdmi domy nov\u011bj\u0161\u00ed z\u00e1stavy. Uk\u00e1zalo se, \u017ee tuto budovu nyn\u00ed vyu\u017e\u00edv\u00e1 pr\u00e1v\u011b stavebn\u00ed odd\u011blen\u00ed pro Halu Koszyki a z\u00e1hada byla rozlu\u0161t\u011bna. Jen t\u011bm stava\u0159\u016fm celkem z\u00e1vid\u00edm, \u017ee se proch\u00e1z\u00ed po star\u00e9m d\u0159ev\u011bn\u00e9m schodi\u0161ti a mohou se kochat uklid\u0148uj\u00edc\u00ed zelenou v\u00fdmalbou s&nbsp;b\u00edl\u00fdmi \u0161tuky.<a class=\"ngg-fancybox\" title=\" \" href=\"\/\/www.infopoint.cz\/polsko\/wp-content\/uploads\/sites\/22\/nggallery\/hala-koszyki\/m011.jpg\" rel=\"\" data-image-id=\"569\" data-src=\"\/\/www.infopoint.cz\/polsko\/wp-content\/uploads\/sites\/22\/nggallery\/hala-koszyki\/m011.jpg\" data-thumbnail=\"\/\/www.infopoint.cz\/polsko\/wp-content\/uploads\/sites\/22\/nggallery\/hala-koszyki\/thumbs\/thumbs_m011.jpg\" data-title=\"m011\" data-description=\" \"><img decoding=\"async\" class=\"ngg-singlepic ngg-right alignright\" src=\"\/\/www.infopoint.cz\/polsko\/wp-content\/uploads\/sites\/22\/nggallery\/hala-koszyki\/thumbs\/thumbs_m011.jpg\" alt=\"m011\"><\/a><\/p>\n<p>Zelen\u00e1 barva je i barvou cel\u00e9 haly Koszyki (<a href=\"\/\/koszyki.com\" data-saferedirecturl=\"https:\/\/www.google.com\/url?hl=cs&amp;q=\/\/koszyki.com&amp;source=gmail&amp;ust=1478202902807000&amp;usg=AFQjCNHO7GJvDo1tOhjXsmeppwo18CFrpg\">koszyki.com<\/a>), jej\u00ed\u017e z\u00e1kladn\u00ed \u017eelezn\u00e1 konstrukce m\u00e1 zaj\u00edmav\u00fd, a\u017e poh\u00e1dkov\u00fd p\u0159\u00edb\u011bh. Hala byla postavena na po\u010d\u00e1tku 20. stolet\u00ed v&nbsp;secesn\u00edm stylu. Jej\u00ed kovov\u00e1 konstrukce byla p\u016fvodn\u011b ur\u010dena pro vojenskou pevnost Twierdzy Modlin, ale nespl\u0148ovala n\u00e1ro\u010dn\u00e9 <a class=\"ngg-fancybox\" title=\" \" href=\"\/\/www.infopoint.cz\/polsko\/wp-content\/uploads\/sites\/22\/nggallery\/hala-koszyki\/m012.jpg\" rel=\"\" data-image-id=\"570\" data-src=\"\/\/www.infopoint.cz\/polsko\/wp-content\/uploads\/sites\/22\/nggallery\/hala-koszyki\/m012.jpg\" data-thumbnail=\"\/\/www.infopoint.cz\/polsko\/wp-content\/uploads\/sites\/22\/nggallery\/hala-koszyki\/thumbs\/thumbs_m012.jpg\" data-title=\"m012\" data-description=\" \"><img decoding=\"async\" class=\"ngg-singlepic ngg-left alignleft\" src=\"\/\/www.infopoint.cz\/polsko\/wp-content\/uploads\/sites\/22\/nggallery\/hala-koszyki\/thumbs\/thumbs_m012.jpg\" alt=\"m012\"><\/a>po\u017eadavky a tak ji pou\u017eili pr\u00e1v\u011b ke stavb\u011b t\u00e9to tr\u017enice. Pozd\u011bji budova za\u010dala ch\u00e1trat, byla zav\u0159en\u00e1 a n\u011bkter\u00e9 knihy psaly i o tom, \u017ee tento projekt u\u017e nikdy nebude o\u017eiven. A p\u0159esto se nyn\u00ed hala zase zapln\u00ed lidmi. To je jasn\u00e9 ze v\u0161ech t\u011bch vo\u0148av\u00fdch restaurac\u00ed a obch\u016fdk\u016f se v\u0161\u00edm mo\u017en\u00fdm. Vedle pokrm\u016f tentokr\u00e1t indick\u00fdch \u2013 p\u011bkn\u011b rozpaluj\u00edc\u00edch \u2013 n\u00e1s zaujal i technicko-um\u011bleck\u00fd prvek v&nbsp;horn\u00edm pat\u0159e. S\u00ed\u0165 kovov\u00fdch lamel zav\u011b\u0161en\u00e1 na tenk\u00fdch lank\u00e1ch p\u0159esn\u011b odpov\u00edd\u00e1 pohybu hladiny Tich\u00e9ho oce\u00e1nu na n\u011bjak\u00e9 stanici odkud data pos\u00edlaj\u00ed. Tak vid\u00edte, i ve Var\u0161av\u011b je kousek oce\u00e1nu.<\/p>\n<p>Napsala pro <a href=\"\/\/www.infopoint.cz\/polsko\/category\/kulturni-ctvrtky\/\">kulturn\u00ed \u010dtvrtek<\/a> 27.10.2016: Zuzka<\/p>\n<p><a href=\"\/\/www.infopoint.cz\/polsko\/fotogalerie\/rok-2016\/\">M\u016f\u017eete se tak\u00e9 pod\u00edvat na ostatn\u00ed fotografie.<\/a><\/p>\n","protected":false},"excerpt":{"rendered":"<p>Jak je pravidlem, ve \u010dtvrtek n\u00e1s \u010dekalo dal\u0161\u00ed p\u0159\u00edjemn\u00e9 setk\u00e1n\u00ed. Tentokr\u00e1te po rozprav\u011b nad dobrou b\u00e1bovkou a k\u00e1vou \u010di \u010dajem jsme vyrazili na prozkoum\u00e1v\u00e1n\u00ed ulice Koszykova a jej\u00edho okol\u00ed, p\u0159edev\u0161\u00edm do nov\u011b otev\u0159en\u00e9 Haly Koszyki. Z&nbsp;matematick\u00e9ho pohledu je ulice Koszykova zaj\u00edmav\u00e1 t\u00edm, \u017ee je nespojit\u00e1, co\u017e se pr\u00fd n\u011bkter\u00fdm ulic\u00edm ve Var\u0161av\u011b prost\u011b st\u00e1v\u00e1. Z&nbsp;pohledu [&hellip;]<\/p>\n","protected":false},"author":2,"featured_media":0,"comment_status":"open","ping_status":"closed","sticky":false,"template":"","format":"standard","meta":{"ngg_post_thumbnail":0,"footnotes":""},"categories":[2],"tags":[],"class_list":["post-2312","post","type-post","status-publish","format-standard","hentry","category-kulturni-ctvrtky"],"_links":{"self":[{"href":"https:\/\/www.infopoint.cz\/polsko\/wp-json\/wp\/v2\/posts\/2312","targetHints":{"allow":["GET"]}}],"collection":[{"href":"https:\/\/www.infopoint.cz\/polsko\/wp-json\/wp\/v2\/posts"}],"about":[{"href":"https:\/\/www.infopoint.cz\/polsko\/wp-json\/wp\/v2\/types\/post"}],"author":[{"embeddable":true,"href":"https:\/\/www.infopoint.cz\/polsko\/wp-json\/wp\/v2\/users\/2"}],"replies":[{"embeddable":true,"href":"https:\/\/www.infopoint.cz\/polsko\/wp-json\/wp\/v2\/comments?post=2312"}],"version-history":[{"count":4,"href":"https:\/\/www.infopoint.cz\/polsko\/wp-json\/wp\/v2\/posts\/2312\/revisions"}],"predecessor-version":[{"id":2317,"href":"https:\/\/www.infopoint.cz\/polsko\/wp-json\/wp\/v2\/posts\/2312\/revisions\/2317"}],"wp:attachment":[{"href":"https:\/\/www.infopoint.cz\/polsko\/wp-json\/wp\/v2\/media?parent=2312"}],"wp:term":[{"taxonomy":"category","embeddable":true,"href":"https:\/\/www.infopoint.cz\/polsko\/wp-json\/wp\/v2\/categories?post=2312"},{"taxonomy":"post_tag","embeddable":true,"href":"https:\/\/www.infopoint.cz\/polsko\/wp-json\/wp\/v2\/tags?post=2312"}],"curies":[{"name":"wp","href":"https:\/\/api.w.org\/{rel}","templated":true}]}}