{"id":2334,"date":"2016-11-09T10:24:54","date_gmt":"2016-11-09T09:24:54","guid":{"rendered":"http:\/\/www.infopoint.cz\/polsko\/?p=2334"},"modified":"2025-05-30T15:56:40","modified_gmt":"2025-05-30T13:56:40","slug":"prvni-snih-a-donald-prezidentem","status":"publish","type":"post","link":"https:\/\/www.infopoint.cz\/polsko\/prvni-snih-a-donald-prezidentem\/","title":{"rendered":"Prvn\u00ed sn\u00edh a Donald prezidentem"},"content":{"rendered":"<p>Dnes za\u010dal padat prvn\u00ed leto\u0161n\u00ed sn\u00edh. Od ledna 2017 bude nov\u00fd prezident Spojen\u00fdch st\u00e1t\u016f americk\u00fdch republik\u00e1nsk\u00fd kandid\u00e1t Donald Trump (70 let), kter\u00fd porazil demokratku Hillary Clintonovou (69 let). Kdo sleduje <a href=\"http:\/\/zpravy.idnes.cz\/donald-trump-simpsonovi-hollywood-prezident-fop-\/zahranicni.aspx?c=A161110_114611_zahranicni_ert\">seri\u00e1l Simpsonovi<\/a>, v\u00ed \u017ee to nen\u00ed \u017e\u00e1dn\u00e9 p\u0159ekvapen\u00ed.<\/p>\n<p><img loading=\"lazy\" decoding=\"async\" class=\"alignleft wp-image-2335 size-full\" src=\"https:\/\/www.infopoint.cz\/polsko\/wp-content\/uploads\/sites\/22\/2016\/11\/P1010509_1.jpg\" alt=\"p1010509_1\" width=\"800\" height=\"600\" srcset=\"https:\/\/www.infopoint.cz\/polsko\/wp-content\/uploads\/sites\/22\/2016\/11\/P1010509_1.jpg 800w, https:\/\/www.infopoint.cz\/polsko\/wp-content\/uploads\/sites\/22\/2016\/11\/P1010509_1-300x225.jpg 300w, https:\/\/www.infopoint.cz\/polsko\/wp-content\/uploads\/sites\/22\/2016\/11\/P1010509_1-768x576.jpg 768w, https:\/\/www.infopoint.cz\/polsko\/wp-content\/uploads\/sites\/22\/2016\/11\/P1010509_1-690x518.jpg 690w\" sizes=\"auto, (max-width: 800px) 100vw, 800px\" \/><\/p>\n","protected":false},"excerpt":{"rendered":"<p>Dnes za\u010dal padat prvn\u00ed leto\u0161n\u00ed sn\u00edh. Od ledna 2017 bude nov\u00fd prezident Spojen\u00fdch st\u00e1t\u016f americk\u00fdch republik\u00e1nsk\u00fd kandid\u00e1t Donald Trump (70 let), kter\u00fd porazil demokratku Hillary Clintonovou (69 let). Kdo sleduje seri\u00e1l Simpsonovi, v\u00ed \u017ee to nen\u00ed \u017e\u00e1dn\u00e9 p\u0159ekvapen\u00ed.<\/p>\n","protected":false},"author":1,"featured_media":0,"comment_status":"open","ping_status":"closed","sticky":false,"template":"","format":"standard","meta":{"ngg_post_thumbnail":0,"footnotes":""},"categories":[20],"tags":[],"class_list":["post-2334","post","type-post","status-publish","format-standard","hentry","category-tipy"],"_links":{"self":[{"href":"https:\/\/www.infopoint.cz\/polsko\/wp-json\/wp\/v2\/posts\/2334","targetHints":{"allow":["GET"]}}],"collection":[{"href":"https:\/\/www.infopoint.cz\/polsko\/wp-json\/wp\/v2\/posts"}],"about":[{"href":"https:\/\/www.infopoint.cz\/polsko\/wp-json\/wp\/v2\/types\/post"}],"author":[{"embeddable":true,"href":"https:\/\/www.infopoint.cz\/polsko\/wp-json\/wp\/v2\/users\/1"}],"replies":[{"embeddable":true,"href":"https:\/\/www.infopoint.cz\/polsko\/wp-json\/wp\/v2\/comments?post=2334"}],"version-history":[{"count":5,"href":"https:\/\/www.infopoint.cz\/polsko\/wp-json\/wp\/v2\/posts\/2334\/revisions"}],"predecessor-version":[{"id":2340,"href":"https:\/\/www.infopoint.cz\/polsko\/wp-json\/wp\/v2\/posts\/2334\/revisions\/2340"}],"wp:attachment":[{"href":"https:\/\/www.infopoint.cz\/polsko\/wp-json\/wp\/v2\/media?parent=2334"}],"wp:term":[{"taxonomy":"category","embeddable":true,"href":"https:\/\/www.infopoint.cz\/polsko\/wp-json\/wp\/v2\/categories?post=2334"},{"taxonomy":"post_tag","embeddable":true,"href":"https:\/\/www.infopoint.cz\/polsko\/wp-json\/wp\/v2\/tags?post=2334"}],"curies":[{"name":"wp","href":"https:\/\/api.w.org\/{rel}","templated":true}]}}