{"id":2440,"date":"2016-12-04T13:25:08","date_gmt":"2016-12-04T12:25:08","guid":{"rendered":"http:\/\/www.infopoint.cz\/polsko\/?p=2440"},"modified":"2016-12-04T16:04:21","modified_gmt":"2016-12-04T15:04:21","slug":"eloktoralnou-k-domu-kereta","status":"publish","type":"post","link":"https:\/\/www.infopoint.cz\/polsko\/eloktoralnou-k-domu-kereta\/","title":{"rendered":"Eloktoralnou k Domu Kereta"},"content":{"rendered":"<div>Po\u010das\u00ed se n\u00e1m velmi intenzivn\u011b sna\u017ei uk\u00e1zat i svou odvr\u00e1cenu stranu, mo\u017ena n\u00e1m i nazna\u010dit, \u017ee bychom m\u011bli rad\u011bji z\u016fst\u00e1vat p\u011bkn\u011b doma v teple s \u0161\u00e1lkem dobr\u00e9ho \u010daje, jen\u017ee jak se moment\u00e1ln\u011b neust\u00e1le line na\u0161\u00edm domem &#8222;my jsme \u010derti rohat\u00ed, a tohle na n\u00e1s neplat\u00ed&#8220;.<\/div>\n<div>&nbsp;<\/div>\n<div>R\u00e1no jsme tradi\u010dn\u011b zah\u00e1jili v\u00fdbornou k\u00e1vou, ov\u0161em k n\u00ed se &#8222;pod\u00e1vala&#8220; nemil\u00e1 zpr\u00e1va, \u017ee se k n\u00e1m nem\u016f\u017ee p\u0159ipojit na\u0161e nepostradateln\u00e1 &#8222;Konstancinsk\u00e1 v\u011btev&#8220;. V <a href=\"http:\/\/www.aswarsaw.org\/about-us\/news\/news-posts\/~post\/urgent-message-from-the-director-20161130\">Americk\u00e9 \u0161kole<\/a> do\u0161lo ve\u010der p\u0159ed t\u00edm k nemil\u00e9 ud\u00e1losti, po\u017e\u00e1ru v kav\u00e1rn\u011b, a tak d\u011bti z\u016fst\u00e1v\u00e1j\u00ed prozat\u00edm doma.<\/div>\n<div>&nbsp;<\/div>\n<div>Na autobusovou zast\u00e1vku jsme dorazili pr\u00e1v\u011b v\u010das, ozna\u010dili j\u00edzdenky a po n\u011bkolika minut\u00e1ch prob\u011bhlo pro n\u011bkter\u00e9 z n\u00e1s prvn\u00ed setk\u00e1n\u00ed s m\u00edstn\u00edmi revizory. Hrd\u011b jsme tasili j\u00edzdenky z kapes a soucitn\u011b pozorovali marn\u00e9 pokusy n\u011bkter\u00fdch dal\u0161\u00edch cestuj\u00edc\u00edch, co nejrychleji autobus opustit.<\/div>\n<div>&nbsp;<\/div>\n<div><a class=\"ngg-fancybox\" title=\" \" href=\"https:\/\/www.infopoint.cz\/polsko\/wp-content\/uploads\/sites\/22\/nggallery\/eloktoralnou-k-domu-kereta\/m03.jpg\" rel=\"\" data-image-id=\"640\" data-src=\"https:\/\/www.infopoint.cz\/polsko\/wp-content\/uploads\/sites\/22\/nggallery\/eloktoralnou-k-domu-kereta\/m03.jpg\" data-thumbnail=\"https:\/\/www.infopoint.cz\/polsko\/wp-content\/uploads\/sites\/22\/nggallery\/eloktoralnou-k-domu-kereta\/thumbs\/thumbs_m03.jpg\" data-title=\"m03\" data-description=\" \"><img decoding=\"async\" class=\"ngg-singlepic ngg-left alignleft\" src=\"https:\/\/www.infopoint.cz\/polsko\/wp-content\/uploads\/sites\/22\/nggallery\/eloktoralnou-k-domu-kereta\/thumbs\/thumbs_m03.jpg\" alt=\"m03\"><\/a>Na\u0161e proch\u00e1zka za\u010dala na placu Bankowym, kde jsme se rozhodli naj\u00edt, a kdy\u017e u\u017e jsme na\u0161li, tak i pootev\u0159\u00edt dve\u0159e do budovy, kter\u00e1 skr\u00fdv\u00e1 v\u00fdj\u00edme\u010dnou um\u011bleckou sb\u00edrku Janiny and Zbigniewa Carroll-Porczy\u0144skich v\u011bnovanou c\u00edrkvi a n\u00e1rodu&nbsp;&#8211; Sb\u00edrku Jana Pavla II. T\u00e9m\u011b\u0159 poh\u00e1dkov\u00fd, n\u00e1mi vyru\u0161en\u00fd d\u011bde\u010dek byl zprvu sice p\u0159ekvapen, ale pozd\u011bji nad\u0161en na\u0161\u00ed skupinkou pro n\u011bj potencion\u00e1ln\u00edch z\u00e1kazn\u00edk\u016f. <a class=\"ngg-fancybox\" title=\" \" href=\"https:\/\/www.infopoint.cz\/polsko\/wp-content\/uploads\/sites\/22\/nggallery\/eloktoralnou-k-domu-kereta\/m06.jpg\" rel=\"\" data-image-id=\"637\" data-src=\"https:\/\/www.infopoint.cz\/polsko\/wp-content\/uploads\/sites\/22\/nggallery\/eloktoralnou-k-domu-kereta\/m06.jpg\" data-thumbnail=\"https:\/\/www.infopoint.cz\/polsko\/wp-content\/uploads\/sites\/22\/nggallery\/eloktoralnou-k-domu-kereta\/thumbs\/thumbs_m06.jpg\" data-title=\"m06\" data-description=\" \"><img decoding=\"async\" class=\"ngg-singlepic ngg-right alignright\" src=\"https:\/\/www.infopoint.cz\/polsko\/wp-content\/uploads\/sites\/22\/nggallery\/eloktoralnou-k-domu-kereta\/thumbs\/thumbs_m06.jpg\" alt=\"m06\"><\/a>Dokonce si na n\u00e1s i posv\u00edtil, ale asi jsme ho trochu zklamali, proto\u017ee na prohl\u00eddku jsme bohu\u017eel \u010das nem\u011bli. N\u011bkdy p\u0159\u00ed\u0161t\u011b jist\u011b naprav\u00edme, abychom ov\u011b\u0159ili publikovan\u00e9 informace, \u017ee v t\u00e9to galerii je mo\u017en\u00e9 naj\u00edt obrazy Van Gogha, Goyi, Rembrandta a mnoha dal\u0161\u00edch.&nbsp;<\/div>\n<div>&nbsp;<\/div>\n<div>Na\u0161e cesta pokra\u010dovala kolem zn\u00e1m\u00e9 restaurace Der Elefant ulic\u00ed Chlodna, kde jsme <a class=\"ngg-fancybox\" title=\" \" href=\"https:\/\/www.infopoint.cz\/polsko\/wp-content\/uploads\/sites\/22\/nggallery\/eloktoralnou-k-domu-kereta\/m05.jpg\" rel=\"\" data-image-id=\"638\" data-src=\"https:\/\/www.infopoint.cz\/polsko\/wp-content\/uploads\/sites\/22\/nggallery\/eloktoralnou-k-domu-kereta\/m05.jpg\" data-thumbnail=\"https:\/\/www.infopoint.cz\/polsko\/wp-content\/uploads\/sites\/22\/nggallery\/eloktoralnou-k-domu-kereta\/thumbs\/thumbs_m05.jpg\" data-title=\"m05\" data-description=\" \"><img decoding=\"async\" class=\"ngg-singlepic ngg-left alignleft\" src=\"https:\/\/www.infopoint.cz\/polsko\/wp-content\/uploads\/sites\/22\/nggallery\/eloktoralnou-k-domu-kereta\/thumbs\/thumbs_m05.jpg\" alt=\"m05\"><\/a>si v \u00fatuln\u00e9m bistru <a href=\"https:\/\/www.infopoint.cz\/polsko\/do-woli\/\">Do Woli<\/a> dop\u0159\u00e1li na cestu n\u011bco tepl\u00e9ho na zah\u0159\u00e1ti. Pot\u00e9 u\u017e vedli na\u0161e kroky k p\u0159edem vyty\u010den\u00e9mu c\u00edli k <a href=\"http:\/\/www.domkereta.pl\">Domu Kereta<\/a> v ulici&nbsp;\u017delazna&nbsp;od architekta Jakuba Szczesn\u00e9ho. D\u016fm byl vytvo\u0159en pro izraelsk\u00e9ho spisovatele Etgara Kereta, jeho\u017e matka byla za v\u00e1lky ve var\u0161avsk\u00e9m ghettu, proto v\u00fdb\u011br m\u00edsta pro stavbu domu nen\u00ed zcela n\u00e1hodn\u00fd. E. Keret byl jeho prvnim n\u00e1jemcem a nyn\u00ed by m\u011bl d\u016fm d\u00e1le slou\u017eit um\u011blc\u016fm z cel\u00e9ho sv\u011bta. <a class=\"ngg-fancybox\" title=\" \" href=\"https:\/\/www.infopoint.cz\/polsko\/wp-content\/uploads\/sites\/22\/nggallery\/eloktoralnou-k-domu-kereta\/mu05.jpg\" rel=\"\" data-image-id=\"619\" data-src=\"https:\/\/www.infopoint.cz\/polsko\/wp-content\/uploads\/sites\/22\/nggallery\/eloktoralnou-k-domu-kereta\/mu05.jpg\" data-thumbnail=\"https:\/\/www.infopoint.cz\/polsko\/wp-content\/uploads\/sites\/22\/nggallery\/eloktoralnou-k-domu-kereta\/thumbs\/thumbs_mu05.jpg\" data-title=\"mu05\" data-description=\" \"><img decoding=\"async\" class=\"ngg-singlepic ngg-right alignright\" src=\"https:\/\/www.infopoint.cz\/polsko\/wp-content\/uploads\/sites\/22\/nggallery\/eloktoralnou-k-domu-kereta\/thumbs\/thumbs_mu05.jpg\" alt=\"mu05\"><\/a>\u00dadajn\u011b v n\u011bm najdeme lo\u017enici, ob\u00fdvac\u00ed pokoj s pracovn\u00edm koutem, kuchy\u0148ku i koupelnu. Jeho \u0161\u00ed\u0159ka pouh\u00fdch 133 cm n\u011bkter\u00e9 nadchla jin\u00e9 trochu d\u011bsila. V ka\u017ed\u00e9m p\u0159\u00edpad\u011b jsme nemohli v proch\u00e1zce d\u00e1le pokra\u010dovat, proto\u017ee n\u00e1s velmi zaj\u00edmalo, jak se do toho minidome\u010dku troj\u00faheln\u00edkov\u00e9ho tvaru vlastn\u011b vch\u00e1z\u00ed. Co\u017e znamen\u00e1, \u017ee jsme obe\u0161li blok, vloudili se na zadn\u00ed n\u00e1dvo\u0159\u00ed a vchod opravdu na\u0161li. Hobiti by m\u011bli radost.&nbsp;<\/div>\n<div>&nbsp;<\/div>\n<div><a class=\"ngg-fancybox\" title=\" \" href=\"https:\/\/www.infopoint.cz\/polsko\/wp-content\/uploads\/sites\/22\/nggallery\/eloktoralnou-k-domu-kereta\/m12.jpg\" rel=\"\" data-image-id=\"631\" data-src=\"https:\/\/www.infopoint.cz\/polsko\/wp-content\/uploads\/sites\/22\/nggallery\/eloktoralnou-k-domu-kereta\/m12.jpg\" data-thumbnail=\"https:\/\/www.infopoint.cz\/polsko\/wp-content\/uploads\/sites\/22\/nggallery\/eloktoralnou-k-domu-kereta\/thumbs\/thumbs_m12.jpg\" data-title=\"m12\" data-description=\" \"><img decoding=\"async\" class=\"ngg-singlepic ngg-left alignleft\" src=\"https:\/\/www.infopoint.cz\/polsko\/wp-content\/uploads\/sites\/22\/nggallery\/eloktoralnou-k-domu-kereta\/thumbs\/thumbs_m12.jpg\" alt=\"m12\"><\/a>Na rohu ulic Chlodna a \u017delazna byl za druh\u00e9 sv\u011btov\u00e9 v\u00e1lky d\u0159ev\u011bn\u00fd most, kter\u00fd spojoval Mal\u00e9 a Velk\u00e9 ghetto. Ti, kdo ji\u017e nav\u0161t\u00edvili muzeum Polin, m\u011bli mo\u017enost v jedn\u00e9 z expozic po tomto rozporupln\u00e9 pocity vyvol\u00e1vaj\u00edc\u00edm most\u011b proj\u00edt. My jsme se dnes vydali na m\u00edsto se \u010dty\u0159mi \u017eelezn\u00fdmi sloupy, kde most st\u00e1l p\u016fvodn\u011b.<a class=\"ngg-fancybox\" title=\" \" href=\"https:\/\/www.infopoint.cz\/polsko\/wp-content\/uploads\/sites\/22\/nggallery\/eloktoralnou-k-domu-kereta\/m14.jpg\" rel=\"\" data-image-id=\"629\" data-src=\"https:\/\/www.infopoint.cz\/polsko\/wp-content\/uploads\/sites\/22\/nggallery\/eloktoralnou-k-domu-kereta\/m14.jpg\" data-thumbnail=\"https:\/\/www.infopoint.cz\/polsko\/wp-content\/uploads\/sites\/22\/nggallery\/eloktoralnou-k-domu-kereta\/thumbs\/thumbs_m14.jpg\" data-title=\"m14\" data-description=\" \"><img decoding=\"async\" class=\"ngg-singlepic ngg-right alignright\" src=\"https:\/\/www.infopoint.cz\/polsko\/wp-content\/uploads\/sites\/22\/nggallery\/eloktoralnou-k-domu-kereta\/thumbs\/thumbs_m14.jpg\" alt=\"m14\"><\/a> &nbsp; &nbsp;<\/div>\n<div>&nbsp;<\/div>\n<div>Na\u0161e proch\u00e1zka pokra\u010dovala ulic\u00ed Elektoralnou. Z p\u016fvodn\u00ed z\u00e1stavby toho z\u016fstalo&nbsp;jen velmi m\u00e1lo. Ulice v\u00e1lkou zni\u010den\u00e9ho m\u011bsta byly jen z velmi mal\u00e9 \u010d\u00e1sti zachov\u00e1ny p\u0159\u00edpadn\u011b znovu postaveny se snahou napodobit p\u016fvodn\u00ed podobu, ale p\u0159edev\u0161\u00edm z velk\u00e9 \u010d\u00e1sti zcela nov\u011b zastav\u011bny. &nbsp;<\/div>\n<div>&nbsp;<\/div>\n<div>Na\u0161\u00ed posledn\u00ed zast\u00e1vkou p\u0159ed ob\u011bdem byla na\u0161e obl\u00edben\u00e1 <a href=\"https:\/\/www.infopoint.cz\/polsko\/?s=Zacheta\">Zacheta National Gallery of Art<\/a>, o jej\u00edm\u017e vzniku se rozhodlo ji\u017e v roce <a class=\"ngg-fancybox\" title=\" \" href=\"https:\/\/www.infopoint.cz\/polsko\/wp-content\/uploads\/sites\/22\/nggallery\/eloktoralnou-k-domu-kereta\/m18.jpg\" rel=\"\" data-image-id=\"625\" data-src=\"https:\/\/www.infopoint.cz\/polsko\/wp-content\/uploads\/sites\/22\/nggallery\/eloktoralnou-k-domu-kereta\/m18.jpg\" data-thumbnail=\"https:\/\/www.infopoint.cz\/polsko\/wp-content\/uploads\/sites\/22\/nggallery\/eloktoralnou-k-domu-kereta\/thumbs\/thumbs_m18.jpg\" data-title=\"m18\" data-description=\" \"><img decoding=\"async\" class=\"ngg-singlepic ngg-left alignleft\" src=\"https:\/\/www.infopoint.cz\/polsko\/wp-content\/uploads\/sites\/22\/nggallery\/eloktoralnou-k-domu-kereta\/thumbs\/thumbs_m18.jpg\" alt=\"m18\"><\/a>1860 zalo\u017een\u00edm spolku um\u011blc\u016f, ale cesta k vybudov\u00e1n\u00ed a jej\u00edmu otev\u0159en\u00ed ve\u0159ejnosti v roce 1900 byla j\u011b\u0161t\u011b hodn\u011b klikat\u00e1. My jsme tentokr\u00e1t zav\u00edtali na v\u00fdstavu um\u011blc\u016f z Bl\u00edzk\u00e9ho v\u00fdchodu, Severn\u00ed Afriky a St\u0159en\u00ed Asie s n\u00e1zvem <a href=\"https:\/\/www.pitupitu.pl\/warszawa\/wydarzenia\/kaligrafie-spoleczne-otwarcie-wystawy-21793\">Kaligrafie Spoleczne<\/a>.&nbsp;<\/div>\n<div>&nbsp;<\/div>\n<div>Pomyslnou t\u0159e\u0161ni\u010dkou n\u00e1m dnes byla n\u00e1v\u0161t\u011bva modern\u00ed izraelsk\u00e9 restaurace<a class=\"ngg-fancybox\" title=\" \" href=\"https:\/\/www.infopoint.cz\/polsko\/wp-content\/uploads\/sites\/22\/nggallery\/eloktoralnou-k-domu-kereta\/m19.jpg\" rel=\"\" data-image-id=\"624\" data-src=\"https:\/\/www.infopoint.cz\/polsko\/wp-content\/uploads\/sites\/22\/nggallery\/eloktoralnou-k-domu-kereta\/m19.jpg\" data-thumbnail=\"https:\/\/www.infopoint.cz\/polsko\/wp-content\/uploads\/sites\/22\/nggallery\/eloktoralnou-k-domu-kereta\/thumbs\/thumbs_m19.jpg\" data-title=\"m19\" data-description=\" \"><img decoding=\"async\" class=\"ngg-singlepic ngg-right alignright\" src=\"https:\/\/www.infopoint.cz\/polsko\/wp-content\/uploads\/sites\/22\/nggallery\/eloktoralnou-k-domu-kereta\/thumbs\/thumbs_m19.jpg\" alt=\"m19\"><\/a> <a href=\"https:\/\/www.infopoint.cz\/polsko\/shipudei-berek\/\">Shipudei Berek<\/a>. Kdo s n\u00e1mi tento t\u00fdden nemohl pokra\u010dovat v na\u0161em pr\u016fzkumu m\u00edstn\u00ed gastronomie, ur\u010dit\u011b by si tam m\u011bl p\u0159\u00edle\u017eitostn\u011b zaj\u00edt a stejn\u011b jako my ochutnat neuv\u011b\u0159iteln\u00fdch patn\u00e1ct tal\u00ed\u0159k\u016f meze, zrovna tak r\u016fzn\u00e9 druhy ra\u017eni\u010d\u00ed, hru\u0161kovou zmrzlinu a mnoho dal\u0161\u00edch dobrot. Nebudu v\u0161e prozrazovat, nechte se p\u0159ekvapit, ale t\u011b\u0161it se m\u016f\u017eete zcela ur\u010dit\u011b.<\/div>\n<div>&nbsp;<\/div>\n<div>\n<p>Napsala pro <a href=\"https:\/\/www.infopoint.cz\/polsko\/category\/kulturni-ctvrtky\/\">kulturn\u00ed \u010dtvrtek<\/a> 1.12.2016: Margita<\/p>\n<p><a href=\"https:\/\/www.infopoint.cz\/polsko\/fotogalerie\/rok-2016\/\">M\u016f\u017eete se tak\u00e9 pod\u00edvat na ostatn\u00ed fotografie.<\/a><\/p>\n<\/div>\n","protected":false},"excerpt":{"rendered":"<p>Po\u010das\u00ed se n\u00e1m velmi intenzivn\u011b sna\u017ei uk\u00e1zat i svou odvr\u00e1cenu stranu, mo\u017ena n\u00e1m i nazna\u010dit, \u017ee bychom m\u011bli rad\u011bji z\u016fst\u00e1vat p\u011bkn\u011b doma v teple s \u0161\u00e1lkem dobr\u00e9ho \u010daje, jen\u017ee jak se moment\u00e1ln\u011b neust\u00e1le line na\u0161\u00edm domem &#8222;my jsme \u010derti rohat\u00ed, a tohle na n\u00e1s neplat\u00ed&#8220;. &nbsp; R\u00e1no jsme tradi\u010dn\u011b zah\u00e1jili v\u00fdbornou k\u00e1vou, ov\u0161em k n\u00ed [&hellip;]<\/p>\n","protected":false},"author":2,"featured_media":0,"comment_status":"open","ping_status":"closed","sticky":false,"template":"","format":"standard","meta":{"ngg_post_thumbnail":0,"footnotes":""},"categories":[2],"tags":[],"class_list":["post-2440","post","type-post","status-publish","format-standard","hentry","category-kulturni-ctvrtky"],"_links":{"self":[{"href":"https:\/\/www.infopoint.cz\/polsko\/wp-json\/wp\/v2\/posts\/2440","targetHints":{"allow":["GET"]}}],"collection":[{"href":"https:\/\/www.infopoint.cz\/polsko\/wp-json\/wp\/v2\/posts"}],"about":[{"href":"https:\/\/www.infopoint.cz\/polsko\/wp-json\/wp\/v2\/types\/post"}],"author":[{"embeddable":true,"href":"https:\/\/www.infopoint.cz\/polsko\/wp-json\/wp\/v2\/users\/2"}],"replies":[{"embeddable":true,"href":"https:\/\/www.infopoint.cz\/polsko\/wp-json\/wp\/v2\/comments?post=2440"}],"version-history":[{"count":7,"href":"https:\/\/www.infopoint.cz\/polsko\/wp-json\/wp\/v2\/posts\/2440\/revisions"}],"predecessor-version":[{"id":2505,"href":"https:\/\/www.infopoint.cz\/polsko\/wp-json\/wp\/v2\/posts\/2440\/revisions\/2505"}],"wp:attachment":[{"href":"https:\/\/www.infopoint.cz\/polsko\/wp-json\/wp\/v2\/media?parent=2440"}],"wp:term":[{"taxonomy":"category","embeddable":true,"href":"https:\/\/www.infopoint.cz\/polsko\/wp-json\/wp\/v2\/categories?post=2440"},{"taxonomy":"post_tag","embeddable":true,"href":"https:\/\/www.infopoint.cz\/polsko\/wp-json\/wp\/v2\/tags?post=2440"}],"curies":[{"name":"wp","href":"https:\/\/api.w.org\/{rel}","templated":true}]}}