{"id":2515,"date":"2016-11-29T14:48:56","date_gmt":"2016-11-29T13:48:56","guid":{"rendered":"http:\/\/www.infopoint.cz\/polsko\/?p=2515"},"modified":"2016-12-12T18:58:45","modified_gmt":"2016-12-12T17:58:45","slug":"muzea-warszawskiej-pragi","status":"publish","type":"post","link":"https:\/\/www.infopoint.cz\/polsko\/muzea-warszawskiej-pragi\/","title":{"rendered":"MUZEA WARSZAWSKIEJ PRAGI"},"content":{"rendered":"<p><a class=\"ngg-fancybox\" title=\" \" href=\"https:\/\/www.infopoint.cz\/polsko\/wp-content\/uploads\/sites\/22\/nggallery\/muzea-warszawskiej-pragi\/m01.jpg\" rel=\"\" data-image-id=\"615\" data-src=\"https:\/\/www.infopoint.cz\/polsko\/wp-content\/uploads\/sites\/22\/nggallery\/muzea-warszawskiej-pragi\/m01.jpg\" data-thumbnail=\"https:\/\/www.infopoint.cz\/polsko\/wp-content\/uploads\/sites\/22\/nggallery\/muzea-warszawskiej-pragi\/thumbs\/thumbs_m01.jpg\" data-title=\"m01\" data-description=\" \"><img decoding=\"async\" class=\"ngg-singlepic ngg-left alignleft\" src=\"https:\/\/www.infopoint.cz\/polsko\/wp-content\/uploads\/sites\/22\/nggallery\/muzea-warszawskiej-pragi\/thumbs\/thumbs_m01.jpg\" alt=\"m01\"><\/a>Bylo slune\u010dn\u00e9 a zimav\u00e9 r\u00e1no a vydali jsme se na v\u00fdlet do <a href=\"https:\/\/pl.wikipedia.org\/wiki\/Praga_(Warszawa)\">Pragi, tedy t\u00e9 Var\u0161avsk\u00e9<\/a>. Je to \u010dtvr\u0165 na prav\u00e9 stran\u011b \u0159eky Visly, tro\u0161ku u\u0161mudlan\u00e9 p\u0159edm\u011bst\u00ed s atmosf\u00e9rou Vyso\u010dan \u010di Karl\u00edna. Nejprve jsme zam\u00ed\u0159ili do <a href=\"http:\/\/muzeumpragi.pl\/o-muzeum-pragi\/\">Muzea Pragi<\/a>. Je um\u00edst\u011bno v&nbsp;n\u011bkolika historick\u00fdch budov\u00e1ch na ulici Targow\u00e9. Zvenku vypad\u00e1 mali\u010dk\u00e9, ale po vstupu dovnit\u0159 n\u00e1m do\u0161lo, \u017ee hodina na n\u00e1v\u0161t\u011bvu nebude sta\u010dit. Muzeum je nov\u011b otev\u0159eno v&nbsp;roce 2015 a je opravdu kr\u00e1sn\u00e9, s modern\u00edmi prvky citliv\u011b zasazen\u00fdmi do star\u00e9 architektury. <a class=\"ngg-fancybox\" title=\" \" href=\"https:\/\/www.infopoint.cz\/polsko\/wp-content\/uploads\/sites\/22\/nggallery\/muzea-warszawskiej-pragi\/m05.jpg\" rel=\"\" data-image-id=\"611\" data-src=\"https:\/\/www.infopoint.cz\/polsko\/wp-content\/uploads\/sites\/22\/nggallery\/muzea-warszawskiej-pragi\/m05.jpg\" data-thumbnail=\"https:\/\/www.infopoint.cz\/polsko\/wp-content\/uploads\/sites\/22\/nggallery\/muzea-warszawskiej-pragi\/thumbs\/thumbs_m05.jpg\" data-title=\"m05\" data-description=\" \"><img decoding=\"async\" class=\"ngg-singlepic ngg-right alignright\" src=\"https:\/\/www.infopoint.cz\/polsko\/wp-content\/uploads\/sites\/22\/nggallery\/muzea-warszawskiej-pragi\/thumbs\/thumbs_m05.jpg\" alt=\"m05\"><\/a>V&nbsp;p\u0159\u00edzem\u00ed je m\u00edstnost s&nbsp;v\u00fdstavou, kter\u00e1 n\u00e1s provedla histori\u00ed Pragi. K&nbsp;velk\u00e9 maket\u011b s&nbsp;vizu\u00e1ln\u00edmi efekty se \u0161ikne audio pr\u016fvodce, v\u0161e n\u00e1m kr\u00e1sn\u011b osv\u011btlil.<\/p>\n<p><a class=\"ngg-fancybox\" title=\" \" href=\"https:\/\/www.infopoint.cz\/polsko\/wp-content\/uploads\/sites\/22\/nggallery\/muzea-warszawskiej-pragi\/m07.jpg\" rel=\"\" data-image-id=\"609\" data-src=\"https:\/\/www.infopoint.cz\/polsko\/wp-content\/uploads\/sites\/22\/nggallery\/muzea-warszawskiej-pragi\/m07.jpg\" data-thumbnail=\"https:\/\/www.infopoint.cz\/polsko\/wp-content\/uploads\/sites\/22\/nggallery\/muzea-warszawskiej-pragi\/thumbs\/thumbs_m07.jpg\" data-title=\"m07\" data-description=\" \"><img decoding=\"async\" class=\"ngg-singlepic ngg-left alignleft\" src=\"https:\/\/www.infopoint.cz\/polsko\/wp-content\/uploads\/sites\/22\/nggallery\/muzea-warszawskiej-pragi\/thumbs\/thumbs_m07.jpg\" alt=\"m07\"><\/a>Nezapomn\u011bli jsme ani na \u017eidovskou modlitebnu, v\u00fdstavu o trz\u00edch, rozlehl\u00fd suter\u00e9n a dv\u016fr s&nbsp;modr\u00fdm medv\u011bdem.<\/p>\n<p>Jedna \u010d\u00e1st expozice byla v\u011bnovan\u00e1 pam\u00e1tce <a href=\"https:\/\/pl.wikipedia.org\/wiki\/Ryszard_Siwiec\">Ryszarda Siwce<\/a>, kter\u00fd&nbsp;se 8.&nbsp;z\u00e1\u0159\u00ed 1968 up\u00e1lil na&nbsp;protest proti \u00fa\u010dasti polsk\u00fdch jednotek p\u0159i&nbsp;invazi vojsk Var\u0161avsk\u00e9 smlouvy do&nbsp;\u010ceskoslovenska. Stalo se to na Stadionu X-lecia, dne\u0161n\u00edho Stadionu Narodowego ve Var\u0161avsk\u00e9 Pradze.<\/p>\n<p>Ve vedlej\u0161\u00ed m\u00edstnosti jsme si p\u0159ehr\u00e1ly star\u00e9 i nov\u00e9 p\u00edsni\u010dky o Pradze. Dobr\u00e1 byla <a href=\"https:\/\/www.youtube.com\/watch?v=Pd0ScofLTGw\"><em>&#8222;Nie ma cwaniaka nad warszawiaka&#8220;<\/em><\/a>.<\/p>\n<p>Je\u0161t\u011b kr\u00e1tk\u00e1 zast\u00e1vka v&nbsp;kav\u00e1rn\u011b <a href=\"https:\/\/www.facebook.com\/niebieskisyfon\/\" data-saferedirecturl=\"https:\/\/www.google.com\/url?hl=cs&amp;q=https:\/\/www.facebook.com\/niebieskisyfon\/&amp;source=gmail&amp;ust=1481463934772000&amp;usg=AFQjCNEkUlQku80hvJwNhe8WUp1cliaiPQ\">Niebieski Syfon<\/a> a jde se d\u00e1l.<a class=\"ngg-fancybox\" title=\" \" href=\"https:\/\/www.infopoint.cz\/polsko\/wp-content\/uploads\/sites\/22\/nggallery\/muzea-warszawskiej-pragi\/m10.jpg\" rel=\"\" data-image-id=\"606\" data-src=\"https:\/\/www.infopoint.cz\/polsko\/wp-content\/uploads\/sites\/22\/nggallery\/muzea-warszawskiej-pragi\/m10.jpg\" data-thumbnail=\"https:\/\/www.infopoint.cz\/polsko\/wp-content\/uploads\/sites\/22\/nggallery\/muzea-warszawskiej-pragi\/thumbs\/thumbs_m10.jpg\" data-title=\"m10\" data-description=\" \"><img decoding=\"async\" class=\"ngg-singlepic ngg-right alignright\" src=\"https:\/\/www.infopoint.cz\/polsko\/wp-content\/uploads\/sites\/22\/nggallery\/muzea-warszawskiej-pragi\/thumbs\/thumbs_m10.jpg\" alt=\"m10\"><\/a><\/p>\n<p>Nejprve na <a href=\"http:\/\/www.br.waw.pl\">Bazar R\u00f3zyckiego<\/a>, kde se pr\u00fd v&nbsp;divok\u00fdch devades\u00e1t\u00fdch dal sehnat i samopal. Te\u010f to vypad\u00e1 sp\u00ed\u0161e jako vietnamsk\u00e1 tr\u017enice s&nbsp;plesov\u00fdmi a svatebn\u00edmi \u0161aty, velmi bizarn\u00ed.<\/p>\n<p>Dal\u0161\u00ed zast\u00e1vka byl <a href=\"http:\/\/katedra.org.pl\/\">pravoslavn\u00fd kostel M\u00e1\u0159\u00ed Magdal\u00e9ny<\/a>. V\u0161ude zlato, ikony a v\u016fn\u011b kadila. M\u0161e jsou pr\u00fd ve staroslov\u011bn\u0161tin\u011b.<\/p>\n<p>Ulic\u00ed Florianskou jdeme k&nbsp;dal\u0161\u00ed dne\u0161n\u00ed atrakci. <a href=\"http:\/\/www.twoja-praga.pl\/praga\/pomniki\/1110.html\">Pomnik Kapeli Praskiej<\/a> stoj\u00ed na rohu ulic K\u0142opotowskiego a Floria\u0144sk\u00e9. \u010cty\u0159i bronzov\u00ed muzikanti slibuj\u00ed zahr\u00e1t vybranou p\u00edse\u0148 po zasl\u00e1n\u00ed SMS. Monika navrhuje \u010d. 1 <em>&#8222;Bazar przy Targowej&#8220;,<\/em> pr\u00fd je to jasn\u00e1 hitovka&#8230; SMS za 1,22 zl je odesl\u00e1na, potvrzen\u00ed o platb\u011b p\u0159ijato&#8230; a nic. \u010cek\u00e1me je\u0161t\u011b 5 minut, m\u00edstn\u00ed si mezit\u00edm posedali na okoln\u00ed lavi\u010dky a \u010dekaj\u00ed taky. To asi mus\u00ed v t\u011bchto kon\u010din\u00e1ch b\u00fdt kulturn\u00ed vyvrcholen\u00ed dne. My to ale nakonec vzd\u00e1v\u00e1me a jdeme d\u00e1l.<\/p>\n<p><a class=\"ngg-fancybox\" title=\" \" href=\"https:\/\/www.infopoint.cz\/polsko\/wp-content\/uploads\/sites\/22\/nggallery\/muzea-warszawskiej-pragi\/m11.jpg\" rel=\"\" data-image-id=\"605\" data-src=\"https:\/\/www.infopoint.cz\/polsko\/wp-content\/uploads\/sites\/22\/nggallery\/muzea-warszawskiej-pragi\/m11.jpg\" data-thumbnail=\"https:\/\/www.infopoint.cz\/polsko\/wp-content\/uploads\/sites\/22\/nggallery\/muzea-warszawskiej-pragi\/thumbs\/thumbs_m11.jpg\" data-title=\"m11\" data-description=\" \"><img decoding=\"async\" class=\"ngg-singlepic ngg-left alignleft\" src=\"https:\/\/www.infopoint.cz\/polsko\/wp-content\/uploads\/sites\/22\/nggallery\/muzea-warszawskiej-pragi\/thumbs\/thumbs_m11.jpg\" alt=\"m11\"><\/a>V <a href=\"http:\/\/publicrelations.pl\/wystawa-wiecej-niz-reklama-jak-to-robia-szwedzi-od-3-listopada-w-centrum-kreatywnosci-na-warszawskiej-pradze\/\" data-saferedirecturl=\"https:\/\/www.google.com\/url?hl=cs&amp;q=http:\/\/publicrelations.pl\/wystawa-wiecej-niz-reklama-jak-to-robia-szwedzi-od-3-listopada-w-centrum-kreatywnosci-na-warszawskiej-pradze\/&amp;source=gmail&amp;ust=1481463934772000&amp;usg=AFQjCNFgMTqmHu49MIL3qrLfosV8gqv3RQ\">Centru Kreatywno\u015bci Targowa<\/a> jsme si prohl\u00e9dli v\u00fdstavu s t\u00e9matem spole\u010densk\u00e9 odpov\u011bdnosti&nbsp; <em>&#8222;Wi\u0119cej ni\u017c reklama, jak to robi\u0105 Szwedzi&#8220;<\/em>. Kr\u00e1sn\u00fd prostor a velmi znepokojuj\u00edc\u00ed t\u00e9ma \u017eensk\u00e9 ob\u0159\u00edzky, alkoholismu a uprchlick\u00fdch t\u00e1bor\u016f.&nbsp; Marlboro Country je zem\u011b pln\u00e1 h\u0159bitovn\u00edch k\u0159\u00ed\u017e\u016f. \u0160v\u00e9di reklamu prost\u011b d\u011blaj\u00ed jinak. Sofistikovan\u011b, vtipn\u011b a zodpov\u011bdn\u011b.<\/p>\n<p>U\u017e m\u00e1me stra\u0161n\u00fd hlad, tak se jdeme naj\u00edst. <a href=\"https:\/\/www.infopoint.cz\/polsko\/praskie-bistro\/\">Praskie Bistro<\/a> nab\u00edz\u00ed jednoduch\u00e9, ale rychl\u00e9 j\u00eddlo a \u010dasu nebylo nazbyt. Povinnosti volaj\u00ed.<\/p>\n<div>\n<p>Napsala pro <a href=\"https:\/\/www.infopoint.cz\/polsko\/category\/kulturni-ctvrtky\/\">kulturn\u00ed \u010dtvrtek<\/a> 24.11.2016: Dana<\/p>\n<p><a href=\"https:\/\/www.infopoint.cz\/polsko\/fotogalerie\/rok-2016\/\">M\u016f\u017eete se tak\u00e9 pod\u00edvat na ostatn\u00ed fotografie.<\/a><\/p>\n<\/div>\n","protected":false},"excerpt":{"rendered":"<p>Bylo slune\u010dn\u00e9 a zimav\u00e9 r\u00e1no a vydali jsme se na v\u00fdlet do Pragi, tedy t\u00e9 Var\u0161avsk\u00e9. Je to \u010dtvr\u0165 na prav\u00e9 stran\u011b \u0159eky Visly, tro\u0161ku u\u0161mudlan\u00e9 p\u0159edm\u011bst\u00ed s atmosf\u00e9rou Vyso\u010dan \u010di Karl\u00edna. Nejprve jsme zam\u00ed\u0159ili do Muzea Pragi. Je um\u00edst\u011bno v&nbsp;n\u011bkolika historick\u00fdch budov\u00e1ch na ulici Targow\u00e9. Zvenku vypad\u00e1 mali\u010dk\u00e9, ale po vstupu dovnit\u0159 n\u00e1m do\u0161lo, [&hellip;]<\/p>\n","protected":false},"author":2,"featured_media":4302,"comment_status":"open","ping_status":"closed","sticky":false,"template":"","format":"standard","meta":{"ngg_post_thumbnail":0,"footnotes":""},"categories":[2],"tags":[],"class_list":["post-2515","post","type-post","status-publish","format-standard","has-post-thumbnail","hentry","category-kulturni-ctvrtky"],"_links":{"self":[{"href":"https:\/\/www.infopoint.cz\/polsko\/wp-json\/wp\/v2\/posts\/2515","targetHints":{"allow":["GET"]}}],"collection":[{"href":"https:\/\/www.infopoint.cz\/polsko\/wp-json\/wp\/v2\/posts"}],"about":[{"href":"https:\/\/www.infopoint.cz\/polsko\/wp-json\/wp\/v2\/types\/post"}],"author":[{"embeddable":true,"href":"https:\/\/www.infopoint.cz\/polsko\/wp-json\/wp\/v2\/users\/2"}],"replies":[{"embeddable":true,"href":"https:\/\/www.infopoint.cz\/polsko\/wp-json\/wp\/v2\/comments?post=2515"}],"version-history":[{"count":9,"href":"https:\/\/www.infopoint.cz\/polsko\/wp-json\/wp\/v2\/posts\/2515\/revisions"}],"predecessor-version":[{"id":2525,"href":"https:\/\/www.infopoint.cz\/polsko\/wp-json\/wp\/v2\/posts\/2515\/revisions\/2525"}],"wp:featuredmedia":[{"embeddable":true,"href":"https:\/\/www.infopoint.cz\/polsko\/wp-json\/wp\/v2\/media\/4302"}],"wp:attachment":[{"href":"https:\/\/www.infopoint.cz\/polsko\/wp-json\/wp\/v2\/media?parent=2515"}],"wp:term":[{"taxonomy":"category","embeddable":true,"href":"https:\/\/www.infopoint.cz\/polsko\/wp-json\/wp\/v2\/categories?post=2515"},{"taxonomy":"post_tag","embeddable":true,"href":"https:\/\/www.infopoint.cz\/polsko\/wp-json\/wp\/v2\/tags?post=2515"}],"curies":[{"name":"wp","href":"https:\/\/api.w.org\/{rel}","templated":true}]}}