{"id":2526,"date":"2016-12-12T19:33:26","date_gmt":"2016-12-12T18:33:26","guid":{"rendered":"http:\/\/www.infopoint.cz\/polsko\/?p=2526"},"modified":"2016-12-12T20:57:59","modified_gmt":"2016-12-12T19:57:59","slug":"solec-a-cisarsti-urednici","status":"publish","type":"post","link":"https:\/\/www.infopoint.cz\/polsko\/solec-a-cisarsti-urednici\/","title":{"rendered":"Solec a c\u00edsa\u0159\u0161t\u00ed \u00fa\u0159edn\u00edci"},"content":{"rendered":"<div><a class=\"ngg-fancybox\" title=\" \" href=\"https:\/\/www.infopoint.cz\/polsko\/wp-content\/uploads\/sites\/22\/nggallery\/solec-a-cisarsti-urednici\/m03.jpg\" rel=\"\" data-image-id=\"645\" data-src=\"https:\/\/www.infopoint.cz\/polsko\/wp-content\/uploads\/sites\/22\/nggallery\/solec-a-cisarsti-urednici\/m03.jpg\" data-thumbnail=\"https:\/\/www.infopoint.cz\/polsko\/wp-content\/uploads\/sites\/22\/nggallery\/solec-a-cisarsti-urednici\/thumbs\/thumbs_m03.jpg\" data-title=\"m03\" data-description=\" \"><img decoding=\"async\" class=\"ngg-singlepic ngg-left alignleft\" src=\"https:\/\/www.infopoint.cz\/polsko\/wp-content\/uploads\/sites\/22\/nggallery\/solec-a-cisarsti-urednici\/thumbs\/thumbs_m03.jpg\" alt=\"m03\"><\/a>V druh\u00fd adventn\u00ed t\u00fdden na n\u00e1s b\u011bhem kulturn\u00edho \u010dtvrtka \u010dekala spousta zaj\u00edmav\u00fdch m\u00edst v <a href=\"https:\/\/pl.wikipedia.org\/wiki\/Solec_(Warszawa)\">Solci, \u010d\u00e1sti var\u0161avsk\u00e9 \u010dtvrti \u0160r\u00f3dmie\u015bcie<\/a>. Pod\u00e9l severn\u00ed \u010d\u00e1sti Ujazdovsk\u00e9ho parku jsme pro\u0161li k architektonicky zaj\u00edmav\u00e9 kolonii typov\u00fdch vilek, kter\u00e9 si ve dvac\u00e1t\u00fdch letech minul\u00e9ho stolet\u00ed nechali postavit zejm\u00e9na architekti a profeso\u0159i var\u0161avsk\u00e9 polytechniky. Kolonii prot\u00edn\u00e1 <a href=\"https:\/\/www.google.pl\/maps\/place\/Profesorska,+Warszawa\/@52.2239754,21.031972,18z\/data=!4m13!1m7!3m6!1s0x471eccfce7b06c27:0x5ad116e5f8ac788f!2sProfesorska,+Warszawa!3b1!8m2!3d52.2240904!4d21.0325728!3m4!1s0x471eccfce7b06c27:0x5ad116e5f8ac788f!8m2!3d52.2240904!4d21.0325728\">Profesorsk\u00e1 ulice<\/a>, na var\u0161avsk\u00e1 m\u011b\u0159\u00edtka sp\u00ed\u0161e uli\u010dka, kter\u00e1 je ve sv\u00e9 horn\u00ed \u010d\u00e1sti pouze pro p\u011b\u0161\u00ed a do ni\u017e se vstupuje <a class=\"ngg-fancybox\" title=\" \" href=\"https:\/\/www.infopoint.cz\/polsko\/wp-content\/uploads\/sites\/22\/nggallery\/solec-a-cisarsti-urednici\/m01.jpg\" rel=\"\" data-image-id=\"643\" data-src=\"https:\/\/www.infopoint.cz\/polsko\/wp-content\/uploads\/sites\/22\/nggallery\/solec-a-cisarsti-urednici\/m01.jpg\" data-thumbnail=\"https:\/\/www.infopoint.cz\/polsko\/wp-content\/uploads\/sites\/22\/nggallery\/solec-a-cisarsti-urednici\/thumbs\/thumbs_m01.jpg\" data-title=\"m01\" data-description=\" \"><img decoding=\"async\" class=\"ngg-singlepic ngg-right alignright\" src=\"https:\/\/www.infopoint.cz\/polsko\/wp-content\/uploads\/sites\/22\/nggallery\/solec-a-cisarsti-urednici\/thumbs\/thumbs_m01.jpg\" alt=\"m01\"><\/a>romantickou kovovou brankou vedle budovy tunisk\u00e9ho konzul\u00e1tu. Jednopatrov\u00e9 domy nebyly b\u011bhem v\u00e1lky v\u00fdrazn\u011b poni\u010deny a jsou velice vkusn\u011b renovov\u00e1ny. Bombou byla \u010d\u00e1ste\u010dn\u011b zasa\u017eena pouze vila na rohu ulice Hoene-Wr\u00f3nsk\u00e9ho, kterou jsme pokra\u010dovali ke <a href=\"http:\/\/aktywnawarszawa.waw.pl\/jutrzenka\">skateparku Jit\u0159enka<\/a> a pak d\u00e1l do ulice Szare.&nbsp;<\/div>\n<div><a class=\"ngg-fancybox\" title=\" \" href=\"https:\/\/www.infopoint.cz\/polsko\/wp-content\/uploads\/sites\/22\/nggallery\/solec-a-cisarsti-urednici\/m02.jpg\" rel=\"\" data-image-id=\"644\" data-src=\"https:\/\/www.infopoint.cz\/polsko\/wp-content\/uploads\/sites\/22\/nggallery\/solec-a-cisarsti-urednici\/m02.jpg\" data-thumbnail=\"https:\/\/www.infopoint.cz\/polsko\/wp-content\/uploads\/sites\/22\/nggallery\/solec-a-cisarsti-urednici\/thumbs\/thumbs_m02.jpg\" data-title=\"m02\" data-description=\" \"><img decoding=\"async\" class=\"ngg-singlepic ngg-left alignleft\" src=\"https:\/\/www.infopoint.cz\/polsko\/wp-content\/uploads\/sites\/22\/nggallery\/solec-a-cisarsti-urednici\/thumbs\/thumbs_m02.jpg\" alt=\"m02\"><\/a>V n\u00ed stoj\u00ed n\u011bkolik renovovan\u00fdch neogotick\u00fdch dom\u016f pamatuj\u00edc\u00edch var\u0161avsk\u00e9 povst\u00e1n\u00ed. V jeho z\u00e1v\u011bru domy st\u00e1ly v sam\u00e9m centru n\u011bkolikadenn\u00ed bitvy mezi jednotkami SS pos\u00edlen\u00fdmi o odsouzen\u00e9 krimin\u00e1ln\u00edky a povstaleck\u00fdmi skupinami slo\u017een\u00fdmi hlavn\u011b z mlad\u00fdch skaut\u016f. Po por\u00e1\u017ece povst\u00e1n\u00ed byly domy vyp\u00e1leny a jejich obyvatel\u00e9 m\u011bli \u0161t\u011bst\u00ed, \u017ee p\u0159e\u017eili a byli &#8222;pouze&#8220; vys\u00eddleni do t\u00e1bora v Pru\u0161kov\u011b. Nakonec i \u010dp. 10 a 14 unikla \u00fapln\u00e9mu zni\u010den\u00ed narozd\u00edl od n\u011bkolika dal\u0161\u00edch dom\u016f v ulici a sousedn\u00edho kostela Nejsv\u011bt\u011bj\u0161\u00ed Sv\u00e1tosti, svatost\u00e1nku Mariavit\u016f &#8211; polsk\u00e9 starokatolick\u00e9 c\u00edrkve.&nbsp;<\/div>\n<div>&nbsp;<a class=\"ngg-fancybox\" title=\" \" href=\"https:\/\/www.infopoint.cz\/polsko\/wp-content\/uploads\/sites\/22\/nggallery\/solec-a-cisarsti-urednici\/m05.jpg\" rel=\"\" data-image-id=\"647\" data-src=\"https:\/\/www.infopoint.cz\/polsko\/wp-content\/uploads\/sites\/22\/nggallery\/solec-a-cisarsti-urednici\/m05.jpg\" data-thumbnail=\"https:\/\/www.infopoint.cz\/polsko\/wp-content\/uploads\/sites\/22\/nggallery\/solec-a-cisarsti-urednici\/thumbs\/thumbs_m05.jpg\" data-title=\"m05\" data-description=\" \"><img decoding=\"async\" class=\"ngg-singlepic ngg-right alignright\" src=\"https:\/\/www.infopoint.cz\/polsko\/wp-content\/uploads\/sites\/22\/nggallery\/solec-a-cisarsti-urednici\/thumbs\/thumbs_m05.jpg\" alt=\"m05\"><\/a><\/div>\n<div>Zah\u0159\u00e1t\u00ed zimn\u00edm \u010dajem z <a href=\"https:\/\/www.infopoint.cz\/polsko\/na-lato\/\">restaurace Na l\u00e9to<\/a> jsme p\u00e1dili <a href=\"https:\/\/pl.wikipedia.org\/wiki\/Park_Marsza%C5%82ka_Edwarda_Rydza-%C5%9Amig%C5%82ego_w_Warszawie\">parkem Edwarda Rydz-\u015amig\u0142yho<\/a> kolem nep\u0159\u00edstupn\u00e9ho a tajemn\u00e9ho <a href=\"https:\/\/pl.wikipedia.org\/wiki\/Elizeum_w_Warszawie\">Elizea<\/a> do N\u00e1rodn\u00edho muzea. M\u011bli jsme zde objednanou komentovanou prohl\u00eddku v\u00fdstavy &#8222;\u017divot uprost\u0159ed kr\u00e1sy &#8211; sv\u011bt \u010d\u00ednsk\u00e9ho u\u010dence&#8220;. V\u00fdstava p\u0159ibli\u017euje r\u016fzn\u00e9 aspekty \u017eivota \u010d\u00ednsk\u00e9 politick\u00e9 elity &#8211; c\u00edsa\u0159sk\u00fdch \u00fa\u0159edn\u00edk\u016f ve slu\u017eb\u00e1ch dynasti\u00ed Ming (1364-1644) a \u010cching (1644-1911).<\/div>\n<div>&nbsp;<\/div>\n<div><a class=\"ngg-fancybox\" title=\" \" href=\"https:\/\/www.infopoint.cz\/polsko\/wp-content\/uploads\/sites\/22\/nggallery\/solec-a-cisarsti-urednici\/mu05.jpg\" rel=\"\" data-image-id=\"664\" data-src=\"https:\/\/www.infopoint.cz\/polsko\/wp-content\/uploads\/sites\/22\/nggallery\/solec-a-cisarsti-urednici\/mu05.jpg\" data-thumbnail=\"https:\/\/www.infopoint.cz\/polsko\/wp-content\/uploads\/sites\/22\/nggallery\/solec-a-cisarsti-urednici\/thumbs\/thumbs_mu05.jpg\" data-title=\"mu05\" data-description=\" \"><img decoding=\"async\" class=\"ngg-singlepic ngg-left alignleft\" src=\"https:\/\/www.infopoint.cz\/polsko\/wp-content\/uploads\/sites\/22\/nggallery\/solec-a-cisarsti-urednici\/thumbs\/thumbs_mu05.jpg\" alt=\"mu05\"><\/a>Ukazuje nejenom um\u011bleck\u00e9 p\u0159edm\u011bty, ale cel\u00fd historickofilosofick\u00fd kontext zalo\u017een\u00fd na konfuci\u00e1nsk\u00e9 etice. N\u00e1zorn\u011b dokumentuje \u0161irok\u00e9 um\u011bleck\u00e9 z\u00e1jmy tehdej\u0161\u00ed elity hudbu, kaligrafii, poezii, mal\u00ed\u0159stv\u00ed i hry. Pro m\u011b jako Evropana a nesinologa je fascinuj\u00edc\u00ed stalet\u00e1 nem\u011bnnost ideov\u00fdch v\u00fdchodisek a jejich um\u011bleck\u00e9ho ztv\u00e1rn\u011bn\u00ed. Ob\u011bd byl v restauraci <a href=\"https:\/\/www.infopoint.cz\/polsko\/aleje3-restaurant\/\">Aleje3<\/a>, kter\u00e1 je nen\u00e1padn\u011b zastr\u010dena v budov\u011b muzea.<\/div>\n<p>&nbsp;<\/p>\n<p>Napsala pro <a href=\"https:\/\/www.infopoint.cz\/polsko\/category\/kulturni-ctvrtky\/\">kulturn\u00ed \u010dtvrtek<\/a> 08.12.2016: Lucie<\/p>\n<p><a href=\"https:\/\/www.infopoint.cz\/polsko\/fotogalerie\/rok-2016\/\">M\u016f\u017eete se tak\u00e9 pod\u00edvat na ostatn\u00ed fotografie.<\/a><\/p>\n","protected":false},"excerpt":{"rendered":"<p>V druh\u00fd adventn\u00ed t\u00fdden na n\u00e1s b\u011bhem kulturn\u00edho \u010dtvrtka \u010dekala spousta zaj\u00edmav\u00fdch m\u00edst v Solci, \u010d\u00e1sti var\u0161avsk\u00e9 \u010dtvrti \u0160r\u00f3dmie\u015bcie. Pod\u00e9l severn\u00ed \u010d\u00e1sti Ujazdovsk\u00e9ho parku jsme pro\u0161li k architektonicky zaj\u00edmav\u00e9 kolonii typov\u00fdch vilek, kter\u00e9 si ve dvac\u00e1t\u00fdch letech minul\u00e9ho stolet\u00ed nechali postavit zejm\u00e9na architekti a profeso\u0159i var\u0161avsk\u00e9 polytechniky. Kolonii prot\u00edn\u00e1 Profesorsk\u00e1 ulice, na var\u0161avsk\u00e1 m\u011b\u0159\u00edtka sp\u00ed\u0161e [&hellip;]<\/p>\n","protected":false},"author":2,"featured_media":0,"comment_status":"open","ping_status":"closed","sticky":false,"template":"","format":"standard","meta":{"ngg_post_thumbnail":0,"footnotes":""},"categories":[2],"tags":[],"class_list":["post-2526","post","type-post","status-publish","format-standard","hentry","category-kulturni-ctvrtky"],"_links":{"self":[{"href":"https:\/\/www.infopoint.cz\/polsko\/wp-json\/wp\/v2\/posts\/2526","targetHints":{"allow":["GET"]}}],"collection":[{"href":"https:\/\/www.infopoint.cz\/polsko\/wp-json\/wp\/v2\/posts"}],"about":[{"href":"https:\/\/www.infopoint.cz\/polsko\/wp-json\/wp\/v2\/types\/post"}],"author":[{"embeddable":true,"href":"https:\/\/www.infopoint.cz\/polsko\/wp-json\/wp\/v2\/users\/2"}],"replies":[{"embeddable":true,"href":"https:\/\/www.infopoint.cz\/polsko\/wp-json\/wp\/v2\/comments?post=2526"}],"version-history":[{"count":7,"href":"https:\/\/www.infopoint.cz\/polsko\/wp-json\/wp\/v2\/posts\/2526\/revisions"}],"predecessor-version":[{"id":2586,"href":"https:\/\/www.infopoint.cz\/polsko\/wp-json\/wp\/v2\/posts\/2526\/revisions\/2586"}],"wp:attachment":[{"href":"https:\/\/www.infopoint.cz\/polsko\/wp-json\/wp\/v2\/media?parent=2526"}],"wp:term":[{"taxonomy":"category","embeddable":true,"href":"https:\/\/www.infopoint.cz\/polsko\/wp-json\/wp\/v2\/categories?post=2526"},{"taxonomy":"post_tag","embeddable":true,"href":"https:\/\/www.infopoint.cz\/polsko\/wp-json\/wp\/v2\/tags?post=2526"}],"curies":[{"name":"wp","href":"https:\/\/api.w.org\/{rel}","templated":true}]}}