{"id":2595,"date":"2017-01-13T10:26:43","date_gmt":"2017-01-13T09:26:43","guid":{"rendered":"http:\/\/www.infopoint.cz\/polsko\/?p=2595"},"modified":"2017-01-20T10:52:18","modified_gmt":"2017-01-20T09:52:18","slug":"inverze-a-lazne","status":"publish","type":"post","link":"https:\/\/www.infopoint.cz\/polsko\/inverze-a-lazne\/","title":{"rendered":"Inverze a l\u00e1zn\u011b"},"content":{"rendered":"<p>P\u0159ipravit zajimav\u00fd program na \u010dtvrtek bylo tentokr\u00e1t obt\u00ed\u017en\u011bj\u0161\u00ed ne\u017e obvykle. V\u011bt\u0161ina galeri\u00ed zrovna p\u0159ipravovala nov\u00e9 expozice a proch\u00e1zet se ve smogu m\u011bst\u011bm je opravdu o zdrav\u00ed. <span lang=\"PL\">Dana ale nezklamala, a jako poka\u017ed\u00e9 p\u0159i\u0161la s dokonal\u00fdm pl\u00e1nem. <\/span><s><\/s>D\u00fdch\u00e1n\u00ed, zdrav\u00ed, l\u00e1zn\u011b, <a href=\"http:\/\/eva-park.com\/\" target=\"_blank\" data-saferedirecturl=\"https:\/\/www.google.com\/url?hl=cs&amp;q=http:\/\/eva-park.com\/&amp;source=gmail&amp;ust=1484991196351000&amp;usg=AFQjCNFaGmbJl1HgXewkAN6Fo8-GNWnR6w\"><b>Eva Park Spa! <\/b><\/a>Soln\u00e9 l\u00e1zn\u011b v Konstancin\u011b. ide\u00e1ln\u00ed m\u00edsto pro oddych a relaxaci.<\/p>\n<p>Po p\u0159\u00edjezdu n\u00e1s p\u0159iv\u00edtal mal\u00fd baz\u00e9n, kter\u00fd jsme jako skupina dok\u00e1zali rychle zaplnit. Po \u00favodn\u00edm plav\u00e1n\u00ed na rozproud\u011bn\u00ed krve, jsme bez zav\u00e1h\u00e1n\u00ed obsadili bublaj\u00edc\u00ed v\u00ed\u0159ivku se slanou vodou.<\/p>\n<p>Tak\u00e9 jsme vyzkou\u0161eli saunu. Hel\u010da rozpr\u00e1\u0161ila p\u0159\u00edjemnou v\u016fni a studenou sprchou podr\u00e1\u017edila teplom\u011br. Za chv\u00edli tu bylo horko a plno p\u00e1ry. V\u00edce ne\u017e deset minut jsem nevydr\u017eel a honem do studen\u00e9 sprchy.<\/p>\n<p>Na ob\u011bd jsme za\u0161li do restaurace <a href=\"https:\/\/www.infopoint.cz\/polsko\/pomidoro\/\" target=\"_blank\" data-saferedirecturl=\"https:\/\/www.google.com\/url?hl=cs&amp;q=https:\/\/www.infopoint.cz\/polsko\/pomidoro\/&amp;source=gmail&amp;ust=1484991196351000&amp;usg=AFQjCNHlDnOpCec9kK5Wq_VGDF0v4Fbmcg\"> Pomidoro<\/a>.<\/p>\n","protected":false},"excerpt":{"rendered":"<p>P\u0159ipravit zajimav\u00fd program na \u010dtvrtek bylo tentokr\u00e1t obt\u00ed\u017en\u011bj\u0161\u00ed ne\u017e obvykle. V\u011bt\u0161ina galeri\u00ed zrovna p\u0159ipravovala nov\u00e9 expozice a proch\u00e1zet se ve smogu m\u011bst\u011bm je opravdu o zdrav\u00ed. Dana ale nezklamala, a jako poka\u017ed\u00e9 p\u0159i\u0161la s dokonal\u00fdm pl\u00e1nem. D\u00fdch\u00e1n\u00ed, zdrav\u00ed, l\u00e1zn\u011b, Eva Park Spa! Soln\u00e9 l\u00e1zn\u011b v Konstancin\u011b. ide\u00e1ln\u00ed m\u00edsto pro oddych a relaxaci. Po p\u0159\u00edjezdu n\u00e1s [&hellip;]<\/p>\n","protected":false},"author":2,"featured_media":0,"comment_status":"open","ping_status":"closed","sticky":false,"template":"","format":"standard","meta":{"ngg_post_thumbnail":0,"footnotes":""},"categories":[2],"tags":[],"class_list":["post-2595","post","type-post","status-publish","format-standard","hentry","category-kulturni-ctvrtky"],"_links":{"self":[{"href":"https:\/\/www.infopoint.cz\/polsko\/wp-json\/wp\/v2\/posts\/2595","targetHints":{"allow":["GET"]}}],"collection":[{"href":"https:\/\/www.infopoint.cz\/polsko\/wp-json\/wp\/v2\/posts"}],"about":[{"href":"https:\/\/www.infopoint.cz\/polsko\/wp-json\/wp\/v2\/types\/post"}],"author":[{"embeddable":true,"href":"https:\/\/www.infopoint.cz\/polsko\/wp-json\/wp\/v2\/users\/2"}],"replies":[{"embeddable":true,"href":"https:\/\/www.infopoint.cz\/polsko\/wp-json\/wp\/v2\/comments?post=2595"}],"version-history":[{"count":8,"href":"https:\/\/www.infopoint.cz\/polsko\/wp-json\/wp\/v2\/posts\/2595\/revisions"}],"predecessor-version":[{"id":2676,"href":"https:\/\/www.infopoint.cz\/polsko\/wp-json\/wp\/v2\/posts\/2595\/revisions\/2676"}],"wp:attachment":[{"href":"https:\/\/www.infopoint.cz\/polsko\/wp-json\/wp\/v2\/media?parent=2595"}],"wp:term":[{"taxonomy":"category","embeddable":true,"href":"https:\/\/www.infopoint.cz\/polsko\/wp-json\/wp\/v2\/categories?post=2595"},{"taxonomy":"post_tag","embeddable":true,"href":"https:\/\/www.infopoint.cz\/polsko\/wp-json\/wp\/v2\/tags?post=2595"}],"curies":[{"name":"wp","href":"https:\/\/api.w.org\/{rel}","templated":true}]}}