{"id":2613,"date":"2017-01-20T00:14:03","date_gmt":"2017-01-19T23:14:03","guid":{"rendered":"http:\/\/www.infopoint.cz\/polsko\/?p=2613"},"modified":"2017-01-20T09:06:12","modified_gmt":"2017-01-20T08:06:12","slug":"vylet-na-bezkach","status":"publish","type":"post","link":"https:\/\/www.infopoint.cz\/polsko\/vylet-na-bezkach\/","title":{"rendered":"V\u00fdlet na b\u011b\u017ek\u00e1ch"},"content":{"rendered":"<p><a class=\"ngg-fancybox\" title=\" \" href=\"https:\/\/www.infopoint.cz\/polsko\/wp-content\/uploads\/sites\/22\/nggallery\/vylet-na-bezkach\/m16.jpg\" rel=\"\" data-image-id=\"668\" data-src=\"https:\/\/www.infopoint.cz\/polsko\/wp-content\/uploads\/sites\/22\/nggallery\/vylet-na-bezkach\/m16.jpg\" data-thumbnail=\"https:\/\/www.infopoint.cz\/polsko\/wp-content\/uploads\/sites\/22\/nggallery\/vylet-na-bezkach\/thumbs\/thumbs_m16.jpg\" data-title=\"m16\" data-description=\" \"><img decoding=\"async\" class=\"ngg-singlepic ngg-left alignleft\" src=\"https:\/\/www.infopoint.cz\/polsko\/wp-content\/uploads\/sites\/22\/nggallery\/vylet-na-bezkach\/thumbs\/thumbs_m16.jpg\" alt=\"m16\"><\/a>Op\u011bt b\u00edl\u00e9 r\u00e1no, teplota -6 st C, obloha zata\u017een\u00e1, ale t\u00e9m\u011b\u0159 bezv\u011bt\u0159\u00ed a pro n\u00e1s v\u0161echny nejd\u016fle\u017eit\u011bj\u0161\u00ed ukazatel &#8211; \u010distota ovzdu\u0161\u00ed &#8211; dnes k na\u0161emu pot\u011b\u0161en\u00ed na\u0161t\u011bst\u00ed uch\u00e1zejic\u00ed parametry. To v\u0161e rozhodlo, jak\u00fdm sm\u011brem se bude ub\u00edrat n\u00e1\u0161 dne\u0161n\u00ed program. A v\u00edt\u011bzem tohoto t\u00fddne se st\u00e1v\u00e1 &#8222;v\u00fdlet na b\u011b\u017ek\u00e1ch&#8220; v lese v <a href=\"https:\/\/pl.wikipedia.org\/wiki\/Chojnowski_Park_Krajobrazowy\">Chojnowsk\u00e9m Parku Krajobrazow\u00e9m<\/a>.<\/p>\n<p>Sraz na pro n\u00e1s v\u0161echny ji\u017e obl\u00edben\u00e9m parkovi\u0161ti pod lesem Kabatskym prob\u011bhl v dokonal\u00e9 souh\u0159e p\u0159\u00edjezd\u016f v\u0161ech zat\u00edm st\u00e1le je\u0161t\u011b potencion\u00e1ln\u00edch b\u011b\u017eky\u0148 a b\u011b\u017ec\u016f. Spole\u010dn\u011b jsme se vydali proch\u00e1zkou k p\u016fj\u010dovn\u011b ly\u017e\u00ed, kde po odzkou\u0161en\u00ed mnoha <a class=\"ngg-fancybox\" title=\" \" href=\"https:\/\/www.infopoint.cz\/polsko\/wp-content\/uploads\/sites\/22\/nggallery\/vylet-na-bezkach\/m05.jpg\" rel=\"\" data-image-id=\"678\" data-src=\"https:\/\/www.infopoint.cz\/polsko\/wp-content\/uploads\/sites\/22\/nggallery\/vylet-na-bezkach\/m05.jpg\" data-thumbnail=\"https:\/\/www.infopoint.cz\/polsko\/wp-content\/uploads\/sites\/22\/nggallery\/vylet-na-bezkach\/thumbs\/thumbs_m05.jpg\" data-title=\"m05\" data-description=\" \"><img decoding=\"async\" class=\"ngg-singlepic ngg-right alignright\" src=\"https:\/\/www.infopoint.cz\/polsko\/wp-content\/uploads\/sites\/22\/nggallery\/vylet-na-bezkach\/thumbs\/thumbs_m05.jpg\" alt=\"m05\"><\/a>p\u00e1r\u016f bot na\u0161el ka\u017ed\u00fd z n\u00e1s p\u00e1r, ve kter\u00e9m byl ochoten vyrazit na cestu. Nejv\u011bt\u0161\u00ed z\u00e1jem byl o botky s ko\u017e\u00ed\u0161kem, o kter\u00e9 jsme v\u0161ak byli nakonec ochuzeni. Zrovna tak n\u00e1m byly vcelku rychle p\u0159id\u011bleny b\u011b\u017eky i h\u016flky. Venku jsme usoudili, \u017ee by bylo vhodn\u00e9, aby si ka\u017edy sv\u016fj set vyzkou\u0161el na ostro. Neskute\u010dn\u00e9 se stalo skutkem, n\u011bkte\u0159\u00ed poprv\u00e9 v \u017eivot\u011b, jin\u00ed po mnoha a mnoha letech, <a class=\"ngg-fancybox\" title=\" \" href=\"https:\/\/www.infopoint.cz\/polsko\/wp-content\/uploads\/sites\/22\/nggallery\/vylet-na-bezkach\/m13.jpg\" rel=\"\" data-image-id=\"671\" data-src=\"https:\/\/www.infopoint.cz\/polsko\/wp-content\/uploads\/sites\/22\/nggallery\/vylet-na-bezkach\/m13.jpg\" data-thumbnail=\"https:\/\/www.infopoint.cz\/polsko\/wp-content\/uploads\/sites\/22\/nggallery\/vylet-na-bezkach\/thumbs\/thumbs_m13.jpg\" data-title=\"m13\" data-description=\" \"><img decoding=\"async\" class=\"ngg-singlepic ngg-left alignleft\" src=\"https:\/\/www.infopoint.cz\/polsko\/wp-content\/uploads\/sites\/22\/nggallery\/vylet-na-bezkach\/thumbs\/thumbs_m13.jpg\" alt=\"m13\"><\/a>ale i t\u00e9m\u011b\u0159 profesion\u00e1ln\u011b tr\u00e9novan\u00ed jedinci m\u00ed\u0159\u00edme k aut\u016fm. Prvn\u00ed metry m\u00e1me za sebou a zji\u0161\u0165ujeme, jak jsme \u0161ikovn\u00ed, a za\u010d\u00edn\u00e1me se t\u011b\u0161it na vych\u00e1zku lesem. Museli jsme se auty&nbsp;je\u0161t\u011b&nbsp;p\u0159ibl\u00ed\u017eit na start na\u0161\u00ed t\u016fry do Kontancinu k restauraci Zalewajka. V\u0161ichni v\u00edme, \u017ee kdo ma\u017ee ten jede, a kdo se z\u00fa\u010dastnil, tak si jist\u011b pamatuje \u010d\u00edm mazal.<\/p>\n<div>Cesta lesem byla \u00fa\u017easn\u00e1, nikde nikdo, jen slun\u00ed\u010dko na n\u00e1s vykouklo, n\u011bkde sn\u011bhu v\u00edce, jinde poskromnu, ob\u010das v\u011btvi\u010dky, n\u011bkolik kr\u00e1tk\u00fdch zast\u00e1vek, fotografov\u00e1n\u00ed, p\u0159echod p\u0159es zamrzl\u00fd potok, holou zasn\u011b\u017eenou pl\u00e1\u0148, p\u00e1r<a class=\"ngg-fancybox\" title=\" \" href=\"https:\/\/www.infopoint.cz\/polsko\/wp-content\/uploads\/sites\/22\/nggallery\/vylet-na-bezkach\/IMG_0489.jpg\" rel=\"\" data-image-id=\"682\" data-src=\"https:\/\/www.infopoint.cz\/polsko\/wp-content\/uploads\/sites\/22\/nggallery\/vylet-na-bezkach\/IMG_0489.jpg\" data-thumbnail=\"https:\/\/www.infopoint.cz\/polsko\/wp-content\/uploads\/sites\/22\/nggallery\/vylet-na-bezkach\/thumbs\/thumbs_IMG_0489.jpg\" data-title=\"IMG_0489\" data-description=\" \"><img decoding=\"async\" class=\"ngg-singlepic ngg-right alignright\" src=\"https:\/\/www.infopoint.cz\/polsko\/wp-content\/uploads\/sites\/22\/nggallery\/vylet-na-bezkach\/thumbs\/thumbs_IMG_0489.jpg\" alt=\"IMG_0489\"><\/a> p\u00e1d\u016f, p\u0159ehops\u00e1n\u00ed silnice za pln\u00e9ho provozu tam, ale i zp\u011bt a n\u00e9 jednou, trocha bloud\u011bn\u00ed, historky J\u00e1ry Cimrmana a kone\u010dn\u011b po 12 km vytou\u017een\u00fd c\u00edl. <a class=\"ngg-fancybox\" title=\" \" href=\"https:\/\/www.infopoint.cz\/polsko\/wp-content\/uploads\/sites\/22\/nggallery\/vylet-na-bezkach\/m17.jpg\" rel=\"\" data-image-id=\"667\" data-src=\"https:\/\/www.infopoint.cz\/polsko\/wp-content\/uploads\/sites\/22\/nggallery\/vylet-na-bezkach\/m17.jpg\" data-thumbnail=\"https:\/\/www.infopoint.cz\/polsko\/wp-content\/uploads\/sites\/22\/nggallery\/vylet-na-bezkach\/thumbs\/thumbs_m17.jpg\" data-title=\"m17\" data-description=\" \"><img decoding=\"async\" class=\"ngg-singlepic ngg-left alignleft\" src=\"https:\/\/www.infopoint.cz\/polsko\/wp-content\/uploads\/sites\/22\/nggallery\/vylet-na-bezkach\/thumbs\/thumbs_m17.jpg\" alt=\"m17\"><\/a>Restaurace ve <a href=\"https:\/\/www.infopoint.cz\/polsko\/kuchnia-przy-stajni\/\"><em>Stajnii Chojnov<\/em><\/a>, p\u0159\u00edjemn\u00e1 d\u0159ev\u011bn\u00e1 stavba, \u00fatuln\u00fd interi\u00e9r s v\u00fdhledem do j\u00edzd\u00e1rny, zap\u00e1len\u00fd krb, tepl\u00fd \u010daj, v\u00fdborn\u00fd ob\u011bd.&nbsp;<\/div>\n<div>\n<p>V\u00fdlet se opravdu vyda\u0159il, v\u0161ichni byli p\u0159\u00edjemn\u011b unaveni, ale velmi spokojeni. Dnes se n\u00e1m bez pochyby bude dob\u0159e sp\u00e1t a n\u011bkomu mo\u017en\u00e1 i n\u011bco p\u011bkn\u00e9ho zd\u00e1t. T\u0159eba o tom, zda se na podobn\u00fd v\u00fdlet b\u011bhem leto\u0161n\u00ed zimy nevyd\u00e1me je\u0161t\u011b jednou.<\/p>\n<p>Napsala pro <a href=\"https:\/\/www.infopoint.cz\/polsko\/category\/kulturni-ctvrtky\/\">kulturn\u00ed \u010dtvrtek<\/a> 19.01.2017: Margita<\/p>\n<p><a href=\"https:\/\/www.infopoint.cz\/polsko\/fotogalerie\/rok-2017\/\">M\u016f\u017eete se tak\u00e9 pod\u00edvat na ostatn\u00ed fotografie.<\/a><\/p>\n<\/div>\n","protected":false},"excerpt":{"rendered":"<p>Op\u011bt b\u00edl\u00e9 r\u00e1no, teplota -6 st C, obloha zata\u017een\u00e1, ale t\u00e9m\u011b\u0159 bezv\u011bt\u0159\u00ed a pro n\u00e1s v\u0161echny nejd\u016fle\u017eit\u011bj\u0161\u00ed ukazatel &#8211; \u010distota ovzdu\u0161\u00ed &#8211; dnes k na\u0161emu pot\u011b\u0161en\u00ed na\u0161t\u011bst\u00ed uch\u00e1zejic\u00ed parametry. To v\u0161e rozhodlo, jak\u00fdm sm\u011brem se bude ub\u00edrat n\u00e1\u0161 dne\u0161n\u00ed program. A v\u00edt\u011bzem tohoto t\u00fddne se st\u00e1v\u00e1 &#8222;v\u00fdlet na b\u011b\u017ek\u00e1ch&#8220; v lese v Chojnowsk\u00e9m Parku Krajobrazow\u00e9m. [&hellip;]<\/p>\n","protected":false},"author":2,"featured_media":0,"comment_status":"open","ping_status":"closed","sticky":false,"template":"","format":"standard","meta":{"ngg_post_thumbnail":0,"footnotes":""},"categories":[2],"tags":[],"class_list":["post-2613","post","type-post","status-publish","format-standard","hentry","category-kulturni-ctvrtky"],"_links":{"self":[{"href":"https:\/\/www.infopoint.cz\/polsko\/wp-json\/wp\/v2\/posts\/2613","targetHints":{"allow":["GET"]}}],"collection":[{"href":"https:\/\/www.infopoint.cz\/polsko\/wp-json\/wp\/v2\/posts"}],"about":[{"href":"https:\/\/www.infopoint.cz\/polsko\/wp-json\/wp\/v2\/types\/post"}],"author":[{"embeddable":true,"href":"https:\/\/www.infopoint.cz\/polsko\/wp-json\/wp\/v2\/users\/2"}],"replies":[{"embeddable":true,"href":"https:\/\/www.infopoint.cz\/polsko\/wp-json\/wp\/v2\/comments?post=2613"}],"version-history":[{"count":7,"href":"https:\/\/www.infopoint.cz\/polsko\/wp-json\/wp\/v2\/posts\/2613\/revisions"}],"predecessor-version":[{"id":2670,"href":"https:\/\/www.infopoint.cz\/polsko\/wp-json\/wp\/v2\/posts\/2613\/revisions\/2670"}],"wp:attachment":[{"href":"https:\/\/www.infopoint.cz\/polsko\/wp-json\/wp\/v2\/media?parent=2613"}],"wp:term":[{"taxonomy":"category","embeddable":true,"href":"https:\/\/www.infopoint.cz\/polsko\/wp-json\/wp\/v2\/categories?post=2613"},{"taxonomy":"post_tag","embeddable":true,"href":"https:\/\/www.infopoint.cz\/polsko\/wp-json\/wp\/v2\/tags?post=2613"}],"curies":[{"name":"wp","href":"https:\/\/api.w.org\/{rel}","templated":true}]}}