{"id":2679,"date":"2017-01-27T08:56:59","date_gmt":"2017-01-27T07:56:59","guid":{"rendered":"http:\/\/www.infopoint.cz\/polsko\/?p=2679"},"modified":"2017-01-28T14:58:59","modified_gmt":"2017-01-28T13:58:59","slug":"trochu-historie-pro-silne-jedince","status":"publish","type":"post","link":"https:\/\/www.infopoint.cz\/polsko\/trochu-historie-pro-silne-jedince\/","title":{"rendered":"Trochu historie pro siln\u00e9 jedince"},"content":{"rendered":"<p><a class=\"ngg-fancybox\" title=\" \" href=\"https:\/\/www.infopoint.cz\/polsko\/wp-content\/uploads\/sites\/22\/nggallery\/trochu-historie-pro-silne-jedince\/m02.jpg\" rel=\"\" data-image-id=\"684\" data-src=\"https:\/\/www.infopoint.cz\/polsko\/wp-content\/uploads\/sites\/22\/nggallery\/trochu-historie-pro-silne-jedince\/m02.jpg\" data-thumbnail=\"https:\/\/www.infopoint.cz\/polsko\/wp-content\/uploads\/sites\/22\/nggallery\/trochu-historie-pro-silne-jedince\/thumbs\/thumbs_m02.jpg\" data-title=\"m02\" data-description=\" \"><img decoding=\"async\" class=\"ngg-singlepic ngg-left alignleft\" src=\"https:\/\/www.infopoint.cz\/polsko\/wp-content\/uploads\/sites\/22\/nggallery\/trochu-historie-pro-silne-jedince\/thumbs\/thumbs_m02.jpg\" alt=\"m02\"><\/a>Dal\u0161\u00ed z na\u0161ich popul\u00e1rn\u00edch \u010dtvrtk\u016f za\u010dal vskutku nev\u00eddan\u011b, v\u0161ichni se se\u0161li v Truskawieck\u00e9 \u00faderem dev\u00e1t\u00e9 hodiny! I Monika! Ta se je\u0161t\u011b v posledn\u00ed chv\u00edli sna\u017eila p\u0159edb\u011bhnout Margitku. Nepovedlo se, ale i tak byla n\u00e1le\u017eit\u011b pochv\u00e1lena.<\/p>\n<p>U k\u00e1vi\u010dky se probraly d\u016fle\u017eit\u00e9 i ned\u016fle\u017eit\u00e9 ud\u00e1losti minul\u00e9ho t\u00fddne,a jako poka\u017ed\u00e9 jsme zvesela vyrazili za pozn\u00e1n\u00edm, tentokr\u00e1t do <a href=\"http:\/\/www.muzeumkatynskie.pl\/\">Muzea <\/a><a class=\"ngg-fancybox\" title=\" \" href=\"https:\/\/www.infopoint.cz\/polsko\/wp-content\/uploads\/sites\/22\/nggallery\/trochu-historie-pro-silne-jedince\/m05.jpg\" rel=\"\" data-image-id=\"686\" data-src=\"https:\/\/www.infopoint.cz\/polsko\/wp-content\/uploads\/sites\/22\/nggallery\/trochu-historie-pro-silne-jedince\/m05.jpg\" data-thumbnail=\"https:\/\/www.infopoint.cz\/polsko\/wp-content\/uploads\/sites\/22\/nggallery\/trochu-historie-pro-silne-jedince\/thumbs\/thumbs_m05.jpg\" data-title=\"m05\" data-description=\" \"><img decoding=\"async\" class=\"ngg-singlepic ngg-right alignright\" src=\"https:\/\/www.infopoint.cz\/polsko\/wp-content\/uploads\/sites\/22\/nggallery\/trochu-historie-pro-silne-jedince\/thumbs\/thumbs_m05.jpg\" alt=\"m05\"><\/a><a href=\"http:\/\/www.muzeumkatynskie.pl\/\">Katyn\u011b<\/a>.<\/p>\n<p>Naskl\u00e1dali jsme se do jednoho auta! To snad nikdo z \u00fa\u010dastn\u00edk\u016f \u010dtvrtk\u016f nepamatuje! Po plynul\u00e9 j\u00edzd\u011b jsme luxusn\u011b zaparkovali p\u0159\u00edmo u muzea, kde se n\u00e1s ujala velmi p\u0159\u00edjemn\u00e1 pan\u00ed pr\u016fvodkyn\u011b.<\/p>\n<p>V\u0161ichni jsme o masakru v Katyni n\u011bco v\u011bd\u011bli, n\u011bkdo v\u00edc, n\u011bkdo m\u00ed\u0148. Ka\u017edop\u00e1dn\u011b jsme se <a class=\"ngg-fancybox\" title=\" \" href=\"https:\/\/www.infopoint.cz\/polsko\/wp-content\/uploads\/sites\/22\/nggallery\/trochu-historie-pro-silne-jedince\/m10.jpg\" rel=\"\" data-image-id=\"690\" data-src=\"https:\/\/www.infopoint.cz\/polsko\/wp-content\/uploads\/sites\/22\/nggallery\/trochu-historie-pro-silne-jedince\/m10.jpg\" data-thumbnail=\"https:\/\/www.infopoint.cz\/polsko\/wp-content\/uploads\/sites\/22\/nggallery\/trochu-historie-pro-silne-jedince\/thumbs\/thumbs_m10.jpg\" data-title=\"m10\" data-description=\" \"><img decoding=\"async\" class=\"ngg-singlepic ngg-left alignleft\" src=\"https:\/\/www.infopoint.cz\/polsko\/wp-content\/uploads\/sites\/22\/nggallery\/trochu-historie-pro-silne-jedince\/thumbs\/thumbs_m10.jpg\" alt=\"m10\"><\/a>dov\u011bd\u011bli spoustu nov\u00e9ho.<\/p>\n<p>T\u0159eba pro\u010d nebyla polsk\u00e1 arm\u00e1da na za\u010d\u00e1tku v\u00e1lky schopna akce, pro\u010d se t\u00e9to smutn\u00e9 ud\u00e1losti \u0159\u00edk\u00e1 Katy\u0148sk\u00fd masakr, i kdy\u017e v\u00edce lid\u00ed bylo zavra\u017ed\u011bno jinde, pro\u010d byla tato ud\u00e1lost na dlouho tabu &#8230; v\u00fdstava p\u0159edm\u011bt\u016f z masov\u00fdch hrob\u016f je depresivn\u00ed a zaj\u00edmav\u00e1 z\u00e1rove\u0144, jsou to re\u00e1ln\u00e9 v\u011bci re\u00e1ln\u00fdch lid\u00ed, kte\u0159\u00ed byli odtr\u017eeni od sv\u00fdch bl\u00edzk\u00fdch a zcela nesmysln\u011b popraveni. Na\u0161e mal\u00e1 skupinka se shodla na tom, \u017ee n\u00e1sledky Katyn\u011b jsou v pol\u00e1c\u00edch hluboko vryt\u00e9 a \u00fapln\u011b snad nevymiz\u00ed nikdy.<a class=\"ngg-fancybox\" title=\" \" href=\"https:\/\/www.infopoint.cz\/polsko\/wp-content\/uploads\/sites\/22\/nggallery\/trochu-historie-pro-silne-jedince\/m30.jpg\" rel=\"\" data-image-id=\"707\" data-src=\"https:\/\/www.infopoint.cz\/polsko\/wp-content\/uploads\/sites\/22\/nggallery\/trochu-historie-pro-silne-jedince\/m30.jpg\" data-thumbnail=\"https:\/\/www.infopoint.cz\/polsko\/wp-content\/uploads\/sites\/22\/nggallery\/trochu-historie-pro-silne-jedince\/thumbs\/thumbs_m30.jpg\" data-title=\"m30\" data-description=\" \"><img decoding=\"async\" class=\"ngg-singlepic ngg-right alignright\" src=\"https:\/\/www.infopoint.cz\/polsko\/wp-content\/uploads\/sites\/22\/nggallery\/trochu-historie-pro-silne-jedince\/thumbs\/thumbs_m30.jpg\" alt=\"m30\"><\/a><\/p>\n<p>Lehce v poklusu jsem se p\u0159esunuli na ob\u011bd. <a href=\"https:\/\/www.infopoint.cz\/polsko\/dekant-wine-bar-and-restaurant\/\">Dekant Wine Bar and Restaurant<\/a> byla op\u011bt skv\u011bl\u00e1 volba. Ale\u0161 mo\u017en\u00e1 bude tvrdit n\u011bco jin\u00e9ho, nicm\u00e9n\u011b d\u00e1msk\u00e1 \u010d\u00e1st skupiny byla velmi spokojena. I kdy\u017e chybi\u010dka se vloudila, kdy\u017e n\u00e1m bylo ozn\u00e1meno, \u017ee BEZA do\u0161la! To jsme ne\u010dekali a \u010das na hled\u00e1n\u00ed vhodn\u00e9 kav\u00e1rni\u010dky v okol\u00ed, u\u017e Monice ani Mirce nezb\u00fdval, proto\u017ee je je\u0161t\u011b \u010dekala kultura <a class=\"ngg-fancybox\" title=\" \" href=\"https:\/\/www.infopoint.cz\/polsko\/wp-content\/uploads\/sites\/22\/nggallery\/trochu-historie-pro-silne-jedince\/m54.jpg\" rel=\"\" data-image-id=\"726\" data-src=\"https:\/\/www.infopoint.cz\/polsko\/wp-content\/uploads\/sites\/22\/nggallery\/trochu-historie-pro-silne-jedince\/m54.jpg\" data-thumbnail=\"https:\/\/www.infopoint.cz\/polsko\/wp-content\/uploads\/sites\/22\/nggallery\/trochu-historie-pro-silne-jedince\/thumbs\/thumbs_m54.jpg\" data-title=\"m54\" data-description=\" \"><img decoding=\"async\" class=\"ngg-singlepic ngg-left alignleft\" src=\"https:\/\/www.infopoint.cz\/polsko\/wp-content\/uploads\/sites\/22\/nggallery\/trochu-historie-pro-silne-jedince\/thumbs\/thumbs_m54.jpg\" alt=\"m54\"><\/a>v podob\u011b hudebn\u00edho vystoupen\u00ed na\u0161ich tot\u00e1ln\u011b hudebn\u011b nenadan\u00fdch syn\u016f ve \u0161kole.<\/p>\n<p>Shrnuto a podtr\u017eeno, \u010dtvrtek byl op\u011bt vyj\u00edme\u010dn\u00fd, d\u00edky bezvadn\u00e9 parti\u010dce, kterou jen tak n\u011bco nerozh\u00e1z\u00ed.<\/p>\n<p>Napsala pro <a href=\"https:\/\/www.infopoint.cz\/polsko\/category\/kulturni-ctvrtky\/\">kulturn\u00ed \u010dtvrtek<\/a> 26.01.2017: Mirka<\/p>\n<p><a href=\"https:\/\/www.infopoint.cz\/polsko\/fotogalerie\/rok-2017\/\">M\u016f\u017eete se tak\u00e9 pod\u00edvat na ostatn\u00ed fotografie.<\/a><\/p>\n","protected":false},"excerpt":{"rendered":"<p>Dal\u0161\u00ed z na\u0161ich popul\u00e1rn\u00edch \u010dtvrtk\u016f za\u010dal vskutku nev\u00eddan\u011b, v\u0161ichni se se\u0161li v Truskawieck\u00e9 \u00faderem dev\u00e1t\u00e9 hodiny! I Monika! Ta se je\u0161t\u011b v posledn\u00ed chv\u00edli sna\u017eila p\u0159edb\u011bhnout Margitku. Nepovedlo se, ale i tak byla n\u00e1le\u017eit\u011b pochv\u00e1lena. U k\u00e1vi\u010dky se probraly d\u016fle\u017eit\u00e9 i ned\u016fle\u017eit\u00e9 ud\u00e1losti minul\u00e9ho t\u00fddne,a jako poka\u017ed\u00e9 jsme zvesela vyrazili za pozn\u00e1n\u00edm, tentokr\u00e1t do Muzea [&hellip;]<\/p>\n","protected":false},"author":2,"featured_media":0,"comment_status":"open","ping_status":"closed","sticky":false,"template":"","format":"standard","meta":{"ngg_post_thumbnail":0,"footnotes":""},"categories":[2],"tags":[],"class_list":["post-2679","post","type-post","status-publish","format-standard","hentry","category-kulturni-ctvrtky"],"_links":{"self":[{"href":"https:\/\/www.infopoint.cz\/polsko\/wp-json\/wp\/v2\/posts\/2679","targetHints":{"allow":["GET"]}}],"collection":[{"href":"https:\/\/www.infopoint.cz\/polsko\/wp-json\/wp\/v2\/posts"}],"about":[{"href":"https:\/\/www.infopoint.cz\/polsko\/wp-json\/wp\/v2\/types\/post"}],"author":[{"embeddable":true,"href":"https:\/\/www.infopoint.cz\/polsko\/wp-json\/wp\/v2\/users\/2"}],"replies":[{"embeddable":true,"href":"https:\/\/www.infopoint.cz\/polsko\/wp-json\/wp\/v2\/comments?post=2679"}],"version-history":[{"count":8,"href":"https:\/\/www.infopoint.cz\/polsko\/wp-json\/wp\/v2\/posts\/2679\/revisions"}],"predecessor-version":[{"id":2779,"href":"https:\/\/www.infopoint.cz\/polsko\/wp-json\/wp\/v2\/posts\/2679\/revisions\/2779"}],"wp:attachment":[{"href":"https:\/\/www.infopoint.cz\/polsko\/wp-json\/wp\/v2\/media?parent=2679"}],"wp:term":[{"taxonomy":"category","embeddable":true,"href":"https:\/\/www.infopoint.cz\/polsko\/wp-json\/wp\/v2\/categories?post=2679"},{"taxonomy":"post_tag","embeddable":true,"href":"https:\/\/www.infopoint.cz\/polsko\/wp-json\/wp\/v2\/tags?post=2679"}],"curies":[{"name":"wp","href":"https:\/\/api.w.org\/{rel}","templated":true}]}}