{"id":2849,"date":"2017-02-08T11:36:15","date_gmt":"2017-02-08T10:36:15","guid":{"rendered":"http:\/\/www.infopoint.cz\/polsko\/?p=2849"},"modified":"2017-02-08T11:59:40","modified_gmt":"2017-02-08T10:59:40","slug":"ctvrtecni-setkani-s-chopinem","status":"publish","type":"post","link":"https:\/\/www.infopoint.cz\/polsko\/ctvrtecni-setkani-s-chopinem\/","title":{"rendered":"\u010ctvrte\u010dn\u00ed setk\u00e1n\u00ed s Chopinem"},"content":{"rendered":"<p><a class=\"ngg-fancybox\" title=\" \" href=\"https:\/\/www.infopoint.cz\/polsko\/wp-content\/uploads\/sites\/22\/nggallery\/muzeum-fryderyka-chopina\/m01.jpg\" data-image-id=\"727\" data-src=\"https:\/\/www.infopoint.cz\/polsko\/wp-content\/uploads\/sites\/22\/nggallery\/muzeum-fryderyka-chopina\/m01.jpg\" data-thumbnail=\"https:\/\/www.infopoint.cz\/polsko\/wp-content\/uploads\/sites\/22\/nggallery\/muzeum-fryderyka-chopina\/thumbs\/thumbs_m01.jpg\" data-title=\"m01\" data-description=\" \"><img loading=\"lazy\" decoding=\"async\" class=\"ngg-singlepic ngg-left alignleft\" src=\"https:\/\/www.infopoint.cz\/polsko\/wp-content\/uploads\/sites\/22\/nggallery\/muzeum-fryderyka-chopina\/thumbs\/thumbs_m01.jpg\" alt=\"Chopinovo muzeum\" height=\"160\" width=\"240\"><\/a><\/p>\n<p>Nav\u0161t\u00edvit muzeum o n\u011bjak\u00e9 v\u00fdznamn\u00e9 osob\u011b m\u016f\u017ee znamenat such\u00e9 p\u0159e\u010d\u00edt\u00e1n\u00ed desti\u010dek s&nbsp;d\u016fle\u017eit\u00fdmi daty a obhl\u00ed\u017een\u00ed obraz\u016f a expon\u00e1t\u016f z&nbsp;jeho doby. Jen\u017ee, kdy\u017e m\u00e1te to \u0161t\u011bst\u00ed a v\u011bnuje se V\u00e1m stejn\u00fd pr\u016fvodce v&nbsp;<a href=\"http:\/\/chopin.museum\/en\/contact\/us\">Chopinov\u011b muzeu<\/a> jako n\u00e1m, odch\u00e1z\u00edte s&nbsp;dojmem, \u017ee jste potkali Chopinova bl\u00edzk\u00e9ho zn\u00e1m\u00e9ho, kter\u00fd jej \u010dasto potk\u00e1val. <a class=\"ngg-fancybox\" title=\" \" href=\"https:\/\/www.infopoint.cz\/polsko\/wp-content\/uploads\/sites\/22\/nggallery\/muzeum-fryderyka-chopina\/m06.jpg\" data-image-id=\"751\" data-src=\"https:\/\/www.infopoint.cz\/polsko\/wp-content\/uploads\/sites\/22\/nggallery\/muzeum-fryderyka-chopina\/m06.jpg\" data-thumbnail=\"https:\/\/www.infopoint.cz\/polsko\/wp-content\/uploads\/sites\/22\/nggallery\/muzeum-fryderyka-chopina\/thumbs\/thumbs_m06.jpg\" data-title=\"m06\" data-description=\" \"><img loading=\"lazy\" decoding=\"async\" class=\"ngg-singlepic ngg-right alignright\" src=\"https:\/\/www.infopoint.cz\/polsko\/wp-content\/uploads\/sites\/22\/nggallery\/muzeum-fryderyka-chopina\/thumbs\/thumbs_m06.jpg\" alt=\"Chopinovi sourozenci\" height=\"160\" width=\"240\"><\/a><\/p>\n<p>\u0158eknu V\u00e1m, bylo to lep\u0161\u00ed ne\u017e p\u0159e\u010d\u00edst si o Chopinovi kn\u00ed\u017eku nebo pod\u00edvat se na film o n\u011bm. Ten pr\u016fvodce znal odpov\u011bdi na v\u0161echny na\u0161e v\u0161ete\u010dn\u00e9 ot\u00e1zky. Nav\u00edc d\u00edky sv\u00e9 schopnosti zaj\u00edmav\u011b uk\u00e1zat na historick\u00e9 souvislosti se nap\u0159\u00edklad&nbsp; \u010dlov\u011bk nemohl ubr\u00e1nit dojmu, \u017ee n\u011bkter\u00e9 zem\u011b pou\u017e\u00edvaj\u00ed st\u00e1le stejnou strategii okupace jin\u00fdch \u00fazem\u00ed.<\/p>\n<p>Kv\u016fli&nbsp; odcestov\u00e1n\u00ed do V\u00eddn\u011b chv\u00edli p\u0159ed listopadov\u00fdm povst\u00e1n\u00edm a odm\u00edtnut\u00ed se nechat najmout zp\u011bt ve sv\u00e9 vlasti na potla\u010dov\u00e1n\u00ed vzpour Pol\u00e1k\u016f, se nemohl Chopin do sv\u00e9 vlasti za sv\u016fj \u017eivot vr\u00e1tit, nesm\u011blo b\u00fdt zmi\u0148ov\u00e1no jeho jm\u00e9no, nesm\u011bl b\u00fdt pochov\u00e1n v&nbsp;polsk\u00e9 zemi, nesm\u011bl b\u00fdt v&nbsp;kontaktu se sv\u00fdmi bl\u00edzk\u00fdmi\u2026 \u017de V\u00e1m to n\u011bco p\u0159ipom\u00edn\u00e1?<\/p>\n<p><a class=\"ngg-fancybox\" title=\" \" href=\"https:\/\/www.infopoint.cz\/polsko\/wp-content\/uploads\/sites\/22\/nggallery\/muzeum-fryderyka-chopina\/m08-1.jpg\" data-image-id=\"752\" data-src=\"https:\/\/www.infopoint.cz\/polsko\/wp-content\/uploads\/sites\/22\/nggallery\/muzeum-fryderyka-chopina\/m08-1.jpg\" data-thumbnail=\"https:\/\/www.infopoint.cz\/polsko\/wp-content\/uploads\/sites\/22\/nggallery\/muzeum-fryderyka-chopina\/thumbs\/thumbs_m08-1.jpg\" data-title=\"m08\" data-description=\" \"><img loading=\"lazy\" decoding=\"async\" class=\"ngg-singlepic ngg-left alignleft\" src=\"https:\/\/www.infopoint.cz\/polsko\/wp-content\/uploads\/sites\/22\/nggallery\/muzeum-fryderyka-chopina\/thumbs\/thumbs_m08-1.jpg\" alt=\"Chopin\u016fv koncert\" height=\"160\" width=\"240\"><\/a>V&nbsp;muzeu jsme obdivovali \u010destnou up\u0159\u00edmnost prvn\u00edho (mimochodem \u010desk\u00e9ho) Chopinova u\u010ditele klav\u00edru Wojciecha \u017bywneho, kdy\u017e v&nbsp;Chopinov\u00fdch 12 letech prohl\u00e1sil, \u017ee u\u017e jej nem\u016f\u017ee v\u00edce nau\u010dit a Chopin tak tr\u00e9noval s\u00e1m a vystudoval skladbu. Fascinovala n\u00e1s markentingov\u00e1 strategie Pa\u0159\u00ed\u017esk\u00e9ho v\u00fdrobce klav\u00edr\u016f Pleyela, na jeho\u017e klav\u00edry Chopin pak hr\u00e1l cel\u00fd \u017eivot. Pou\u010dili jsme se, kdy\u017e jsme sly\u0161eli, \u017ee mo\u017en\u00e9mu sporu s&nbsp;konkrutentem Lisztem se vyhnuli tak, \u017ee se ka\u017ed\u00fd z&nbsp;nich zam\u011b\u0159il na jin\u00fd typ vystupov\u00e1n\u00ed.<\/p>\n<p>A pousm\u00e1li jsme se nad Chopinov\u00fdm iPhonem a krabi\u010dkou na cukr\u00e1tka s&nbsp;Hello Kitty. <a class=\"ngg-fancybox\" title=\" \" href=\"https:\/\/www.infopoint.cz\/polsko\/wp-content\/uploads\/sites\/22\/nggallery\/muzeum-fryderyka-chopina\/m19-1.jpg\" data-image-id=\"753\" data-src=\"https:\/\/www.infopoint.cz\/polsko\/wp-content\/uploads\/sites\/22\/nggallery\/muzeum-fryderyka-chopina\/m19-1.jpg\" data-thumbnail=\"https:\/\/www.infopoint.cz\/polsko\/wp-content\/uploads\/sites\/22\/nggallery\/muzeum-fryderyka-chopina\/thumbs\/thumbs_m19-1.jpg\" data-title=\"m19\" data-description=\" \"><img loading=\"lazy\" decoding=\"async\" class=\"ngg-singlepic ngg-right alignright\" src=\"https:\/\/www.infopoint.cz\/polsko\/wp-content\/uploads\/sites\/22\/nggallery\/muzeum-fryderyka-chopina\/thumbs\/thumbs_m19-1.jpg\" alt=\"posmrtn\u00fd Chopin\u016fv otisk\" height=\"160\" width=\"240\"><\/a>Nav\u00edc n\u00e1s p\u0159ekvapil trojit\u00fd pokus o posmrtn\u00fd Chopin\u016fv otisk, aby jeho tv\u00e1\u0159 vypadala romanti\u010dt\u011bji ne\u017e ve skute\u010dnosti a diskutovali jsme o mo\u017enostech l\u00e9\u010dby plicn\u00ed fibr\u00f3zy.<\/p>\n<p><a class=\"ngg-fancybox\" title=\" \" href=\"https:\/\/www.infopoint.cz\/polsko\/wp-content\/uploads\/sites\/22\/nggallery\/muzeum-fryderyka-chopina\/m23-1.jpg\" data-image-id=\"755\" data-src=\"https:\/\/www.infopoint.cz\/polsko\/wp-content\/uploads\/sites\/22\/nggallery\/muzeum-fryderyka-chopina\/m23-1.jpg\" data-thumbnail=\"https:\/\/www.infopoint.cz\/polsko\/wp-content\/uploads\/sites\/22\/nggallery\/muzeum-fryderyka-chopina\/thumbs\/thumbs_m23-1.jpg\" data-title=\"m23\" data-description=\" \"><img loading=\"lazy\" decoding=\"async\" class=\"ngg-singlepic ngg-left alignleft\" src=\"https:\/\/www.infopoint.cz\/polsko\/wp-content\/uploads\/sites\/22\/nggallery\/muzeum-fryderyka-chopina\/thumbs\/thumbs_m23-1.jpg\" alt=\"Nicolas-Eustache Maurin, S\u0142awni Piani\u015bci - Jeune Ecole [Famous Pianists - Jeune Ecole], 1842, published in &quot;Galerie de la Gazette Musicale&quot;, 1842 No. 2, litograph, Muzeum Fryderyka Chopina, M\/2895.\" height=\"160\" width=\"240\"><\/a><\/p>\n<p>P\u0159edev\u0161\u00edm ale bylo z\u0159ejm\u00e9, \u017ee se Chopin v\u011bnoval s&nbsp;nad\u0161en\u00edm a pe\u010dlivost\u00ed tomu co jej nejv\u00edce t\u011b\u0161ilo, odm\u00edtal ustoupit od sv\u00fdch p\u0159edstav a tak jedin\u011b dos\u00e1hl \u00fasp\u011bchu. Mimod\u011bk tato cesta vedla k&nbsp;tomu, \u017ee se po smrti stal symbolem polsk\u00e9 hrdosti, i kdy\u017e o to ani neusiloval.<\/p>\n<p>Dojm\u016f bylo nesm\u00edrn\u011b moc. Dorovnali jsme tento intelektu\u00e1ln\u00ed n\u00e1\u0161up pohlazen\u00edm na\u0161ich \u017ealudk\u016f v&nbsp;restauraci <a href=\"https:\/\/www.infopoint.cz\/polsko\/oliva\/\">Oliva<\/a>.&nbsp; Mil\u00e9 pov\u00edd\u00e1n\u00ed doprov\u00e1zelo vychutn\u00e1v\u00e1n\u00ed chobotnic, hov\u011bz\u00edch l\u00ed\u010dek a dal\u0161\u00edch pe\u010dliv\u011b p\u0159ipraven\u00fdch dobrot.<\/p>\n<p>K\u00e9\u017e bychom v\u017edy vid\u011bli svou cestu a um\u011bli \u0159\u00edct, co n\u00e1s nejv\u00edce t\u011bs\u00ed.<\/p>\n<p>Napsala pro <a href=\"https:\/\/www.infopoint.cz\/polsko\/category\/kulturni-ctvrtky\/\">kulturn\u00ed \u010dtvrtek<\/a> 02.02.2017: Zuzka<\/p>\n<p><a href=\"https:\/\/www.infopoint.cz\/polsko\/fotogalerie\/rok-2017\/\">M\u016f\u017eete se tak\u00e9 pod\u00edvat na ostatn\u00ed fotografie.<\/a><\/p>\n","protected":false},"excerpt":{"rendered":"<p>Nav\u0161t\u00edvit muzeum o n\u011bjak\u00e9 v\u00fdznamn\u00e9 osob\u011b m\u016f\u017ee znamenat such\u00e9 p\u0159e\u010d\u00edt\u00e1n\u00ed desti\u010dek s&nbsp;d\u016fle\u017eit\u00fdmi daty a obhl\u00ed\u017een\u00ed obraz\u016f a expon\u00e1t\u016f z&nbsp;jeho doby. Jen\u017ee, kdy\u017e m\u00e1te to \u0161t\u011bst\u00ed a v\u011bnuje se V\u00e1m stejn\u00fd pr\u016fvodce v&nbsp;Chopinov\u011b muzeu jako n\u00e1m, odch\u00e1z\u00edte s&nbsp;dojmem, \u017ee jste potkali Chopinova bl\u00edzk\u00e9ho zn\u00e1m\u00e9ho, kter\u00fd jej \u010dasto potk\u00e1val. \u0158eknu V\u00e1m, bylo to lep\u0161\u00ed ne\u017e p\u0159e\u010d\u00edst si [&hellip;]<\/p>\n","protected":false},"author":2,"featured_media":0,"comment_status":"open","ping_status":"closed","sticky":false,"template":"","format":"standard","meta":{"ngg_post_thumbnail":0,"footnotes":""},"categories":[2],"tags":[],"class_list":["post-2849","post","type-post","status-publish","format-standard","hentry","category-kulturni-ctvrtky"],"_links":{"self":[{"href":"https:\/\/www.infopoint.cz\/polsko\/wp-json\/wp\/v2\/posts\/2849","targetHints":{"allow":["GET"]}}],"collection":[{"href":"https:\/\/www.infopoint.cz\/polsko\/wp-json\/wp\/v2\/posts"}],"about":[{"href":"https:\/\/www.infopoint.cz\/polsko\/wp-json\/wp\/v2\/types\/post"}],"author":[{"embeddable":true,"href":"https:\/\/www.infopoint.cz\/polsko\/wp-json\/wp\/v2\/users\/2"}],"replies":[{"embeddable":true,"href":"https:\/\/www.infopoint.cz\/polsko\/wp-json\/wp\/v2\/comments?post=2849"}],"version-history":[{"count":5,"href":"https:\/\/www.infopoint.cz\/polsko\/wp-json\/wp\/v2\/posts\/2849\/revisions"}],"predecessor-version":[{"id":2858,"href":"https:\/\/www.infopoint.cz\/polsko\/wp-json\/wp\/v2\/posts\/2849\/revisions\/2858"}],"wp:attachment":[{"href":"https:\/\/www.infopoint.cz\/polsko\/wp-json\/wp\/v2\/media?parent=2849"}],"wp:term":[{"taxonomy":"category","embeddable":true,"href":"https:\/\/www.infopoint.cz\/polsko\/wp-json\/wp\/v2\/categories?post=2849"},{"taxonomy":"post_tag","embeddable":true,"href":"https:\/\/www.infopoint.cz\/polsko\/wp-json\/wp\/v2\/tags?post=2849"}],"curies":[{"name":"wp","href":"https:\/\/api.w.org\/{rel}","templated":true}]}}