{"id":2863,"date":"2017-02-13T15:24:54","date_gmt":"2017-02-13T14:24:54","guid":{"rendered":"http:\/\/www.infopoint.cz\/polsko\/?p=2863"},"modified":"2017-02-27T15:37:37","modified_gmt":"2017-02-27T14:37:37","slug":"zijeme-ve-svete-narcistickych-muzu-rika-agnieszka-holland","status":"publish","type":"post","link":"https:\/\/www.infopoint.cz\/polsko\/zijeme-ve-svete-narcistickych-muzu-rika-agnieszka-holland\/","title":{"rendered":"\u017dijeme ve sv\u011bt\u011b narcistick\u00fdch mu\u017e\u016f, \u0159\u00edk\u00e1 Agnieszka Holland"},"content":{"rendered":"<blockquote>\n<blockquote><p>Polsk\u00e1 re\u017eis\u00e9rka Agnieszka Holland p\u0159edstavila na pr\u00e1v\u011b prob\u00edhaj\u00edc\u00edm mezin\u00e1rodn\u00edm filmov\u00e9m festivalu Berlinale sv\u016fj kontroverzn\u00ed sn\u00edmek P\u0159es kosti mrtv\u00fdch. Film, kter\u00fd vznikl podle stejnojmenn\u00e9ho rom\u00e1nu spisovatelky Olgy Tokarczuk, byl nato\u010den s \u010deskou koproduk\u010dn\u00ed \u00fa\u010dast\u00ed a jednu z d\u016fle\u017eit\u00fdch rol\u00ed v n\u011bm ztv\u00e1rnil Miroslav Krobot. Re\u017eis\u00e9rka sv\u016fj \u017e\u00e1nrov\u011b nejednozna\u010dn\u00fd sn\u00edmek ozna\u010dila na tiskov\u00e9 konferenci jako \u201eanarchisticko-ekologicko-feministickou detektivku s prvky \u010dern\u00e9 komedie\u201c.<\/p><\/blockquote>\n<\/blockquote>\n<p>Zdroj: <a href=\"http:\/\/www.lidovky.cz\/zijeme-ve-svete-narcistickych-muzu-rika-agnieszka-holland-pnu-\/kultura.aspx?c=A170212_201703_ln_kultura_ele\">http:\/\/www.lidovky.cz\/zijeme-ve-svete-narcistickych-muzu-rika-agnieszka-holland-pnu-\/kultura.aspx?c=A170212_201703_ln_kultura_ele<\/a><\/p>\n","protected":false},"excerpt":{"rendered":"<p>Polsk\u00e1 re\u017eis\u00e9rka Agnieszka Holland p\u0159edstavila na pr\u00e1v\u011b prob\u00edhaj\u00edc\u00edm mezin\u00e1rodn\u00edm filmov\u00e9m festivalu Berlinale sv\u016fj kontroverzn\u00ed sn\u00edmek P\u0159es kosti mrtv\u00fdch. Film, kter\u00fd vznikl podle stejnojmenn\u00e9ho rom\u00e1nu spisovatelky Olgy Tokarczuk, byl nato\u010den s \u010deskou koproduk\u010dn\u00ed \u00fa\u010dast\u00ed a jednu z d\u016fle\u017eit\u00fdch rol\u00ed v n\u011bm ztv\u00e1rnil Miroslav Krobot. Re\u017eis\u00e9rka sv\u016fj \u017e\u00e1nrov\u011b nejednozna\u010dn\u00fd sn\u00edmek ozna\u010dila na tiskov\u00e9 konferenci jako \u201eanarchisticko-ekologicko-feministickou detektivku [&hellip;]<\/p>\n","protected":false},"author":2,"featured_media":0,"comment_status":"open","ping_status":"closed","sticky":false,"template":"","format":"standard","meta":{"ngg_post_thumbnail":0,"footnotes":""},"categories":[24],"tags":[25],"class_list":["post-2863","post","type-post","status-publish","format-standard","hentry","category-zajimavosti","tag-film"],"_links":{"self":[{"href":"https:\/\/www.infopoint.cz\/polsko\/wp-json\/wp\/v2\/posts\/2863","targetHints":{"allow":["GET"]}}],"collection":[{"href":"https:\/\/www.infopoint.cz\/polsko\/wp-json\/wp\/v2\/posts"}],"about":[{"href":"https:\/\/www.infopoint.cz\/polsko\/wp-json\/wp\/v2\/types\/post"}],"author":[{"embeddable":true,"href":"https:\/\/www.infopoint.cz\/polsko\/wp-json\/wp\/v2\/users\/2"}],"replies":[{"embeddable":true,"href":"https:\/\/www.infopoint.cz\/polsko\/wp-json\/wp\/v2\/comments?post=2863"}],"version-history":[{"count":3,"href":"https:\/\/www.infopoint.cz\/polsko\/wp-json\/wp\/v2\/posts\/2863\/revisions"}],"predecessor-version":[{"id":2878,"href":"https:\/\/www.infopoint.cz\/polsko\/wp-json\/wp\/v2\/posts\/2863\/revisions\/2878"}],"wp:attachment":[{"href":"https:\/\/www.infopoint.cz\/polsko\/wp-json\/wp\/v2\/media?parent=2863"}],"wp:term":[{"taxonomy":"category","embeddable":true,"href":"https:\/\/www.infopoint.cz\/polsko\/wp-json\/wp\/v2\/categories?post=2863"},{"taxonomy":"post_tag","embeddable":true,"href":"https:\/\/www.infopoint.cz\/polsko\/wp-json\/wp\/v2\/tags?post=2863"}],"curies":[{"name":"wp","href":"https:\/\/api.w.org\/{rel}","templated":true}]}}