{"id":2865,"date":"2017-02-02T15:28:41","date_gmt":"2017-02-02T14:28:41","guid":{"rendered":"http:\/\/www.infopoint.cz\/polsko\/?p=2865"},"modified":"2020-06-24T09:39:58","modified_gmt":"2020-06-24T07:39:58","slug":"novi-spoluhraci-si-z-necida-hned-vystrelili-polsko-je-z-prestupu-paf","status":"publish","type":"post","link":"https:\/\/www.infopoint.cz\/polsko\/novi-spoluhraci-si-z-necida-hned-vystrelili-polsko-je-z-prestupu-paf\/","title":{"rendered":"Nov\u00ed spoluhr\u00e1\u010di si z Necida hned vyst\u0159elili, Polsko je z p\u0159estupu paf"},"content":{"rendered":"<blockquote><p>Zat\u00edmco jin\u00e9 kluby m\u011bly probl\u00e9m finan\u010dn\u00ed podm\u00ednky splnit, Legia Var\u0161ava p\u0159\u00edchod Tom\u00e1\u0161e Necida dot\u00e1hla. \u010cesk\u00fd fotbalista se nejd\u0159\u00edv na vlastn\u00ed o\u010di p\u0159esv\u011bd\u010dil, \u017ee klub se m\u016f\u017ee m\u011b\u0159it se z\u00e1padn\u00ed Evropou, a n\u00e1sledn\u011b odlet\u011bl za sv\u00fdm nov\u00fdm t\u00fdmem na soust\u0159ed\u011bn\u00ed do \u0160pan\u011blska.<\/p><\/blockquote>\n<p>Zdroj: <a href=\"http:\/\/fotbal.idnes.cz\/fotbalista-tomas-necid-prestoupil-do-legie-varsava-f89-\/fot_zahranici.aspx?c=A170201_170357_fot_zahranici_pes\">http:\/\/fotbal.idnes.cz\/fotbalista-tomas-necid-prestoupil-do-legie-varsava-f89-\/fot_zahranici.aspx?c=A170201_170357_fot_zahranici_pes<\/a><\/p>\n","protected":false},"excerpt":{"rendered":"<p>Zat\u00edmco jin\u00e9 kluby m\u011bly probl\u00e9m finan\u010dn\u00ed podm\u00ednky splnit, Legia Var\u0161ava p\u0159\u00edchod Tom\u00e1\u0161e Necida dot\u00e1hla. \u010cesk\u00fd fotbalista se nejd\u0159\u00edv na vlastn\u00ed o\u010di p\u0159esv\u011bd\u010dil, \u017ee klub se m\u016f\u017ee m\u011b\u0159it se z\u00e1padn\u00ed Evropou, a n\u00e1sledn\u011b odlet\u011bl za sv\u00fdm nov\u00fdm t\u00fdmem na soust\u0159ed\u011bn\u00ed do \u0160pan\u011blska. Zdroj: http:\/\/fotbal.idnes.cz\/fotbalista-tomas-necid-prestoupil-do-legie-varsava-f89-\/fot_zahranici.aspx?c=A170201_170357_fot_zahranici_pes<\/p>\n","protected":false},"author":2,"featured_media":0,"comment_status":"open","ping_status":"closed","sticky":false,"template":"","format":"standard","meta":{"ngg_post_thumbnail":0,"footnotes":""},"categories":[24],"tags":[26],"class_list":["post-2865","post","type-post","status-publish","format-standard","hentry","category-zajimavosti","tag-sport"],"_links":{"self":[{"href":"https:\/\/www.infopoint.cz\/polsko\/wp-json\/wp\/v2\/posts\/2865","targetHints":{"allow":["GET"]}}],"collection":[{"href":"https:\/\/www.infopoint.cz\/polsko\/wp-json\/wp\/v2\/posts"}],"about":[{"href":"https:\/\/www.infopoint.cz\/polsko\/wp-json\/wp\/v2\/types\/post"}],"author":[{"embeddable":true,"href":"https:\/\/www.infopoint.cz\/polsko\/wp-json\/wp\/v2\/users\/2"}],"replies":[{"embeddable":true,"href":"https:\/\/www.infopoint.cz\/polsko\/wp-json\/wp\/v2\/comments?post=2865"}],"version-history":[{"count":3,"href":"https:\/\/www.infopoint.cz\/polsko\/wp-json\/wp\/v2\/posts\/2865\/revisions"}],"predecessor-version":[{"id":2879,"href":"https:\/\/www.infopoint.cz\/polsko\/wp-json\/wp\/v2\/posts\/2865\/revisions\/2879"}],"wp:attachment":[{"href":"https:\/\/www.infopoint.cz\/polsko\/wp-json\/wp\/v2\/media?parent=2865"}],"wp:term":[{"taxonomy":"category","embeddable":true,"href":"https:\/\/www.infopoint.cz\/polsko\/wp-json\/wp\/v2\/categories?post=2865"},{"taxonomy":"post_tag","embeddable":true,"href":"https:\/\/www.infopoint.cz\/polsko\/wp-json\/wp\/v2\/tags?post=2865"}],"curies":[{"name":"wp","href":"https:\/\/api.w.org\/{rel}","templated":true}]}}