{"id":2871,"date":"2016-11-24T15:31:46","date_gmt":"2016-11-24T14:31:46","guid":{"rendered":"http:\/\/www.infopoint.cz\/polsko\/?p=2871"},"modified":"2020-06-24T09:39:57","modified_gmt":"2020-06-24T07:39:57","slug":"madam-rasenka-jak-se-drobna-polka-stala-kralovnou-kosmetickeho-imperia","status":"publish","type":"post","link":"https:\/\/www.infopoint.cz\/polsko\/madam-rasenka-jak-se-drobna-polka-stala-kralovnou-kosmetickeho-imperia\/","title":{"rendered":"Madam \u0159asenka. Jak se drobn\u00e1 Polka stala kr\u00e1lovnou kosmetick\u00e9ho imp\u00e9ria"},"content":{"rendered":"<blockquote><p>Malovali ji Salvador Dal\u00ed i Picasso. Zdobila se \u0161perky, kter\u00e9 pat\u0159ily Kate\u0159in\u011b Velik\u00e9, a s\u0148atkem z\u00edskala titul princezny. Helena Rubinsteinov\u00e1 byla kr\u00e1lovnou kosmetick\u00e9ho imp\u00e9ria, kter\u00e9 vystav\u011bla na dvan\u00e1cti kel\u00edmc\u00edch oby\u010dejn\u00e9ho kr\u00e9mu.<\/p><\/blockquote>\n<p>Zdroj: <a href=\"http:\/\/ona.idnes.cz\/pribeh-heleny-rubinsteinove-dg7-\/krasa.aspx?c=A161123_105415_krasa_brv\">http:\/\/ona.idnes.cz\/pribeh-heleny-rubinsteinove-dg7-\/krasa.aspx?c=A161123_105415_krasa_brv<\/a><\/p>\n","protected":false},"excerpt":{"rendered":"<p>Malovali ji Salvador Dal\u00ed i Picasso. Zdobila se \u0161perky, kter\u00e9 pat\u0159ily Kate\u0159in\u011b Velik\u00e9, a s\u0148atkem z\u00edskala titul princezny. Helena Rubinsteinov\u00e1 byla kr\u00e1lovnou kosmetick\u00e9ho imp\u00e9ria, kter\u00e9 vystav\u011bla na dvan\u00e1cti kel\u00edmc\u00edch oby\u010dejn\u00e9ho kr\u00e9mu. Zdroj: http:\/\/ona.idnes.cz\/pribeh-heleny-rubinsteinove-dg7-\/krasa.aspx?c=A161123_105415_krasa_brv<\/p>\n","protected":false},"author":2,"featured_media":0,"comment_status":"open","ping_status":"closed","sticky":false,"template":"","format":"standard","meta":{"ngg_post_thumbnail":0,"footnotes":""},"categories":[24],"tags":[],"class_list":["post-2871","post","type-post","status-publish","format-standard","hentry","category-zajimavosti"],"_links":{"self":[{"href":"https:\/\/www.infopoint.cz\/polsko\/wp-json\/wp\/v2\/posts\/2871","targetHints":{"allow":["GET"]}}],"collection":[{"href":"https:\/\/www.infopoint.cz\/polsko\/wp-json\/wp\/v2\/posts"}],"about":[{"href":"https:\/\/www.infopoint.cz\/polsko\/wp-json\/wp\/v2\/types\/post"}],"author":[{"embeddable":true,"href":"https:\/\/www.infopoint.cz\/polsko\/wp-json\/wp\/v2\/users\/2"}],"replies":[{"embeddable":true,"href":"https:\/\/www.infopoint.cz\/polsko\/wp-json\/wp\/v2\/comments?post=2871"}],"version-history":[{"count":2,"href":"https:\/\/www.infopoint.cz\/polsko\/wp-json\/wp\/v2\/posts\/2871\/revisions"}],"predecessor-version":[{"id":2881,"href":"https:\/\/www.infopoint.cz\/polsko\/wp-json\/wp\/v2\/posts\/2871\/revisions\/2881"}],"wp:attachment":[{"href":"https:\/\/www.infopoint.cz\/polsko\/wp-json\/wp\/v2\/media?parent=2871"}],"wp:term":[{"taxonomy":"category","embeddable":true,"href":"https:\/\/www.infopoint.cz\/polsko\/wp-json\/wp\/v2\/categories?post=2871"},{"taxonomy":"post_tag","embeddable":true,"href":"https:\/\/www.infopoint.cz\/polsko\/wp-json\/wp\/v2\/tags?post=2871"}],"curies":[{"name":"wp","href":"https:\/\/api.w.org\/{rel}","templated":true}]}}