{"id":2955,"date":"2017-03-10T09:28:22","date_gmt":"2017-03-10T08:28:22","guid":{"rendered":"http:\/\/www.infopoint.cz\/polsko\/?p=2955"},"modified":"2020-06-24T09:39:59","modified_gmt":"2020-06-24T07:39:59","slug":"opravdovy-polsky-kebab-polaci-chteji-prebrat-pochoutku-arabum-a-turkum","status":"publish","type":"post","link":"https:\/\/www.infopoint.cz\/polsko\/opravdovy-polsky-kebab-polaci-chteji-prebrat-pochoutku-arabum-a-turkum\/","title":{"rendered":"Opravdov\u00fd polsk\u00fd kebab. Pol\u00e1ci cht\u011bj\u00ed p\u0159ebrat pochoutku Arab\u016fm a Turk\u016fm"},"content":{"rendered":"<blockquote><p><span class=\"domicil\">VAR\u0160AVA<\/span>&nbsp;Kebab, grilovan\u00e9 j\u00eddlo p\u016fvodem z Bl\u00edzk\u00e9ho v\u00fdchodu, zdom\u00e1cn\u011bl ve v\u00fdchodopolsk\u00e9m Lublinu v podniku, kter\u00fd u\u017e ve sv\u00e9m n\u00e1zvu slibuje \u201eOpravdov\u00fd polsk\u00fd kebab u skute\u010dn\u00e9ho Pol\u00e1ka\u201c. Podle tamn\u00edho tisku se hl\u00e1s\u00ed z\u00e1jemci, kte\u0159\u00ed by cht\u011bli pod stejnou zna\u010dkou otev\u0159\u00edt podniky v dal\u0161\u00edch polsk\u00fdch m\u011bstech, a tak majitel firmy u\u017e sp\u0159\u00e1d\u00e1 pl\u00e1ny na vybudov\u00e1n\u00ed \u0159et\u011bzce.<\/p><\/blockquote>\n<p>Zdroj: <a href=\"http:\/\/byznys.lidovky.cz\/opravdovy-polsky-kebab-polaci-chteji-prebrat-pochoutku-arabum-a-turkum-1n6-\/firmy-trhy.aspx?c=A170301_190532_firmy-trhy_pave\">http:\/\/byznys.lidovky.cz\/opravdovy-polsky-kebab-polaci-chteji-prebrat-pochoutku-arabum-a-turkum-1n6-\/firmy-trhy.aspx?c=A170301_190532_firmy-trhy_pave<\/a><\/p>\n","protected":false},"excerpt":{"rendered":"<p>VAR\u0160AVA&nbsp;Kebab, grilovan\u00e9 j\u00eddlo p\u016fvodem z Bl\u00edzk\u00e9ho v\u00fdchodu, zdom\u00e1cn\u011bl ve v\u00fdchodopolsk\u00e9m Lublinu v podniku, kter\u00fd u\u017e ve sv\u00e9m n\u00e1zvu slibuje \u201eOpravdov\u00fd polsk\u00fd kebab u skute\u010dn\u00e9ho Pol\u00e1ka\u201c. Podle tamn\u00edho tisku se hl\u00e1s\u00ed z\u00e1jemci, kte\u0159\u00ed by cht\u011bli pod stejnou zna\u010dkou otev\u0159\u00edt podniky v dal\u0161\u00edch polsk\u00fdch m\u011bstech, a tak majitel firmy u\u017e sp\u0159\u00e1d\u00e1 pl\u00e1ny na vybudov\u00e1n\u00ed \u0159et\u011bzce. Zdroj: http:\/\/byznys.lidovky.cz\/opravdovy-polsky-kebab-polaci-chteji-prebrat-pochoutku-arabum-a-turkum-1n6-\/firmy-trhy.aspx?c=A170301_190532_firmy-trhy_pave<\/p>\n","protected":false},"author":2,"featured_media":0,"comment_status":"open","ping_status":"closed","sticky":false,"template":"","format":"standard","meta":{"ngg_post_thumbnail":0,"footnotes":""},"categories":[24],"tags":[],"class_list":["post-2955","post","type-post","status-publish","format-standard","hentry","category-zajimavosti"],"_links":{"self":[{"href":"https:\/\/www.infopoint.cz\/polsko\/wp-json\/wp\/v2\/posts\/2955","targetHints":{"allow":["GET"]}}],"collection":[{"href":"https:\/\/www.infopoint.cz\/polsko\/wp-json\/wp\/v2\/posts"}],"about":[{"href":"https:\/\/www.infopoint.cz\/polsko\/wp-json\/wp\/v2\/types\/post"}],"author":[{"embeddable":true,"href":"https:\/\/www.infopoint.cz\/polsko\/wp-json\/wp\/v2\/users\/2"}],"replies":[{"embeddable":true,"href":"https:\/\/www.infopoint.cz\/polsko\/wp-json\/wp\/v2\/comments?post=2955"}],"version-history":[{"count":2,"href":"https:\/\/www.infopoint.cz\/polsko\/wp-json\/wp\/v2\/posts\/2955\/revisions"}],"predecessor-version":[{"id":2957,"href":"https:\/\/www.infopoint.cz\/polsko\/wp-json\/wp\/v2\/posts\/2955\/revisions\/2957"}],"wp:attachment":[{"href":"https:\/\/www.infopoint.cz\/polsko\/wp-json\/wp\/v2\/media?parent=2955"}],"wp:term":[{"taxonomy":"category","embeddable":true,"href":"https:\/\/www.infopoint.cz\/polsko\/wp-json\/wp\/v2\/categories?post=2955"},{"taxonomy":"post_tag","embeddable":true,"href":"https:\/\/www.infopoint.cz\/polsko\/wp-json\/wp\/v2\/tags?post=2955"}],"curies":[{"name":"wp","href":"https:\/\/api.w.org\/{rel}","templated":true}]}}