{"id":2995,"date":"2017-03-15T23:40:50","date_gmt":"2017-03-15T22:40:50","guid":{"rendered":"http:\/\/www.infopoint.cz\/polsko\/?p=2995"},"modified":"2017-03-16T00:09:50","modified_gmt":"2017-03-15T23:09:50","slug":"zacheta-a-krasne-kovove-objekty","status":"publish","type":"post","link":"https:\/\/www.infopoint.cz\/polsko\/zacheta-a-krasne-kovove-objekty\/","title":{"rendered":"Zach\u0119ta a kr\u00e1sn\u00e9 kovov\u00e9 objekty"},"content":{"rendered":"<p>Po t\u0159\u00edt\u00fddenn\u00ed pauze (pr\u00e1zdniny na\u0161ich d\u011bti) jsme se u\u017e nemohli do\u010dkat na\u0161eho spole\u010dn\u00e9ho setk\u00e1n\u00ed. Pravideln\u00fd rann\u00ed sraz v &#8222;bistru u Danu\u0161ky&#8220; byl nejenom pln dobr\u00e9ho pit\u00ed a j\u00eddla, ale hlavn\u011b sportovn\u00edch z\u00e1\u017eitk\u016f z Tenerife, Rakouska, Italie, Beskyd, Ru\u017eomberoku od svokry, \u0160pindlerova Ml\u00fdna nebo var\u0161avsk\u00e9 G\u00f3rky Szcz\u0119\u015bliwickej. Po povinn\u00e9m &#8222;vy\u010d\u016fr\u00e1n\u00ed se&#8220; jsme vyrazili, \u010dekal n\u00e1s kr\u00e1sn\u00fd nabit\u00fd program:<\/p>\n<p><a class=\"ngg-fancybox\" title=\" \" href=\"https:\/\/www.infopoint.cz\/polsko\/wp-content\/uploads\/sites\/22\/nggallery\/eloktoralnou-k-domu-kereta\/m12.jpg\" rel=\"\" data-image-id=\"631\" data-src=\"https:\/\/www.infopoint.cz\/polsko\/wp-content\/uploads\/sites\/22\/nggallery\/eloktoralnou-k-domu-kereta\/m12.jpg\" data-thumbnail=\"https:\/\/www.infopoint.cz\/polsko\/wp-content\/uploads\/sites\/22\/nggallery\/eloktoralnou-k-domu-kereta\/thumbs\/thumbs_m12.jpg\" data-title=\"m12\" data-description=\" \"><img decoding=\"async\" class=\"ngg-singlepic ngg-left alignleft\" src=\"https:\/\/www.infopoint.cz\/polsko\/wp-content\/uploads\/sites\/22\/nggallery\/eloktoralnou-k-domu-kereta\/thumbs\/thumbs_m12.jpg\" alt=\"m12\"><\/a>Auty (co\u017e je ne tak \u010dast\u00e9<strong>,<\/strong> v\u011bt\u0161inou vol\u00edme samoz\u0159ejm\u011b rad\u011bji MHD) jsme se p\u0159em\u00edstili ke galerii <a href=\"https:\/\/www.infopoint.cz\/polsko\/poznavaci-prochazka-a-do-zachety\/\">Zacheta<\/a>. Chceme toho op\u011bt stihnout co nejv\u00edce a jedeme je\u0161t\u011b n\u011bkolik zast\u00e1vek autobusem do \u010dtvrti Wola. Prohl\u00eddku za\u010dneme u <a href=\"https:\/\/pl.wikipedia.org\/wiki\/K%C5%82adka_Pami%C4%99ci\"><em>K\u0142adky Pami\u0119ci<\/em><\/a> na rohu ulic Chlodnej a Zelaznej. <a class=\"ngg-fancybox\" title=\"By Bundesarchiv, Bild 101I-270-0298-14 \/ Amthor \/ CC-BY-SA 3.0, CC BY-SA 3.0 de, https:\/\/commons.wikimedia.org\/w\/index.php?curid=5410657\" href=\"https:\/\/www.infopoint.cz\/polsko\/wp-content\/uploads\/sites\/22\/nggallery\/zacheta-a-krasne-kovove-objekty\/Bundesarchiv_Bild_101I-270-0298-14_Polen_Ghetto_Warschau_Br%C3%BCcke.jpg\" rel=\"\" data-image-id=\"800\" data-src=\"https:\/\/www.infopoint.cz\/polsko\/wp-content\/uploads\/sites\/22\/nggallery\/zacheta-a-krasne-kovove-objekty\/Bundesarchiv_Bild_101I-270-0298-14_Polen_Ghetto_Warschau_Br%C3%BCcke.jpg\" data-thumbnail=\"https:\/\/www.infopoint.cz\/polsko\/wp-content\/uploads\/sites\/22\/nggallery\/zacheta-a-krasne-kovove-objekty\/thumbs\/thumbs_Bundesarchiv_Bild_101I-270-0298-14_Polen_Ghetto_Warschau_Br%C3%BCcke.jpg\" data-title=\"Bundesarchiv_Bild_101I-270-0298-14_Polen_Ghetto_Warschau_Br\u00fccke\" data-description=\"By Bundesarchiv, Bild 101I-270-0298-14 \/ Amthor \/ CC-BY-SA 3.0, CC BY-SA 3.0 de, https:\/\/commons.wikimedia.org\/w\/index.php?curid=5410657\"><img decoding=\"async\" class=\"ngg-singlepic ngg-right alignright\" src=\"https:\/\/www.infopoint.cz\/polsko\/wp-content\/uploads\/sites\/22\/nggallery\/zacheta-a-krasne-kovove-objekty\/thumbs\/thumbs_Bundesarchiv_Bild_101I-270-0298-14_Polen_Ghetto_Warschau_Br%C3%BCcke.jpg\" alt=\"Bundesarchiv_Bild_101I-270-0298-14_Polen_Ghetto_Warschau_Br\u00fccke\"><\/a><\/p>\n<p>Tam n\u00e1s \u010dek\u00e1 (po n\u011bkolik\u00e1t\u00e9 ve \u010dtvrtek) smutn\u00e9 setk\u00e1n\u00ed s histori\u00ed, stoj\u00edme v m\u00edstech, kde byl v r. 1942 d\u0159ev\u011bn\u00fd most spojuj\u00edc\u00ed tzv. mal\u00e9 a velk\u00e9 \u017eidovsk\u00e9 ghetto. Most u\u017e tam dnes samoz\u0159ejm\u011b nen\u00ed, m\u016f\u017eeme se ale pod\u00edvat do mal\u00fdch kuk\u00e1tek instalovan\u00fdch na ulici a uvid\u011bt historick\u00e9 fotky tohoto m\u00edsta.<\/p>\n<p>Je \u010das na mal\u00e9 ob\u010derstven\u00ed, nejl\u00e9pe na na\u0161i obl\u00edbenou &#8222;herbatu zimowou&#8220; a bezu (o n\u00ed u\u017e bylo tak\u00e9 nejednou ps\u00e1no, ale ona si to fakt zaslou\u017e\u00ed..). &nbsp;Zkou\u0161\u00edme kav\u00e1rnu <a href=\"https:\/\/www.infopoint.cz\/polsko\/do-woli\/\">Do Woli<\/a><strong>, <a class=\"ngg-fancybox\" title=\" \" href=\"https:\/\/www.infopoint.cz\/polsko\/wp-content\/uploads\/sites\/22\/nggallery\/zacheta-a-krasne-kovove-objekty\/m02.jpg\" rel=\"\" data-image-id=\"773\" data-src=\"https:\/\/www.infopoint.cz\/polsko\/wp-content\/uploads\/sites\/22\/nggallery\/zacheta-a-krasne-kovove-objekty\/m02.jpg\" data-thumbnail=\"https:\/\/www.infopoint.cz\/polsko\/wp-content\/uploads\/sites\/22\/nggallery\/zacheta-a-krasne-kovove-objekty\/thumbs\/thumbs_m02.jpg\" data-title=\"m02\" data-description=\" \"><img decoding=\"async\" class=\"ngg-singlepic ngg-left alignleft\" src=\"https:\/\/www.infopoint.cz\/polsko\/wp-content\/uploads\/sites\/22\/nggallery\/zacheta-a-krasne-kovove-objekty\/thumbs\/thumbs_m02.jpg\" alt=\"m02\"><\/a><\/strong>se z\u00e1v\u011brem, \u017ee &#8222;to op\u011bt stalo za h\u0159\u00edch&#8220;.<\/p>\n<p>Dal\u0161\u00ed zast\u00e1vka, n\u011bkte\u0159\u00ed z n\u00e1s u\u017e tady byli, hled\u00e1me neju\u017e\u0161\u00ed d\u016fm na sv\u011bt\u011b, <a href=\"https:\/\/www.infopoint.cz\/polsko\/eloktoralnou-k-domu-kereta\/\">Dom Kereta<\/a>, tedy byte\u010dek realizovan\u00fd izraelsk\u00fdm spisovatelem Etgarem Keretem. Jeho var\u0161avsk\u00e1 \u017eidovsk\u00e1 rodina se za v\u00e1lky skr\u00fdvala a &#8222;\u017eila&#8220; ve st\u00edsn\u011bn\u00fdch podm\u00ednk\u00e1ch var\u0161avsk\u00e9ho \u017eidovsk\u00e9ho ghetta.<\/p>\n<p>\u010cas n\u00e1s op\u011bt tla\u010d\u00ed, tak je t\u0159eba rychl\u00fd p\u0159esun na bleskovou prohl\u00eddkou budovy a expozice v\u00fdroby minc\u00ed&nbsp; <a href=\"https:\/\/www.mennica.com.pl\/\">Gabinetu Numizmatycznego Mennicy Polskiej.<\/a><\/p>\n<p>Zah\u0159eje n\u00e1s nejenom pohled na tolik kr\u00e1sn\u00fdch pen\u00edzk\u016f a medail\u00ed, ale jak s Ale\u0161em zjist\u00edme<strong>,<\/strong> i podlahov\u00e9 topen\u00ed v obrovsk\u00e9 hale tohoto zaj\u00edmav\u00e9ho objektu (250 let star\u00e1&nbsp;historick\u00e1 budova je s citem dopln\u011bna o modern\u00ed n\u00e1stavbu, kde dnes s\u00eddl\u00ed investi\u010dn\u00ed spole\u010dnost).<a class=\"ngg-fancybox\" title=\" \" href=\"https:\/\/www.infopoint.cz\/polsko\/wp-content\/uploads\/sites\/22\/nggallery\/zacheta-a-krasne-kovove-objekty\/m07.jpg\" rel=\"\" data-image-id=\"777\" data-src=\"https:\/\/www.infopoint.cz\/polsko\/wp-content\/uploads\/sites\/22\/nggallery\/zacheta-a-krasne-kovove-objekty\/m07.jpg\" data-thumbnail=\"https:\/\/www.infopoint.cz\/polsko\/wp-content\/uploads\/sites\/22\/nggallery\/zacheta-a-krasne-kovove-objekty\/thumbs\/thumbs_m07.jpg\" data-title=\"m07\" data-description=\" \"><img decoding=\"async\" class=\"ngg-singlepic ngg-right alignright\" src=\"https:\/\/www.infopoint.cz\/polsko\/wp-content\/uploads\/sites\/22\/nggallery\/zacheta-a-krasne-kovove-objekty\/thumbs\/thumbs_m07.jpg\" alt=\"m07\"><\/a><\/p>\n<p>Plni pozitivn\u00edch a bohu\u017eel i negativn\u00edch emoc\u00ed sp\u011bch\u00e1me do galerie Zacheta. \u010cek\u00e1 n\u00e1s tam mil\u00e1 pr\u016fvodkyn\u011b. To je mimochodem velmi p\u0159\u00edjemn\u00fd upgrade na\u0161ich \u010dtvrte\u010dn\u00edch n\u00e1v\u0161t\u011bv muze\u00ed a galeri\u00ed, dobr\u00fd pr\u016fvodce toho toti\u017e dokonce n\u011bkdy v\u00ed i v\u00edce ne\u017e Dana a Lucka dohromady. V\u00fdstava je v\u011bnov\u00e1na socha\u0159i <a href=\"https:\/\/pl.wikipedia.org\/wiki\/Jerzy_Jarnuszkiewicz\">Jerzymu Jarnuszkiewiczowi<\/a> (1919-2005). Opravdu zaj\u00edmav\u00fd a rozmanit\u00fd autor, a\u017e jsme m\u011bli dokonce pocit, \u017ee jsme nav\u0161t\u00edvili t\u0159i v\u00fdstavy najednou.<\/p>\n<p><a class=\"ngg-fancybox\" title=\" \" href=\"https:\/\/www.infopoint.cz\/polsko\/wp-content\/uploads\/sites\/22\/nggallery\/zacheta-a-krasne-kovove-objekty\/m15.jpg\" rel=\"\" data-image-id=\"784\" data-src=\"https:\/\/www.infopoint.cz\/polsko\/wp-content\/uploads\/sites\/22\/nggallery\/zacheta-a-krasne-kovove-objekty\/m15.jpg\" data-thumbnail=\"https:\/\/www.infopoint.cz\/polsko\/wp-content\/uploads\/sites\/22\/nggallery\/zacheta-a-krasne-kovove-objekty\/thumbs\/thumbs_m15.jpg\" data-title=\"m15\" data-description=\" \"><img decoding=\"async\" class=\"ngg-singlepic ngg-left alignleft\" src=\"https:\/\/www.infopoint.cz\/polsko\/wp-content\/uploads\/sites\/22\/nggallery\/zacheta-a-krasne-kovove-objekty\/thumbs\/thumbs_m15.jpg\" alt=\"m15\"><\/a>Na t\u00e9 pomysln\u00e9 prvn\u00ed v\u00fdstav\u011b jsou k vid\u011bn\u00ed sochy konkr\u00e9tn\u00edch postav (zaj\u00edmav\u00e1 je t\u0159eba socha pan\u00ed myj\u00edc\u00ed si vlasy) nebo abstraktn\u011bj\u0161\u00ed kusy s&nbsp;v\u00fdrazem krutosti a zla (um\u00edraj\u00edc\u00ed pes). Velmi p\u016fsobiv\u00e9 jsou i jeho kovov\u00e9 sochy Je\u017e\u00ed\u0161e.<\/p>\n<p>Dal\u0161\u00ed \u010d\u00e1st Jarnuszkiewskiego tvorby p\u0159ipom\u00edn\u00e1 industri\u00e1ln\u00ed design, k vid\u011bn\u00ed jsou zmen\u0161en\u00e9 modely n\u011bkter\u00fdch jeho velk\u00fdch instalac\u00ed.<\/p>\n<p>Posledn\u00ed \u010d\u00e1st, prostorov\u011b v muzeu nejmen\u0161\u00ed, je jeho cyklus &#8222;Kaga\u0144ce&#8220; (v p\u0159ekladu n\u00e1hubky), metaforicky obraz otroctv\u00ed, \u00fatlaku, omezovan\u00ed lidsk\u00e9 svobody. Z patn\u00e1cti skic zrealizoval sice jen jedno socha\u0159sk\u00e9 d\u00edlo, ale zato velmi p\u016fsobiv\u00e9, mozek sev\u0159en\u00fd do sv\u011br\u00e1ku.<a class=\"ngg-fancybox\" title=\"Jerzy Jarnuszkiewicz. Notatki z przestrzeni, widok ekspozycji, Zach\u0119ta, fot. Marek Krzy\u017canek\" href=\"https:\/\/www.infopoint.cz\/polsko\/wp-content\/uploads\/sites\/22\/nggallery\/zacheta-a-krasne-kovove-objekty\/69-21-40_.jpg\" rel=\"\" data-image-id=\"801\" data-src=\"https:\/\/www.infopoint.cz\/polsko\/wp-content\/uploads\/sites\/22\/nggallery\/zacheta-a-krasne-kovove-objekty\/69-21-40_.jpg\" data-thumbnail=\"https:\/\/www.infopoint.cz\/polsko\/wp-content\/uploads\/sites\/22\/nggallery\/zacheta-a-krasne-kovove-objekty\/thumbs\/thumbs_69-21-40_.jpg\" data-title=\"mozek\" data-description=\"Jerzy Jarnuszkiewicz. Notatki z przestrzeni, widok ekspozycji, Zach\u0119ta, fot. Marek Krzy\u017canek\"><img decoding=\"async\" class=\"ngg-singlepic ngg-right alignright\" src=\"https:\/\/www.infopoint.cz\/polsko\/wp-content\/uploads\/sites\/22\/nggallery\/zacheta-a-krasne-kovove-objekty\/thumbs\/thumbs_69-21-40_.jpg\" alt=\"mozek\"><\/a><\/p>\n<p>Ten \u010das n\u00e1s ale hon\u00ed. Na vrchol dne, spole\u010dn\u00fd ob\u00eddek, zb\u00fdv\u00e1 op\u011bt m\u00e1lo \u010dasu. Tak rychle do restaurace <a href=\"https:\/\/www.infopoint.cz\/polsko\/shipudei-berek\/\">Shipudei Berek<\/a>, kde se v zaj\u00edmav\u00e9m prost\u0159ed\u00ed moc dob\u0159e a do sytosti naj\u00edme. Celkov\u00fd dojem trochu kaz\u00ed zmaten\u00e1 obsluha.<\/p>\n<p>To n\u00e1m to zase rychle a hlavn\u011b kr\u00e1sn\u011b, mile, pou\u010dn\u011b, zaj\u00edmav\u011b\u2026\u2026uteklo!<\/p>\n<p>Napsala pro <a href=\"https:\/\/www.infopoint.cz\/polsko\/category\/kulturni-ctvrtky\/\">kulturn\u00ed \u010dtvrtek<\/a> 02.03.2017: Monika<\/p>\n<p><a href=\"https:\/\/www.infopoint.cz\/polsko\/fotogalerie\/rok-2017\/\">M\u016f\u017eete se tak\u00e9 pod\u00edvat na ostatn\u00ed fotografie.<\/a><\/p>\n","protected":false},"excerpt":{"rendered":"<p>Po t\u0159\u00edt\u00fddenn\u00ed pauze (pr\u00e1zdniny na\u0161ich d\u011bti) jsme se u\u017e nemohli do\u010dkat na\u0161eho spole\u010dn\u00e9ho setk\u00e1n\u00ed. Pravideln\u00fd rann\u00ed sraz v &#8222;bistru u Danu\u0161ky&#8220; byl nejenom pln dobr\u00e9ho pit\u00ed a j\u00eddla, ale hlavn\u011b sportovn\u00edch z\u00e1\u017eitk\u016f z Tenerife, Rakouska, Italie, Beskyd, Ru\u017eomberoku od svokry, \u0160pindlerova Ml\u00fdna nebo var\u0161avsk\u00e9 G\u00f3rky Szcz\u0119\u015bliwickej. Po povinn\u00e9m &#8222;vy\u010d\u016fr\u00e1n\u00ed se&#8220; jsme vyrazili, \u010dekal n\u00e1s kr\u00e1sn\u00fd [&hellip;]<\/p>\n","protected":false},"author":2,"featured_media":0,"comment_status":"open","ping_status":"closed","sticky":false,"template":"","format":"standard","meta":{"ngg_post_thumbnail":0,"footnotes":""},"categories":[2],"tags":[],"class_list":["post-2995","post","type-post","status-publish","format-standard","hentry","category-kulturni-ctvrtky"],"_links":{"self":[{"href":"https:\/\/www.infopoint.cz\/polsko\/wp-json\/wp\/v2\/posts\/2995","targetHints":{"allow":["GET"]}}],"collection":[{"href":"https:\/\/www.infopoint.cz\/polsko\/wp-json\/wp\/v2\/posts"}],"about":[{"href":"https:\/\/www.infopoint.cz\/polsko\/wp-json\/wp\/v2\/types\/post"}],"author":[{"embeddable":true,"href":"https:\/\/www.infopoint.cz\/polsko\/wp-json\/wp\/v2\/users\/2"}],"replies":[{"embeddable":true,"href":"https:\/\/www.infopoint.cz\/polsko\/wp-json\/wp\/v2\/comments?post=2995"}],"version-history":[{"count":6,"href":"https:\/\/www.infopoint.cz\/polsko\/wp-json\/wp\/v2\/posts\/2995\/revisions"}],"predecessor-version":[{"id":3006,"href":"https:\/\/www.infopoint.cz\/polsko\/wp-json\/wp\/v2\/posts\/2995\/revisions\/3006"}],"wp:attachment":[{"href":"https:\/\/www.infopoint.cz\/polsko\/wp-json\/wp\/v2\/media?parent=2995"}],"wp:term":[{"taxonomy":"category","embeddable":true,"href":"https:\/\/www.infopoint.cz\/polsko\/wp-json\/wp\/v2\/categories?post=2995"},{"taxonomy":"post_tag","embeddable":true,"href":"https:\/\/www.infopoint.cz\/polsko\/wp-json\/wp\/v2\/tags?post=2995"}],"curies":[{"name":"wp","href":"https:\/\/api.w.org\/{rel}","templated":true}]}}