{"id":3009,"date":"2017-03-19T16:05:04","date_gmt":"2017-03-19T15:05:04","guid":{"rendered":"http:\/\/www.infopoint.cz\/polsko\/?p=3009"},"modified":"2017-03-19T22:11:32","modified_gmt":"2017-03-19T21:11:32","slug":"palac-kultury","status":"publish","type":"post","link":"https:\/\/www.infopoint.cz\/polsko\/palac-kultury\/","title":{"rendered":"Pa\u0142ac Kultury i Nauki"},"content":{"rendered":"<blockquote>\n<div>S jarem ji\u017e p\u0159ede dve\u0159mi za\u010dal n\u00e1\u0161 dal\u0161\u00ed kulturn\u00ed \u010dtvrtek.<\/div>\n<\/blockquote>\n<div>&nbsp;<\/div>\n<div>V\u00edtr n\u00e1m rozehnal mraky, venku bylo je\u0161t\u011b celkem chladno, ale kone\u010dn\u011b se na n\u00e1s z oblohy usm\u00e1lo slun\u00ed\u010dko. Na\u0161e spole\u010dn\u00e1 k\u00e1va a odchod na autobusovou zast\u00e1vku prob\u011bhly v klidu a beze sp\u011bchu. Dokonce padl i n\u00e1vrh na j\u00edzdu na kolech, proto\u017ee n\u011bkte\u0159\u00ed z n\u00e1s pochopiteln\u011b nemohli p\u0159i pohledu na pln\u00e9 stojany \u010derstv\u011b rozm\u00edst\u011bn\u00fdch kol syst\u00e9mu Venturilo jednodu\u0161e odolat.<\/div>\n<div>&nbsp;<\/div>\n<div><a class=\"ngg-fancybox\" title=\" \" href=\"https:\/\/www.infopoint.cz\/polsko\/wp-content\/uploads\/sites\/22\/nggallery\/palac-kultury-i-nauki\/Palace_of_Culture_and_Science-1.jpg\" rel=\"\" data-image-id=\"843\" data-src=\"https:\/\/www.infopoint.cz\/polsko\/wp-content\/uploads\/sites\/22\/nggallery\/palac-kultury-i-nauki\/Palace_of_Culture_and_Science-1.jpg\" data-thumbnail=\"https:\/\/www.infopoint.cz\/polsko\/wp-content\/uploads\/sites\/22\/nggallery\/palac-kultury-i-nauki\/thumbs\/thumbs_Palace_of_Culture_and_Science-1.jpg\" data-title=\"Palace_of_Culture_and_Science\" data-description=\" \"><img decoding=\"async\" class=\"ngg-singlepic ngg-left alignleft\" src=\"https:\/\/www.infopoint.cz\/polsko\/wp-content\/uploads\/sites\/22\/nggallery\/palac-kultury-i-nauki\/thumbs\/thumbs_Palace_of_Culture_and_Science-1.jpg\" alt=\"Palace_of_Culture_and_Science\"><\/a>Dne\u0161n\u00edm c\u00edlem a objektem k prozkoum\u00e1n\u00ed byl&nbsp;<a href=\"http:\/\/www.pkin.pl\/\">Pa\u0142ac Kultury i Nauki<\/a>&nbsp;\/PKiN\/. Mnoz\u00ed z n\u00e1s ji\u017e budovu nav\u0161t\u00edvili p\u0159i jin\u00fdch p\u0159\u00edle\u017eitostech, nebo\u0165 je zde um\u00edst\u011bno nap\u0159\u00edklad kino Kinoteka, divadla, muzeum techniky, baz\u00e9n, d\u016fm ml\u00e1de\u017ee a mnoho jin\u00e9ho.<\/div>\n<div>&nbsp;<\/div>\n<div>Budovu s v\u00fd\u0161kou 231 m v centru m\u011bsta skute\u010dn\u011b nelze p\u0159ehl\u00e9dnout. M\u00e1 44 pater a zhruba 3200 m\u00edstnost\u00ed. Je to tak trochu &#8222;dar &#8211; nedar&#8220; Sov\u011btsk\u00e9ho svazu vybombardovan\u00e9 Var\u0161av\u011b. Byl postaven za pouh\u00e9 t\u0159i roky v letech 1952 &#8211; 1955. Pracovalo se zde ve dne v noci sedm dn\u00ed v t\u00fddnu, po\u010dty sov\u011btsk\u00fdch a polsk\u00fdch d\u011bln\u00edk\u016f \u0161ly do tis\u00edc\u016f.&nbsp;<a href=\"https:\/\/pl.wikipedia.org\/wiki\/Lew_Rudniew\">Architekt L. W. Rudniew<\/a> ch\u011bl, <a class=\"ngg-fancybox\" title=\" \" href=\"https:\/\/www.infopoint.cz\/polsko\/wp-content\/uploads\/sites\/22\/nggallery\/palac-kultury-i-nauki\/m01.jpg\" rel=\"\" data-image-id=\"802\" data-src=\"https:\/\/www.infopoint.cz\/polsko\/wp-content\/uploads\/sites\/22\/nggallery\/palac-kultury-i-nauki\/m01.jpg\" data-thumbnail=\"https:\/\/www.infopoint.cz\/polsko\/wp-content\/uploads\/sites\/22\/nggallery\/palac-kultury-i-nauki\/thumbs\/thumbs_m01.jpg\" data-title=\"m01\" data-description=\" \"><img decoding=\"async\" class=\"ngg-singlepic ngg-right alignright\" src=\"https:\/\/www.infopoint.cz\/polsko\/wp-content\/uploads\/sites\/22\/nggallery\/palac-kultury-i-nauki\/thumbs\/thumbs_m01.jpg\" alt=\"m01\"><\/a>aby se v budov\u011b odr\u00e1\u017eely prvky polsk\u00e9 kultury. Insprac\u00ed byla m\u011bsta Krakov, Toru\u0148, Zamo\u0161\u010d, Kazimierz a dal\u0161\u00ed.<\/div>\n<div>&nbsp;<\/div>\n<div>My jsme si pro dne\u0161n\u00ed den vybrali prohl\u00eddku s pr\u016fvodcem &#8222;<a href=\"http:\/\/pkin-wycieczki.pl\/zwiedzanie-pkin\/wycieczki-z-przewodnikiem\/\">od piwnic po dach<\/a>&#8222;. B\u011bhem dvouhodinov\u00e9 prohl\u00eddky jsme se nejd\u0159\u00edve pod\u00edvali do sklep\u016f, kde je um\u00edst\u011bno p\u0159edev\u0161\u00edm technick\u00e9 srdce cel\u00e9ho Pal\u00e1ce a men\u0161\u00ed v\u00fdstava r\u016fzn\u00fdch p\u0159edm\u011bt\u016f vystavovan\u00fdch u p\u0159\u00edle\u017eitosti 60 v\u00fdro\u010d\u00ed <a class=\"ngg-fancybox\" title=\" \" href=\"https:\/\/www.infopoint.cz\/polsko\/wp-content\/uploads\/sites\/22\/nggallery\/palac-kultury-i-nauki\/m11.jpg\" rel=\"\" data-image-id=\"806\" data-src=\"https:\/\/www.infopoint.cz\/polsko\/wp-content\/uploads\/sites\/22\/nggallery\/palac-kultury-i-nauki\/m11.jpg\" data-thumbnail=\"https:\/\/www.infopoint.cz\/polsko\/wp-content\/uploads\/sites\/22\/nggallery\/palac-kultury-i-nauki\/thumbs\/thumbs_m11.jpg\" data-title=\"m11\" data-description=\" \"><img decoding=\"async\" class=\"ngg-singlepic ngg-left alignleft\" src=\"https:\/\/www.infopoint.cz\/polsko\/wp-content\/uploads\/sites\/22\/nggallery\/palac-kultury-i-nauki\/thumbs\/thumbs_m11.jpg\" alt=\"m11\"><\/a>Pal\u00e1ce, fotografi\u00ed, n\u00e1bytku, p\u016fvodn\u00edho modelu Pal\u00e1ce v\u010detn\u011b n\u016f\u017eek ze slavnostn\u00edho otev\u0159en\u00ed, ale i m\u00edstnost, kde p\u0159eb\u00fdvaj\u00ed pal\u00e1cov\u00e9 ko\u010dky. Tak\u00e9 jsme se dozv\u011bd\u011bli, jak je to s podzemn\u00edmi chodbami, o kter\u00fdch se mezi lidmi traduj\u00ed r\u016fzn\u00e9 historky.<\/div>\n<div>&nbsp;<\/div>\n<div>Pot\u00e9 jsme vid\u011bli reprezentativn\u00ed s\u00e1ly, men\u0161\u00ed <a class=\"ngg-fancybox\" title=\" \" href=\"https:\/\/www.infopoint.cz\/polsko\/wp-content\/uploads\/sites\/22\/nggallery\/palac-kultury-i-nauki\/m38.jpg\" rel=\"\" data-image-id=\"820\" data-src=\"https:\/\/www.infopoint.cz\/polsko\/wp-content\/uploads\/sites\/22\/nggallery\/palac-kultury-i-nauki\/m38.jpg\" data-thumbnail=\"https:\/\/www.infopoint.cz\/polsko\/wp-content\/uploads\/sites\/22\/nggallery\/palac-kultury-i-nauki\/thumbs\/thumbs_m38.jpg\" data-title=\"m38\" data-description=\" \"><img decoding=\"async\" class=\"ngg-singlepic ngg-right alignright\" src=\"https:\/\/www.infopoint.cz\/polsko\/wp-content\/uploads\/sites\/22\/nggallery\/palac-kultury-i-nauki\/thumbs\/thumbs_m38.jpg\" alt=\"m38\"><\/a>sal\u00f3nky s origin\u00e1ln\u00edm n\u00e1bytkem, Mramorov\u00fd s\u00e1l, kde se dodnes po\u0159\u00e1daj\u00ed komer\u010dn\u00ed v\u00fdstavy i r\u016fzn\u00e9 spole\u010densk\u00e9 akce. Bylo n\u00e1m prozrazeno, \u017ee se zde konaly slavn\u00e9 silvestrovsk\u00e9 b\u00e1ly, na kter\u00e9 byl p\u0159edeps\u00e1n b\u00edl\u00fd od\u011bv. Kdo by v tom hledal romantiku, byl by trochu zklam\u00e1n. D\u016fvod byl mnohem prozai\u010dt\u011bj\u0161\u00ed. Na interi\u00e9r s\u00e1lu byl toti\u017e pou\u017eit mramor druho\u0159ad\u00e9 kvality, jakmile se host\u00e9 dali do pohybu, za\u010dal se vzduchem v\u00fd\u0159it prach <a class=\"ngg-fancybox\" title=\" \" href=\"https:\/\/www.infopoint.cz\/polsko\/wp-content\/uploads\/sites\/22\/nggallery\/palac-kultury-i-nauki\/m62.jpg\" rel=\"\" data-image-id=\"829\" data-src=\"https:\/\/www.infopoint.cz\/polsko\/wp-content\/uploads\/sites\/22\/nggallery\/palac-kultury-i-nauki\/m62.jpg\" data-thumbnail=\"https:\/\/www.infopoint.cz\/polsko\/wp-content\/uploads\/sites\/22\/nggallery\/palac-kultury-i-nauki\/thumbs\/thumbs_m62.jpg\" data-title=\"S\u00e1l Marii Curie-Sk\u0142odowskiej\" data-description=\" \"><img decoding=\"async\" class=\"ngg-singlepic ngg-left alignleft\" src=\"https:\/\/www.infopoint.cz\/polsko\/wp-content\/uploads\/sites\/22\/nggallery\/palac-kultury-i-nauki\/thumbs\/thumbs_m62.jpg\" alt=\"S\u00e1l Marii Curie-Sk\u0142odowskiej\"><\/a>obru\u0161ovan\u00fd z mramorov\u00e9 podlahy. A u\u017e jste n\u011bkdy vid\u011bli soudruha v zapr\u00e1\u0161en\u00e9m \u010dern\u00e9m smokingu?<\/div>\n<div>&nbsp;<\/div>\n<div>Kongresov\u00fd s\u00e1l pro t\u00e9m\u011b\u0159 3000 host\u016f jsme vid\u011bli pouze na fotografi\u00edch, proto\u017ee pr\u00e1v\u011b prob\u00edh\u00e1 pokus o jeho rekonstrukci. Informace o tom, \u017ee se zde poda\u0159ilo v roce 1967 uspo\u0159\u00e1dat <a href=\"http:\/\/www.polskieradio.pl\/6\/8\/Artykul\/350779,Fakty-i-mity-o-warszawskim-koncercie-The-Rolling-Stones-z-1967-roku\">koncert Rolling Stones<\/a>, n\u00e1m t\u00e9m\u011b\u0159 vyrazila dech. Jak jinak, i tento koncert je o\u0161perkov\u00e1n dal\u0161\u00ed kr\u00e1snou a\u017e neuv\u011b\u0159itelnou historkou. Po odehran\u00e9m koncert\u011b bylo skupin\u011b zaplaceno v natur\u00e1li\u00edch. Byl za nimi vysl\u00e1n n\u00e1kladn\u00ed vag\u00f3n pln\u00fd vodky, kter\u00fd ke sv\u00e9mu p\u0159\u00edjemci z pochopiteln\u00fdch d\u016fvod\u016f ov\u0161em nikdy nedorazil. Skupina zde m\u011bla pozd\u011bji koncert je\u0161t\u011b jednou a to u\u017e se sv\u00e9 \u0159\u00e1dn\u00e9 odm\u011bny do\u010dkala. &nbsp;<\/div>\n<div>&nbsp;<\/div>\n<div>Bohu\u017eel n\u00e1s na z\u00e1v\u011br op\u011bt dostihl n\u00e1\u0161 nep\u0159\u00edtel \u010das. Na n\u00e1v\u0161t\u011bvu vyhl\u00eddkov\u00e9 terasy zb\u00fdvaly opravdu jen minuty a rozhodli se pro ni jen n\u011bkte\u0159\u00ed z n\u00e1s (ostatn\u00ed se sna\u017eili o rychl\u00e9 <a class=\"ngg-fancybox\" title=\"pohled na Wislu\" href=\"https:\/\/www.infopoint.cz\/polsko\/wp-content\/uploads\/sites\/22\/nggallery\/palac-kultury-i-nauki\/m70.jpg\" rel=\"\" data-image-id=\"832\" data-src=\"https:\/\/www.infopoint.cz\/polsko\/wp-content\/uploads\/sites\/22\/nggallery\/palac-kultury-i-nauki\/m70.jpg\" data-thumbnail=\"https:\/\/www.infopoint.cz\/polsko\/wp-content\/uploads\/sites\/22\/nggallery\/palac-kultury-i-nauki\/thumbs\/thumbs_m70.jpg\" data-title=\"orientace na SV\" data-description=\"pohled na Wislu\"><img decoding=\"async\" class=\"ngg-singlepic ngg-right alignright\" src=\"https:\/\/www.infopoint.cz\/polsko\/wp-content\/uploads\/sites\/22\/nggallery\/palac-kultury-i-nauki\/thumbs\/thumbs_m70.jpg\" alt=\"orientace na SV\"><\/a>p\u0159ibl\u00ed\u017een\u00ed do restaurace <a href=\"https:\/\/www.infopoint.cz\/polsko\/soul-kitchen\/\">Soul Kitchen<\/a>).&nbsp;Spole\u010dn\u00e1 fotografie z tohoto \u00fachvatn\u00e9ho m\u00edsta ve 30 poschod\u00ed n\u00e1m na na\u0161em blogu tedy zat\u00edm chyb\u00ed Jak V\u00e1m t\u00e9m\u011b\u0159 ka\u017ed\u00fd Pol\u00e1k s trochou nads\u00e1zky \u0159ekne, pr\u00e1v\u011b odtud je toti\u017e pohled na m\u011bsto nejkr\u00e1sn\u011bj\u0161\u00ed. Odpov\u011b\u010f na ot\u00e1zku pro\u010d je trochu <a class=\"ngg-fancybox\" title=\" \" href=\"https:\/\/www.infopoint.cz\/polsko\/wp-content\/uploads\/sites\/22\/nggallery\/palac-kultury-i-nauki\/m76.jpg\" rel=\"\" data-image-id=\"837\" data-src=\"https:\/\/www.infopoint.cz\/polsko\/wp-content\/uploads\/sites\/22\/nggallery\/palac-kultury-i-nauki\/m76.jpg\" data-thumbnail=\"https:\/\/www.infopoint.cz\/polsko\/wp-content\/uploads\/sites\/22\/nggallery\/palac-kultury-i-nauki\/thumbs\/thumbs_m76.jpg\" data-title=\"orientace na Z\" data-description=\" \"><img decoding=\"async\" class=\"ngg-singlepic ngg-left alignleft\" src=\"https:\/\/www.infopoint.cz\/polsko\/wp-content\/uploads\/sites\/22\/nggallery\/palac-kultury-i-nauki\/thumbs\/thumbs_m76.jpg\" alt=\"orientace na Z\"><\/a>smutn\u00e1 &#8211; pr\u00e1v\u011b proto, \u017ee je to jedin\u00e9 m\u00edsto ve Var\u0161av\u011b, odkud Pal\u00e1c nen\u00ed nikdy vid\u011bt. Z\u00e1stavba v okol\u00ed Pal\u00e1ce je sice trochu chaotick\u00e1, ale i p\u0159esto bychom mohli v\u00fdhled z jedn\u00e9 strany nazvat pokusem o st\u0159edoevropsk\u00fd Manhattan.<\/div>\n<div>&nbsp;<\/div>\n<div>Den utekl jako voda, z\u00edskali jsme mnoho nov\u00fdch a zaj\u00edmav\u00fdch informac\u00ed do na\u0161ich &#8222;var\u0161avsk\u00fdch puzzle&#8220;, p\u0159ipojilo se k n\u00e1m n\u011bkolik nov\u00fdch mil\u00fdch tv\u00e1\u0159\u00ed, jen na poklidnou te\u010dku v podob\u011b ob\u011bda ji\u017e mnoho \u010dasu nez\u016fstalo.<\/div>\n<div>&nbsp;<\/div>\n<div>Napsala pro <a href=\"https:\/\/www.infopoint.cz\/polsko\/category\/kulturni-ctvrtky\/\">kulturn\u00ed \u010dtvrtek<\/a> 16.03.2017: Margita<\/div>\n<div>\n<p><a href=\"https:\/\/www.infopoint.cz\/polsko\/fotogalerie\/rok-2017\/\">M\u016f\u017eete se tak\u00e9 pod\u00edvat na ostatn\u00ed fotografie.<\/a><\/p>\n<p>Zdroj Map: <a href=\"https:\/\/www.google.pl\/maps\/place\/Palace+of+Culture+and+Science\/@52.2256485,21.0055276,774a,35y,39.21t\/data=!3m1!1e3!4m5!3m4!1s0x471ecc8c92692e49:0xc2e97ae5311f2dc2!8m2!3d52.231838!4d21.005995\">GoogleMaps 3D models<\/a><\/p>\n<\/div>\n","protected":false},"excerpt":{"rendered":"<p>S jarem ji\u017e p\u0159ede dve\u0159mi za\u010dal n\u00e1\u0161 dal\u0161\u00ed kulturn\u00ed \u010dtvrtek. &nbsp; V\u00edtr n\u00e1m rozehnal mraky, venku bylo je\u0161t\u011b celkem chladno, ale kone\u010dn\u011b se na n\u00e1s z oblohy usm\u00e1lo slun\u00ed\u010dko. Na\u0161e spole\u010dn\u00e1 k\u00e1va a odchod na autobusovou zast\u00e1vku prob\u011bhly v klidu a beze sp\u011bchu. Dokonce padl i n\u00e1vrh na j\u00edzdu na kolech, proto\u017ee n\u011bkte\u0159\u00ed z n\u00e1s [&hellip;]<\/p>\n","protected":false},"author":2,"featured_media":0,"comment_status":"open","ping_status":"closed","sticky":false,"template":"","format":"standard","meta":{"ngg_post_thumbnail":0,"footnotes":""},"categories":[2],"tags":[],"class_list":["post-3009","post","type-post","status-publish","format-standard","hentry","category-kulturni-ctvrtky"],"_links":{"self":[{"href":"https:\/\/www.infopoint.cz\/polsko\/wp-json\/wp\/v2\/posts\/3009","targetHints":{"allow":["GET"]}}],"collection":[{"href":"https:\/\/www.infopoint.cz\/polsko\/wp-json\/wp\/v2\/posts"}],"about":[{"href":"https:\/\/www.infopoint.cz\/polsko\/wp-json\/wp\/v2\/types\/post"}],"author":[{"embeddable":true,"href":"https:\/\/www.infopoint.cz\/polsko\/wp-json\/wp\/v2\/users\/2"}],"replies":[{"embeddable":true,"href":"https:\/\/www.infopoint.cz\/polsko\/wp-json\/wp\/v2\/comments?post=3009"}],"version-history":[{"count":13,"href":"https:\/\/www.infopoint.cz\/polsko\/wp-json\/wp\/v2\/posts\/3009\/revisions"}],"predecessor-version":[{"id":3113,"href":"https:\/\/www.infopoint.cz\/polsko\/wp-json\/wp\/v2\/posts\/3009\/revisions\/3113"}],"wp:attachment":[{"href":"https:\/\/www.infopoint.cz\/polsko\/wp-json\/wp\/v2\/media?parent=3009"}],"wp:term":[{"taxonomy":"category","embeddable":true,"href":"https:\/\/www.infopoint.cz\/polsko\/wp-json\/wp\/v2\/categories?post=3009"},{"taxonomy":"post_tag","embeddable":true,"href":"https:\/\/www.infopoint.cz\/polsko\/wp-json\/wp\/v2\/tags?post=3009"}],"curies":[{"name":"wp","href":"https:\/\/api.w.org\/{rel}","templated":true}]}}