{"id":3132,"date":"2017-03-20T18:03:45","date_gmt":"2017-03-20T17:03:45","guid":{"rendered":"http:\/\/www.infopoint.cz\/polsko\/?p=3132"},"modified":"2017-04-22T16:36:12","modified_gmt":"2017-04-22T14:36:12","slug":"ve-znameni-oslav-nyskou-okolo-varsavy","status":"publish","type":"post","link":"https:\/\/www.infopoint.cz\/polsko\/ve-znameni-oslav-nyskou-okolo-varsavy\/","title":{"rendered":"Ve znamen\u00ed oslav. Nyskou okolo Var\u0161avy."},"content":{"rendered":"<p><a class=\"ngg-fancybox\" title=\" \" href=\"https:\/\/www.infopoint.cz\/polsko\/wp-content\/uploads\/sites\/22\/nggallery\/vylet-se-zlutou-nyskou\/m01.jpg\" data-image-id=\"785\" data-src=\"https:\/\/www.infopoint.cz\/polsko\/wp-content\/uploads\/sites\/22\/nggallery\/vylet-se-zlutou-nyskou\/m01.jpg\" data-thumbnail=\"https:\/\/www.infopoint.cz\/polsko\/wp-content\/uploads\/sites\/22\/nggallery\/vylet-se-zlutou-nyskou\/thumbs\/thumbs_m01.jpg\" data-title=\"m01\" data-description=\" \"><img decoding=\"async\" class=\"ngg-singlepic ngg-left alignleft\" src=\"https:\/\/www.infopoint.cz\/polsko\/wp-content\/uploads\/sites\/22\/nggallery\/vylet-se-zlutou-nyskou\/thumbs\/thumbs_m01.jpg\" alt=\"m01\"><\/a>Neb\u00fdv\u00e1 to ka\u017ed\u00fd den, nato\u017e ka\u017ed\u00fd \u010dtvrtek, abychom od r\u00e1na slavili. V\u010dera mezin\u00e1rodn\u00ed den \u017een a dnes hned dvoje narozeniny a k&nbsp;tomu \u010cesko &#8211; Slovensk\u00e9. Nav\u00edc jm\u00e9na obou oslavenky\u0148 za\u010d\u00ednaj\u00ed na p\u00edsmeno \u201eM\u201c- Monika a M\u00e1ria. Na hodovn\u00edm stole se objevilo dom\u00e1c\u00ed su\u0161en\u00e9 maso &#8211; specialita \u0161\u00e9fa kuchyn\u011b Ale\u0161e, bezlakt\u00f3zov\u00e9 a cukru pust\u00e9 \u201emafiny\u201c &#8211; autorka Mirka, slovensk\u00e9 s\u00fdrov\u00e9 nit\u011b a\u017e z&nbsp;Ru\u017eomberka p\u0159ivezla M\u00e1ria, origin\u00e1l polsk\u00e1 \u201eBeza\u201c &#8211; zakoupila Dana, ovoce a vitam\u00edny od Margitky a o bublinky k&nbsp;sn\u00eddani z&nbsp;dalek\u00e9 It\u00e1lie se postarala Monika. Kytice \u017elut\u00fdch tulip\u00e1n\u016f s&nbsp;ratolestmi olivovn\u00edku o\u010di pot\u011b\u0161ily a du\u0161e rozradostnily.<\/p>\n<p>Opojeni t\u011bmito dobrotami jsme vyrazili autobusem \u010d. 116 na <a href=\"https:\/\/www.google.pl\/maps\/place\/Plac+Na+Rozdro%C5%BCu\/@52.2194613,21.0230396,17z\/data=!4m13!1m7!3m6!1s0x471ecce4097e841f:0x9e30e547f7adf815!2splac+Na+Rozdro%C5%BCu,+Warszawa!3b1!8m2!3d52.219458!4d21.0252283!3m4!1s0x0:0x7dc1abb23d3ca8ef!8m2!3d52.2197221!4d21.0242701?hl=cs\">plac Na Rozdrozu<\/a>. Tam jsme se setkali s&nbsp;pr\u016fvodkyn\u00ed Karol\u00ednou a \u0159idi\u010dem \u017elut\u00e9 \u201eNysky\u201c. Ano, Dana za\u0159\u00eddila v\u011bc nev\u00eddanou a dnes jsme se minibusem vydali v&nbsp;doprovodu profesion\u00e1lky <a class=\"ngg-fancybox\" title=\" \" href=\"https:\/\/www.infopoint.cz\/polsko\/wp-content\/uploads\/sites\/22\/nggallery\/vylet-se-zlutou-nyskou\/m07.jpg\" data-image-id=\"787\" data-src=\"https:\/\/www.infopoint.cz\/polsko\/wp-content\/uploads\/sites\/22\/nggallery\/vylet-se-zlutou-nyskou\/m07.jpg\" data-thumbnail=\"https:\/\/www.infopoint.cz\/polsko\/wp-content\/uploads\/sites\/22\/nggallery\/vylet-se-zlutou-nyskou\/thumbs\/thumbs_m07.jpg\" data-title=\"m07\" data-description=\" \"><img decoding=\"async\" class=\"ngg-singlepic ngg-right alignright\" src=\"https:\/\/www.infopoint.cz\/polsko\/wp-content\/uploads\/sites\/22\/nggallery\/vylet-se-zlutou-nyskou\/thumbs\/thumbs_m07.jpg\" alt=\"m07\"><\/a>Karol\u00edny okolo Var\u0161avy, abychom si spojili v\u0161echny mo\u017en\u00e9 kulturn\u00ed \u010dtvrtky v&nbsp;jeden celek J. K&nbsp;na\u0161emu p\u0159ekvapen\u00ed Karol\u00edna nejen\u017ee um\u011bla anglicky a polsky, ale tak\u00e9 plynule \u010desky. A co to je ta \u201eNyska\u201c? Spr\u00e1vn\u00fd n\u00e1zev ZSD Nysa. Jde o automobil polsk\u00e9 provenience, je\u017e byl vyr\u00e1b\u011bn v&nbsp;Nyse od roku 1958-1994. Zkratka ZSD je odvozena od n\u00e1zvu tov\u00e1rny &nbsp;\u2013&nbsp;<a href=\"https:\/\/pl.wikipedia.org\/wiki\/Zak%C5%82ad_Samochod%C3%B3w_Dostawczych\">Zak\u0142ad Samochod\u00f3w Dostawczych<\/a>. Tato auta slou\u017eila jako dod\u00e1vky, policejn\u00ed vozy, sanitky a mikrobusy v&nbsp;cel\u00e9m Polsku. Jezd\u00ed na benz\u00edn. V\u00edce se o nich dozv\u00edte na <a href=\"https:\/\/pl.wikipedia.org\/wiki\/ZSD_Nysa\">https:\/\/pl.wikipedia.org\/wiki\/ZSD_Nysa<\/a>.<\/p>\n<p><a class=\"ngg-fancybox\" title=\" \" href=\"https:\/\/www.infopoint.cz\/polsko\/wp-content\/uploads\/sites\/22\/nggallery\/vylet-se-zlutou-nyskou\/m12.jpg\" data-image-id=\"791\" data-src=\"https:\/\/www.infopoint.cz\/polsko\/wp-content\/uploads\/sites\/22\/nggallery\/vylet-se-zlutou-nyskou\/m12.jpg\" data-thumbnail=\"https:\/\/www.infopoint.cz\/polsko\/wp-content\/uploads\/sites\/22\/nggallery\/vylet-se-zlutou-nyskou\/thumbs\/thumbs_m12.jpg\" data-title=\"m12\" data-description=\" \"><img decoding=\"async\" class=\"ngg-singlepic ngg-left alignleft\" src=\"https:\/\/www.infopoint.cz\/polsko\/wp-content\/uploads\/sites\/22\/nggallery\/vylet-se-zlutou-nyskou\/thumbs\/thumbs_m12.jpg\" alt=\"m12\"><\/a>A te\u010f zp\u00e1tky k&nbsp;vyj\u00ed\u017e\u010fce.&nbsp;Prvn\u00ed zast\u00e1vka byla u <a href=\"https:\/\/www.google.pl\/maps\/place\/Pomnik+Chwa%C5%82a+Saperom,+aleja+Ksi%C4%99dza+J%C3%B3zefa+Stanka,+00-422+Warszawa\/@52.2248348,21.0260649,15z\/data=!4m5!3m4!1s0x471eccfe28e608b1:0x6a0b78ee480a12b8!8m2!3d52.2286812!4d21.0412041?hl=cs\">Pomniku Chwa\u0142a Saperom<\/a>, (aleja Ksi\u0119dza J\u00f3zefa Stanka). Saper p\u0159elo\u017eeno do \u010de\u0161tiny znamen\u00e1 pyrotechnik a t\u011bch bylo po v\u00e1lce ve Var\u0161av\u011b velmi t\u0159eba. Pomn\u00edk byl odhalen 8. Kv\u011btna roku&nbsp;<a href=\"https:\/\/pl.wikipedia.org\/wiki\/1975\">1975<\/a>. Jeho autorem je&nbsp;<a href=\"https:\/\/pl.wikipedia.org\/wiki\/Stanis%C5%82aw_Kulon\">Stanis\u0142aw Kulon<\/a>. Pomn\u00edk m\u00e1 t\u0159i \u010d\u00e1sti. Prvn\u00ed symbolizuje pyrotechnika rozeb\u00edraj\u00edc\u00edho minu. Druh\u00fd um\u00edst\u011bn\u00fd v&nbsp;pr\u016f\u010del\u00ed podchodu, zn\u00e1zor\u0148uje voj\u00e1ky sp\u011bchaj\u00edc\u00ed na pomoc \u00fa\u010dastn\u00edk\u016fm Var\u0161avsk\u00e9ho povst\u00e1n\u00ed. Jde o plastickou desku. T\u0159et\u00ed je souso\u0161\u00ed dvou stavitel\u016f mostu na b\u0159ehu \u0159eky. Bylo to pro n\u00e1s velk\u00e9 p\u0159ekvapen\u00ed, nikdo z&nbsp;n\u00e1s detaily historie zcela neznal a tak bylo p\u0159\u00edjemn\u00e9 zase n\u011bco nov\u00e9ho objevit.<\/p>\n<p>V\u00edtr foukal a my se rychle p\u0159em\u00edstili do minibusu a odjeli na dal\u0161\u00ed stanovi\u0161t\u011b na b\u0159ehu \u0159eky Wisly, k&nbsp;<a href=\"https:\/\/www.google.pl\/maps\/place\/Warszawska+Syrenka\/@52.2392551,21.0301617,17z\/data=!4m13!1m7!3m6!1s0x471ecc6f6b1b1b63:0x2bce80fc7cde988b!2sPomnik+Syrenki,+rynek+Starego+Miasta,+Warszawa!3b1!8m2!3d52.2497923!4d21.0121687!3m4!1s0x0:0x11cb947e1c335fb8!8m2!3d52.2402617!4d21.0320813?hl=cs\">so\u0161e Var\u0161avsk\u00e9 Syrenky<\/a>. U t\u00e9 jsme si <a class=\"ngg-fancybox\" title=\" \" href=\"https:\/\/www.infopoint.cz\/polsko\/wp-content\/uploads\/sites\/22\/nggallery\/vylet-se-zlutou-nyskou\/m19.jpg\" data-image-id=\"794\" data-src=\"https:\/\/www.infopoint.cz\/polsko\/wp-content\/uploads\/sites\/22\/nggallery\/vylet-se-zlutou-nyskou\/m19.jpg\" data-thumbnail=\"https:\/\/www.infopoint.cz\/polsko\/wp-content\/uploads\/sites\/22\/nggallery\/vylet-se-zlutou-nyskou\/thumbs\/thumbs_m19.jpg\" data-title=\"m19\" data-description=\" \"><img decoding=\"async\" class=\"ngg-singlepic ngg-right alignright\" src=\"https:\/\/www.infopoint.cz\/polsko\/wp-content\/uploads\/sites\/22\/nggallery\/vylet-se-zlutou-nyskou\/thumbs\/thumbs_m19.jpg\" alt=\"m19\"><\/a>nechali odvypr\u00e1v\u011bt celou legendu t\u00e9to hrdinky a tak\u00e9 se zv\u011b\u010dnili na dal\u0161\u00ed foto. Legenda ve zkratce vypr\u00e1v\u00ed o mo\u0159sk\u00e9 pan\u011b S\u00e1w\u011b a mlad\u00edkovi jm\u00e9nem War. A u\u017e jste se asi dovt\u00edpili, \u017ee spojen\u00edm t\u011bchto jmen vznik\u00e1 n\u00e1zev m\u011bsta Warsawa. Syr\u00e9nku n\u011bkolika tahy zpodobnil i mistr Pablo Picasso p\u0159i n\u00e1v\u0161t\u011bv\u011b Var\u0161avy v&nbsp;roce 1948. Namaloval ji uhlem na st\u011bnu jednoho nov\u00e9ho bytu. Syr\u00e9nka m\u011bla v&nbsp;ruce m\u00edsto me\u010de kladivo. Cel\u00e9 d\u00edlo m\u011blo v\u00fd\u0161k<a class=\"ngg-fancybox\" title=\" \" href=\"https:\/\/www.infopoint.cz\/polsko\/wp-content\/uploads\/sites\/22\/nggallery\/vylet-se-zlutou-nyskou\/Syrenka-Pablo-Picasso.jpg\" data-image-id=\"844\" data-src=\"https:\/\/www.infopoint.cz\/polsko\/wp-content\/uploads\/sites\/22\/nggallery\/vylet-se-zlutou-nyskou\/Syrenka-Pablo-Picasso.jpg\" data-thumbnail=\"https:\/\/www.infopoint.cz\/polsko\/wp-content\/uploads\/sites\/22\/nggallery\/vylet-se-zlutou-nyskou\/thumbs\/thumbs_Syrenka-Pablo-Picasso.jpg\" data-title=\"Syrenka-Pablo-Picasso\" data-description=\" \"><img decoding=\"async\" class=\"ngg-singlepic ngg-left alignleft\" src=\"https:\/\/www.infopoint.cz\/polsko\/wp-content\/uploads\/sites\/22\/nggallery\/vylet-se-zlutou-nyskou\/thumbs\/thumbs_Syrenka-Pablo-Picasso.jpg\" alt=\"Syrenka-Pablo-Picasso\"><\/a>u 180 cm. Jen\u017ee obyvatel\u00e9 domu nem\u011bli klid. St\u00e1le toti\u017e p\u0159ich\u00e1zeli jednotlivci i cel\u00e9 delegace obdivovat d\u00edlo velk\u00e9ho mistra. Majitel\u00e9 bytu se proto rozhodli, po\u017e\u00e1dat o zamalov\u00e1n\u00ed d\u00edla. Dostali k&nbsp;tomuto kroku povolen\u00ed vl\u00e1dy a v&nbsp;roce 1953 byl obraz zamalov\u00e1n. Pro zv\u00eddav\u00e9 odkaz: (<a href=\"http:\/\/wyborcza.pl\/alehistoria\/1,121681,18643988,syrenka-pabla-picassa-na-scianie-warszawskiego-mieszkania.html\">http:\/\/wyborcza.pl\/alehistoria\/1,121681,18643988,syrenka-pabla-picassa-na-scianie-warszawskiego-mieszkania.html<\/a>).<\/p>\n<p>&nbsp;Lehce v\u011btrn\u00e9 a mraziv\u00e9 po\u010das\u00ed n\u00e1s zahnalo zp\u011bt do \u201e\u017elut\u00e9ho tax\u00edku\u201c. Zam\u00ed\u0159ili jsme ke zn\u00e1m\u00e9 ka\u0161n\u011b autora Jerzego Jarnuszkiewicza &#8211; Fontanna z&nbsp;Mariensztatu ( na v\u00fdstav\u011b tohoto autora jsme byli minul\u00fd t\u00fdden). Font\u00e1na je ozdobena sochami kle\u010d\u00edc\u00edch d\u011bt\u00ed, krer\u00e9 se z\u00e1jmem sleduj\u00ed jak se ka\u0161na napl\u0148uje vodou. Jeden z&nbsp;dom\u016f tohoto n\u00e1m\u011bst\u00ed &nbsp;je ozdoben \u201eOrlojem\u201c \u2013 n\u00e1st\u011bnn\u00fdmi hodinami. Stroj hodin je um\u00edst\u011bn v&nbsp;jednom z&nbsp;pokoj\u016f uvnit\u0159 domu. <a class=\"ngg-fancybox\" title=\" \" href=\"https:\/\/www.infopoint.cz\/polsko\/wp-content\/uploads\/sites\/22\/nggallery\/vylet-se-zlutou-nyskou\/m25.jpg\" data-image-id=\"796\" data-src=\"https:\/\/www.infopoint.cz\/polsko\/wp-content\/uploads\/sites\/22\/nggallery\/vylet-se-zlutou-nyskou\/m25.jpg\" data-thumbnail=\"https:\/\/www.infopoint.cz\/polsko\/wp-content\/uploads\/sites\/22\/nggallery\/vylet-se-zlutou-nyskou\/thumbs\/thumbs_m25.jpg\" data-title=\"m25\" data-description=\" \"><img decoding=\"async\" class=\"ngg-singlepic ngg-left alignleft\" src=\"https:\/\/www.infopoint.cz\/polsko\/wp-content\/uploads\/sites\/22\/nggallery\/vylet-se-zlutou-nyskou\/thumbs\/thumbs_m25.jpg\" alt=\"m25\"><\/a>Kolem muzea Polin jsme dojeli k&nbsp;nechvaln\u011b proslul\u00e9mu v\u011bzen\u00ed Pawiak \u2013 <a href=\"https:\/\/www.google.pl\/maps\/place\/Museum+of+Independence.+Pawiak+Prison\/@52.2462937,20.9888119,17z\/data=!3m1!4b1!4m5!3m4!1s0x471ecc7ed04035cf:0x9567dcb333c78b30!8m2!3d52.2462904!4d20.9910006?hl=cs\">Muzeum w\u0119zienia Pawiak<\/a>. Bylo postaveno u\u017e roku 1835. Prohl\u00eddku muzea&nbsp; v\u0161ak napl\u00e1nujeme a\u017e na p\u0159\u00ed\u0161t\u011b. Posledn\u00ed zast\u00e1vkou v\u00fdletu byl <a href=\"https:\/\/www.google.pl\/maps\/place\/Cmentarz+%C5%BBydowski\/@52.2462899,20.9667119,15z\/data=!4m12!1m6!3m5!1s0x471ecb81e4df557d:0xd8ff2ca73e071607!2sCmentarz+%C5%BBydowski!8m2!3d52.2462866!4d20.9754666!3m4!1s0x471ecb81e4df557d:0xd8ff2ca73e071607!8m2!3d52.2462866!4d20.9754666?hl=cs\">Cmentarz \u017cydovski<\/a> \u2013 \u017eidovsk\u00fd h\u0159bitov na Okopowsk\u00e9 ulici. Zde jsme vid\u011bli n\u00e1dhernou hrobku a vyslechli si smutn\u00e9 p\u0159\u00edb\u011bhy nejen z&nbsp;obdob\u00ed II. Sv\u011btov\u00e9 v\u00e1lky. Je zde pochov\u00e1no mnoho \u017eid\u016f ve spole\u010dn\u00fdch hrobech bez n\u00e1hrobk\u016f. <a class=\"ngg-fancybox\" title=\" \" href=\"https:\/\/www.infopoint.cz\/polsko\/wp-content\/uploads\/sites\/22\/nggallery\/vylet-se-zlutou-nyskou\/m31.jpg\" data-image-id=\"799\" data-src=\"https:\/\/www.infopoint.cz\/polsko\/wp-content\/uploads\/sites\/22\/nggallery\/vylet-se-zlutou-nyskou\/m31.jpg\" data-thumbnail=\"https:\/\/www.infopoint.cz\/polsko\/wp-content\/uploads\/sites\/22\/nggallery\/vylet-se-zlutou-nyskou\/thumbs\/thumbs_m31.jpg\" data-title=\"m31\" data-description=\" \"><img decoding=\"async\" class=\"ngg-singlepic ngg-right alignright\" src=\"https:\/\/www.infopoint.cz\/polsko\/wp-content\/uploads\/sites\/22\/nggallery\/vylet-se-zlutou-nyskou\/thumbs\/thumbs_m31.jpg\" alt=\"m31\"><\/a>Pr\u016fvodkyn\u011b n\u00e1m uk\u00e1zala pomn\u00edk Januzsa Korczaka. Pomn\u00edk pln\u00ed roli jeho symbolick\u00e9ho hrobu. O t\u00e9to v\u00fdznamn\u00e9 osob\u011b nato\u010dil film zn\u00e1m\u00fd polsk\u00fd re\u017eis\u00e9r Andrzej Wajda.<\/p>\n<p>Karol\u00edna byla b\u00e1je\u010dnou pr\u016fvodkyn\u00ed, pan \u0159idi\u010d se nezalekl \u017e\u00e1dn\u00e9ho po\u017eadavku na zm\u011bnu trasy \u010di m\u00edsta k&nbsp;parkov\u00e1n\u00ed. \u0158\u00e1dn\u011b vymrzl\u00ed a u\u017e tak\u00e9 zmokl\u00ed jsme se nechali odv\u00e9zt k&nbsp;restauraci <a href=\"https:\/\/www.infopoint.cz\/polsko\/ale-wino\/\">Ale Wino<\/a>. V&nbsp;restauraci bylo t\u00e9m\u011b\u0159 pr\u00e1zdno, ale obsluha situaci trochu nezvl\u00e1dala a tak \u010d\u00e1st v\u00fdpravy musela prchnout tax\u00edkem, aby stihla vyzvednout sv\u00e9 d\u011bti v\u010das ve \u0161kole.<\/p>\n<p>Co \u0159\u00edci z\u00e1v\u011brem? Den se vyda\u0159il, zcela jist\u011b jsme naplnili heslo \u201eCarpe Diem!\u201c a v\u0161em \u00fa\u010dastn\u00edk\u016fm pat\u0159\u00ed d\u00edky.<\/p>\n<div>Napsala pro <a href=\"https:\/\/www.infopoint.cz\/polsko\/category\/kulturni-ctvrtky\/\">kulturn\u00ed \u010dtvrtek<\/a> 09.03.2017: Helena<\/div>\n<div>&nbsp;<\/div>\n<div><a href=\"https:\/\/www.infopoint.cz\/polsko\/fotogalerie\/rok-2017\/\">M\u016f\u017eete se tak\u00e9 pod\u00edvat na ostatn\u00ed fotografie.<\/a><\/div>\n","protected":false},"excerpt":{"rendered":"<p>Neb\u00fdv\u00e1 to ka\u017ed\u00fd den, nato\u017e ka\u017ed\u00fd \u010dtvrtek, abychom od r\u00e1na slavili. V\u010dera mezin\u00e1rodn\u00ed den \u017een a dnes hned dvoje narozeniny a k&nbsp;tomu \u010cesko &#8211; Slovensk\u00e9. Nav\u00edc jm\u00e9na obou oslavenky\u0148 za\u010d\u00ednaj\u00ed na p\u00edsmeno \u201eM\u201c- Monika a M\u00e1ria. Na hodovn\u00edm stole se objevilo dom\u00e1c\u00ed su\u0161en\u00e9 maso &#8211; specialita \u0161\u00e9fa kuchyn\u011b Ale\u0161e, bezlakt\u00f3zov\u00e9 a cukru pust\u00e9 \u201emafiny\u201c &#8211; [&hellip;]<\/p>\n","protected":false},"author":2,"featured_media":0,"comment_status":"open","ping_status":"closed","sticky":false,"template":"","format":"standard","meta":{"ngg_post_thumbnail":0,"footnotes":""},"categories":[2],"tags":[],"class_list":["post-3132","post","type-post","status-publish","format-standard","hentry","category-kulturni-ctvrtky"],"_links":{"self":[{"href":"https:\/\/www.infopoint.cz\/polsko\/wp-json\/wp\/v2\/posts\/3132","targetHints":{"allow":["GET"]}}],"collection":[{"href":"https:\/\/www.infopoint.cz\/polsko\/wp-json\/wp\/v2\/posts"}],"about":[{"href":"https:\/\/www.infopoint.cz\/polsko\/wp-json\/wp\/v2\/types\/post"}],"author":[{"embeddable":true,"href":"https:\/\/www.infopoint.cz\/polsko\/wp-json\/wp\/v2\/users\/2"}],"replies":[{"embeddable":true,"href":"https:\/\/www.infopoint.cz\/polsko\/wp-json\/wp\/v2\/comments?post=3132"}],"version-history":[{"count":11,"href":"https:\/\/www.infopoint.cz\/polsko\/wp-json\/wp\/v2\/posts\/3132\/revisions"}],"predecessor-version":[{"id":3147,"href":"https:\/\/www.infopoint.cz\/polsko\/wp-json\/wp\/v2\/posts\/3132\/revisions\/3147"}],"wp:attachment":[{"href":"https:\/\/www.infopoint.cz\/polsko\/wp-json\/wp\/v2\/media?parent=3132"}],"wp:term":[{"taxonomy":"category","embeddable":true,"href":"https:\/\/www.infopoint.cz\/polsko\/wp-json\/wp\/v2\/categories?post=3132"},{"taxonomy":"post_tag","embeddable":true,"href":"https:\/\/www.infopoint.cz\/polsko\/wp-json\/wp\/v2\/tags?post=3132"}],"curies":[{"name":"wp","href":"https:\/\/api.w.org\/{rel}","templated":true}]}}