{"id":3149,"date":"2017-04-23T10:35:52","date_gmt":"2017-04-23T08:35:52","guid":{"rendered":"http:\/\/www.infopoint.cz\/polsko\/?p=3149"},"modified":"2017-04-23T10:41:55","modified_gmt":"2017-04-23T08:41:55","slug":"zaostreno-20-04-2017-1534","status":"publish","type":"post","link":"https:\/\/www.infopoint.cz\/polsko\/zaostreno-20-04-2017-1534\/","title":{"rendered":"Zaost\u0159eno (20.04.2017 15:34)"},"content":{"rendered":"<blockquote><p>Var\u0161avsk\u00e1 prokuratura v\u010dera vyslechla p\u0159edsedu Evropsk\u00e9 rady Donalda Tuska. N\u011bkte\u0159\u00ed minist\u0159i dokonce\u2026<\/p><\/blockquote>\n<p>Zdroj: <a href=\"http:\/\/prehravac.rozhlas.cz\/audio\/3845884\">http:\/\/prehravac.rozhlas.cz\/audio\/3845884<\/a><\/p>\n","protected":false},"excerpt":{"rendered":"<p>Var\u0161avsk\u00e1 prokuratura v\u010dera vyslechla p\u0159edsedu Evropsk\u00e9 rady Donalda Tuska. N\u011bkte\u0159\u00ed minist\u0159i dokonce\u2026 Zdroj: http:\/\/prehravac.rozhlas.cz\/audio\/3845884<\/p>\n","protected":false},"author":2,"featured_media":0,"comment_status":"open","ping_status":"closed","sticky":false,"template":"","format":"standard","meta":{"ngg_post_thumbnail":0,"footnotes":""},"categories":[24],"tags":[],"class_list":["post-3149","post","type-post","status-publish","format-standard","hentry","category-zajimavosti"],"_links":{"self":[{"href":"https:\/\/www.infopoint.cz\/polsko\/wp-json\/wp\/v2\/posts\/3149","targetHints":{"allow":["GET"]}}],"collection":[{"href":"https:\/\/www.infopoint.cz\/polsko\/wp-json\/wp\/v2\/posts"}],"about":[{"href":"https:\/\/www.infopoint.cz\/polsko\/wp-json\/wp\/v2\/types\/post"}],"author":[{"embeddable":true,"href":"https:\/\/www.infopoint.cz\/polsko\/wp-json\/wp\/v2\/users\/2"}],"replies":[{"embeddable":true,"href":"https:\/\/www.infopoint.cz\/polsko\/wp-json\/wp\/v2\/comments?post=3149"}],"version-history":[{"count":4,"href":"https:\/\/www.infopoint.cz\/polsko\/wp-json\/wp\/v2\/posts\/3149\/revisions"}],"predecessor-version":[{"id":3153,"href":"https:\/\/www.infopoint.cz\/polsko\/wp-json\/wp\/v2\/posts\/3149\/revisions\/3153"}],"wp:attachment":[{"href":"https:\/\/www.infopoint.cz\/polsko\/wp-json\/wp\/v2\/media?parent=3149"}],"wp:term":[{"taxonomy":"category","embeddable":true,"href":"https:\/\/www.infopoint.cz\/polsko\/wp-json\/wp\/v2\/categories?post=3149"},{"taxonomy":"post_tag","embeddable":true,"href":"https:\/\/www.infopoint.cz\/polsko\/wp-json\/wp\/v2\/tags?post=3149"}],"curies":[{"name":"wp","href":"https:\/\/api.w.org\/{rel}","templated":true}]}}