{"id":3202,"date":"2017-04-27T10:23:06","date_gmt":"2017-04-27T08:23:06","guid":{"rendered":"http:\/\/www.infopoint.cz\/polsko\/?p=3202"},"modified":"2017-04-28T10:25:43","modified_gmt":"2017-04-28T08:25:43","slug":"polske-ceny-likviduji-trh-deutsche-telekom-mozna-proda-polsky-t-mobile","status":"publish","type":"post","link":"https:\/\/www.infopoint.cz\/polsko\/polske-ceny-likviduji-trh-deutsche-telekom-mozna-proda-polsky-t-mobile\/","title":{"rendered":"Polsk\u00e9 ceny likviduj\u00ed trh. Deutsche Telekom mo\u017en\u00e1 prod\u00e1 polsk\u00fd T-Mobile"},"content":{"rendered":"<blockquote><p>N\u011bmeck\u00e1 telekomunika\u010dn\u00ed spole\u010dnost Deutsche Telekom nen\u00ed spokojena s hospod\u00e1\u0159sk\u00fdmi v\u00fdsledky polsk\u00e9 divize T-Mobilu. Jej\u00ed veden\u00ed m\u00e1 p\u00e1r m\u011bs\u00edc\u016f na zlep\u0161en\u00ed hospoda\u0159en\u00ed, v opa\u010dn\u00e9m p\u0159\u00edpad\u011b pr\u00fd n\u011bmeck\u00fd vlastn\u00edk hroz\u00ed prodejem.<\/p><\/blockquote>\n<p>Zdroj: <a href=\"http:\/\/mobil.idnes.cz\/deutsche-telekom-t-mobile-polsko-nizke-ceny-krize-mobilni-trh-pu6-\/mobilni-operatori.aspx?c=A170427_122321_mobilni-operatori_LHR\">http:\/\/mobil.idnes.cz\/deutsche-telekom-t-mobile-polsko-nizke-ceny-krize-mobilni-trh-pu6-\/mobilni-operatori.aspx?c=A170427_122321_mobilni-operatori_LHR<\/a><\/p>\n","protected":false},"excerpt":{"rendered":"<p>N\u011bmeck\u00e1 telekomunika\u010dn\u00ed spole\u010dnost Deutsche Telekom nen\u00ed spokojena s hospod\u00e1\u0159sk\u00fdmi v\u00fdsledky polsk\u00e9 divize T-Mobilu. Jej\u00ed veden\u00ed m\u00e1 p\u00e1r m\u011bs\u00edc\u016f na zlep\u0161en\u00ed hospoda\u0159en\u00ed, v opa\u010dn\u00e9m p\u0159\u00edpad\u011b pr\u00fd n\u011bmeck\u00fd vlastn\u00edk hroz\u00ed prodejem. Zdroj: http:\/\/mobil.idnes.cz\/deutsche-telekom-t-mobile-polsko-nizke-ceny-krize-mobilni-trh-pu6-\/mobilni-operatori.aspx?c=A170427_122321_mobilni-operatori_LHR<\/p>\n","protected":false},"author":2,"featured_media":0,"comment_status":"open","ping_status":"closed","sticky":false,"template":"","format":"standard","meta":{"ngg_post_thumbnail":0,"footnotes":""},"categories":[24],"tags":[],"class_list":["post-3202","post","type-post","status-publish","format-standard","hentry","category-zajimavosti"],"_links":{"self":[{"href":"https:\/\/www.infopoint.cz\/polsko\/wp-json\/wp\/v2\/posts\/3202","targetHints":{"allow":["GET"]}}],"collection":[{"href":"https:\/\/www.infopoint.cz\/polsko\/wp-json\/wp\/v2\/posts"}],"about":[{"href":"https:\/\/www.infopoint.cz\/polsko\/wp-json\/wp\/v2\/types\/post"}],"author":[{"embeddable":true,"href":"https:\/\/www.infopoint.cz\/polsko\/wp-json\/wp\/v2\/users\/2"}],"replies":[{"embeddable":true,"href":"https:\/\/www.infopoint.cz\/polsko\/wp-json\/wp\/v2\/comments?post=3202"}],"version-history":[{"count":1,"href":"https:\/\/www.infopoint.cz\/polsko\/wp-json\/wp\/v2\/posts\/3202\/revisions"}],"predecessor-version":[{"id":3203,"href":"https:\/\/www.infopoint.cz\/polsko\/wp-json\/wp\/v2\/posts\/3202\/revisions\/3203"}],"wp:attachment":[{"href":"https:\/\/www.infopoint.cz\/polsko\/wp-json\/wp\/v2\/media?parent=3202"}],"wp:term":[{"taxonomy":"category","embeddable":true,"href":"https:\/\/www.infopoint.cz\/polsko\/wp-json\/wp\/v2\/categories?post=3202"},{"taxonomy":"post_tag","embeddable":true,"href":"https:\/\/www.infopoint.cz\/polsko\/wp-json\/wp\/v2\/tags?post=3202"}],"curies":[{"name":"wp","href":"https:\/\/api.w.org\/{rel}","templated":true}]}}