{"id":3205,"date":"2017-03-26T10:20:40","date_gmt":"2017-03-26T08:20:40","guid":{"rendered":"http:\/\/www.infopoint.cz\/polsko\/?p=3205"},"modified":"2017-05-09T10:21:59","modified_gmt":"2017-05-09T08:21:59","slug":"recenze-zubri-zide-hebky-kralicek-proc-ukryt-v-zoo-pusobi-romanove","status":"publish","type":"post","link":"https:\/\/www.infopoint.cz\/polsko\/recenze-zubri-zide-hebky-kralicek-proc-ukryt-v-zoo-pusobi-romanove\/","title":{"rendered":"RECENZE: Zub\u0159i, \u017did\u00e9, hebk\u00fd kr\u00e1l\u00ed\u010dek. Pro\u010d \u00dakryt v zoo p\u016fsob\u00ed rom\u00e1nov\u011b"},"content":{"rendered":"<blockquote><p>Jessica Chastainov\u00e1, Daniel Br\u00fchl a zv\u00ed\u0159ata od opi\u010dek po nosoro\u017ece. To jsou hlavn\u00ed hv\u011bzdy americk\u00e9ho sn\u00edmku \u00dakryt v zoo, kter\u00fd se z\u010d\u00e1sti to\u010dil tak\u00e9 u n\u00e1s, jeho d\u011bj se v\u0161ak odehr\u00e1v\u00e1 ve v\u00e1le\u010dn\u00e9 Var\u0161av\u011b.<\/p><\/blockquote>\n<p>Zdroj: <a href=\"http:\/\/kultura.zpravy.idnes.cz\/ukryt-v-zoo-recenze-04r-\/filmvideo.aspx?c=A170324_113324_filmvideo_ts\">http:\/\/kultura.zpravy.idnes.cz\/ukryt-v-zoo-recenze-04r-\/filmvideo.aspx?c=A170324_113324_filmvideo_ts<\/a><\/p>\n","protected":false},"excerpt":{"rendered":"<p>Jessica Chastainov\u00e1, Daniel Br\u00fchl a zv\u00ed\u0159ata od opi\u010dek po nosoro\u017ece. To jsou hlavn\u00ed hv\u011bzdy americk\u00e9ho sn\u00edmku \u00dakryt v zoo, kter\u00fd se z\u010d\u00e1sti to\u010dil tak\u00e9 u n\u00e1s, jeho d\u011bj se v\u0161ak odehr\u00e1v\u00e1 ve v\u00e1le\u010dn\u00e9 Var\u0161av\u011b. Zdroj: http:\/\/kultura.zpravy.idnes.cz\/ukryt-v-zoo-recenze-04r-\/filmvideo.aspx?c=A170324_113324_filmvideo_ts<\/p>\n","protected":false},"author":2,"featured_media":0,"comment_status":"open","ping_status":"closed","sticky":false,"template":"","format":"standard","meta":{"ngg_post_thumbnail":0,"footnotes":""},"categories":[24],"tags":[],"class_list":["post-3205","post","type-post","status-publish","format-standard","hentry","category-zajimavosti"],"_links":{"self":[{"href":"https:\/\/www.infopoint.cz\/polsko\/wp-json\/wp\/v2\/posts\/3205","targetHints":{"allow":["GET"]}}],"collection":[{"href":"https:\/\/www.infopoint.cz\/polsko\/wp-json\/wp\/v2\/posts"}],"about":[{"href":"https:\/\/www.infopoint.cz\/polsko\/wp-json\/wp\/v2\/types\/post"}],"author":[{"embeddable":true,"href":"https:\/\/www.infopoint.cz\/polsko\/wp-json\/wp\/v2\/users\/2"}],"replies":[{"embeddable":true,"href":"https:\/\/www.infopoint.cz\/polsko\/wp-json\/wp\/v2\/comments?post=3205"}],"version-history":[{"count":1,"href":"https:\/\/www.infopoint.cz\/polsko\/wp-json\/wp\/v2\/posts\/3205\/revisions"}],"predecessor-version":[{"id":3206,"href":"https:\/\/www.infopoint.cz\/polsko\/wp-json\/wp\/v2\/posts\/3205\/revisions\/3206"}],"wp:attachment":[{"href":"https:\/\/www.infopoint.cz\/polsko\/wp-json\/wp\/v2\/media?parent=3205"}],"wp:term":[{"taxonomy":"category","embeddable":true,"href":"https:\/\/www.infopoint.cz\/polsko\/wp-json\/wp\/v2\/categories?post=3205"},{"taxonomy":"post_tag","embeddable":true,"href":"https:\/\/www.infopoint.cz\/polsko\/wp-json\/wp\/v2\/tags?post=3205"}],"curies":[{"name":"wp","href":"https:\/\/api.w.org\/{rel}","templated":true}]}}