{"id":3428,"date":"2017-05-24T09:56:35","date_gmt":"2017-05-24T07:56:35","guid":{"rendered":"http:\/\/www.infopoint.cz\/polsko\/?p=3428"},"modified":"2017-05-24T10:02:08","modified_gmt":"2017-05-24T08:02:08","slug":"vylet-na-kolech","status":"publish","type":"post","link":"https:\/\/www.infopoint.cz\/polsko\/vylet-na-kolech\/","title":{"rendered":"V\u00fdlet na kolech"},"content":{"rendered":"<p><img loading=\"lazy\" decoding=\"async\" class=\"ngg-singlepic ngg-left alignleft\" src=\"https:\/\/www.infopoint.cz\/polsko\/wp-content\/uploads\/sites\/22\/nggallery\/vylet-na-kolech\/thumbs\/thumbs_m06.jpg\" alt=\"m06\" width=\"240\" height=\"160\">Bylo kr\u00e1sn\u00e9 po\u010das\u00ed, tak jsme tentokr\u00e1t ne\u0161li do muzea nebo galerie, ale jeli jsme na v\u00fdlet na kolech. N\u00e1\u0161 c\u00edl byla <a href=\"https:\/\/www.infopoint.cz\/polsko\/kuchnia-przy-stajni\/\">restaurace u kon\u00ed<\/a>, kterou jsme ji\u017e nav\u0161t\u00edvili <a href=\"https:\/\/www.infopoint.cz\/polsko\/vylet-na-bezkach\/\">v zim\u011b na b\u011b\u017ek\u00e1ch<\/a>.<\/p>\n<p>A jak to dopadlo, uv\u00edd\u00edte z fotografi\u00ed.<\/p>\n<p>&nbsp;<\/p>\n<p><a href=\"https:\/\/www.infopoint.cz\/polsko\/fotogalerie\/rok-2017\/\">M\u016f\u017eete se tak\u00e9 pod\u00edvat na ostatn\u00ed fotografie.<\/a><\/p>\n","protected":false},"excerpt":{"rendered":"<p>Bylo kr\u00e1sn\u00e9 po\u010das\u00ed, tak jsme tentokr\u00e1t ne\u0161li do muzea nebo galerie, ale jeli jsme na v\u00fdlet na kolech. N\u00e1\u0161 c\u00edl byla restaurace u kon\u00ed, kterou jsme ji\u017e nav\u0161t\u00edvili v zim\u011b na b\u011b\u017ek\u00e1ch. A jak to dopadlo, uv\u00edd\u00edte z fotografi\u00ed. &nbsp; M\u016f\u017eete se tak\u00e9 pod\u00edvat na ostatn\u00ed fotografie.<\/p>\n","protected":false},"author":2,"featured_media":0,"comment_status":"open","ping_status":"closed","sticky":false,"template":"","format":"standard","meta":{"ngg_post_thumbnail":0,"footnotes":""},"categories":[2],"tags":[],"class_list":["post-3428","post","type-post","status-publish","format-standard","hentry","category-kulturni-ctvrtky"],"_links":{"self":[{"href":"https:\/\/www.infopoint.cz\/polsko\/wp-json\/wp\/v2\/posts\/3428","targetHints":{"allow":["GET"]}}],"collection":[{"href":"https:\/\/www.infopoint.cz\/polsko\/wp-json\/wp\/v2\/posts"}],"about":[{"href":"https:\/\/www.infopoint.cz\/polsko\/wp-json\/wp\/v2\/types\/post"}],"author":[{"embeddable":true,"href":"https:\/\/www.infopoint.cz\/polsko\/wp-json\/wp\/v2\/users\/2"}],"replies":[{"embeddable":true,"href":"https:\/\/www.infopoint.cz\/polsko\/wp-json\/wp\/v2\/comments?post=3428"}],"version-history":[{"count":6,"href":"https:\/\/www.infopoint.cz\/polsko\/wp-json\/wp\/v2\/posts\/3428\/revisions"}],"predecessor-version":[{"id":3437,"href":"https:\/\/www.infopoint.cz\/polsko\/wp-json\/wp\/v2\/posts\/3428\/revisions\/3437"}],"wp:attachment":[{"href":"https:\/\/www.infopoint.cz\/polsko\/wp-json\/wp\/v2\/media?parent=3428"}],"wp:term":[{"taxonomy":"category","embeddable":true,"href":"https:\/\/www.infopoint.cz\/polsko\/wp-json\/wp\/v2\/categories?post=3428"},{"taxonomy":"post_tag","embeddable":true,"href":"https:\/\/www.infopoint.cz\/polsko\/wp-json\/wp\/v2\/tags?post=3428"}],"curies":[{"name":"wp","href":"https:\/\/api.w.org\/{rel}","templated":true}]}}