{"id":3474,"date":"2017-04-28T19:22:05","date_gmt":"2017-04-28T17:22:05","guid":{"rendered":"http:\/\/www.infopoint.cz\/polsko\/?p=3474"},"modified":"2017-05-26T20:45:09","modified_gmt":"2017-05-26T18:45:09","slug":"3474-2","status":"publish","type":"post","link":"https:\/\/www.infopoint.cz\/polsko\/3474-2\/","title":{"rendered":"Osada Przyja\u017a\u0144"},"content":{"rendered":"<p>A&nbsp;bol tu \u010fal\u0161\u00ed \u0161tvrtok. V\u00fdnimo\u010dn\u00fd t\u00fdm, \u017ee sme oslavovali \u010fal\u0161ie narodeniny. Nie my v\u0161etci, ale Helenka, <a class=\"ngg-fancybox\" title=\" \" href=\"https:\/\/www.infopoint.cz\/polsko\/wp-content\/uploads\/sites\/22\/nggallery\/osada-przyjazn\/IMG_20170427_092934989.jpg\" data-image-id=\"895\" data-src=\"https:\/\/www.infopoint.cz\/polsko\/wp-content\/uploads\/sites\/22\/nggallery\/osada-przyjazn\/IMG_20170427_092934989.jpg\" data-thumbnail=\"https:\/\/www.infopoint.cz\/polsko\/wp-content\/uploads\/sites\/22\/nggallery\/osada-przyjazn\/thumbs\/thumbs_IMG_20170427_092934989.jpg\" data-title=\"IMG_20170427_092934989\" data-description=\" \"><img decoding=\"async\" class=\"ngg-singlepic ngg-left alignleft\" src=\"https:\/\/www.infopoint.cz\/polsko\/wp-content\/uploads\/sites\/22\/nggallery\/osada-przyjazn\/thumbs\/thumbs_IMG_20170427_092934989.jpg\" alt=\"IMG_20170427_092934989\"><\/a>ktorej je vlastne 16 rokov.&nbsp;<\/p>\n<p>Kr\u00e1sny vek, \u010do poviete? St\u00f4l bol prestret\u00fd ako v\u017edy a&nbsp;sama osl\u00e1venky\u0148a priniesla vynikaj\u00facu makov\u00fa b\u00e1bovku, ktorej sme sa mohli najes\u0165 do s\u00fdtosti, nako\u013eko bola di\u00e9tna!!!!!<\/p>\n<p>Po v\u00fddatn\u00fdch ra\u0148ajk\u00e1ch sme sa vybrali na v\u00fdlet. Tento kr\u00e1t za da\u017ediv\u00e9ho po\u010dasia, ale zato v&nbsp;dobrej n\u00e1lade, sme nav\u0161t\u00edvili osadu Przyja\u017a\u0144. Spom\u00ednan\u00e1 osada bola postaven\u00e1 v&nbsp;roku 1952 kv\u00f4li pr\u00edchodu sovietskych pracovn\u00edkov do Var\u0161avy. V\u0161etci sa z\u00fa\u010dast\u0148ovali prac na v\u00fdstavbe Pal\u00e1ca Kult\u00fary vo Var\u0161ave. Osada bola obkolesen\u00e1 ostnat\u00fdm dr\u00f4tom a&nbsp;br\u00e1ny boli str\u00e1\u017een\u00e9. Nach\u00e1dzali sa tu dva druhy domov a&nbsp;to: kas\u00e1rne&nbsp; pre sovietskych robotn\u00edkov a&nbsp;taktie\u017e domky jednorodinn\u00e9 pre vzdelan\u00fdch \u013eud\u00ed.<a class=\"ngg-fancybox\" title=\" \" href=\"https:\/\/www.infopoint.cz\/polsko\/wp-content\/uploads\/sites\/22\/nggallery\/osada-przyjazn\/IMG_20170427_113753835_HDR.jpg\" data-image-id=\"907\" data-src=\"https:\/\/www.infopoint.cz\/polsko\/wp-content\/uploads\/sites\/22\/nggallery\/osada-przyjazn\/IMG_20170427_113753835_HDR.jpg\" data-thumbnail=\"https:\/\/www.infopoint.cz\/polsko\/wp-content\/uploads\/sites\/22\/nggallery\/osada-przyjazn\/thumbs\/thumbs_IMG_20170427_113753835_HDR.jpg\" data-title=\"IMG_20170427_113753835_HDR\" data-description=\" \"><img decoding=\"async\" class=\"ngg-singlepic ngg-right alignright\" src=\"https:\/\/www.infopoint.cz\/polsko\/wp-content\/uploads\/sites\/22\/nggallery\/osada-przyjazn\/thumbs\/thumbs_IMG_20170427_113753835_HDR.jpg\" alt=\"IMG_20170427_113753835_HDR\"><\/a><\/p>\n<p>Priamo v&nbsp;osade bola kotol\u0148a, ve\u013ek\u00e1 jed\u00e1le\u0148, dom kult\u00fary, tenisov\u00e9 ihrisko, obchod. Taktie\u017e mali vlastn\u00e9 kino, ako n\u00e1s osobne informoval mil\u00fd p\u00e1n &#8211; pam\u00e4tn\u00edk. Po ukon\u010den\u00ed pr\u00e1c na Pal\u00e1ci kult\u00fary v&nbsp;roku 1955 pre\u0161la osada pod spr\u00e1vu var\u0161avskej univerzity.<\/p>\n<p><a class=\"ngg-fancybox\" title=\" \" href=\"https:\/\/www.infopoint.cz\/polsko\/wp-content\/uploads\/sites\/22\/nggallery\/osada-przyjazn\/IMG_20170427_114840659.jpg\" data-image-id=\"910\" data-src=\"https:\/\/www.infopoint.cz\/polsko\/wp-content\/uploads\/sites\/22\/nggallery\/osada-przyjazn\/IMG_20170427_114840659.jpg\" data-thumbnail=\"https:\/\/www.infopoint.cz\/polsko\/wp-content\/uploads\/sites\/22\/nggallery\/osada-przyjazn\/thumbs\/thumbs_IMG_20170427_114840659.jpg\" data-title=\"IMG_20170427_114840659\" data-description=\" \"><img decoding=\"async\" class=\"ngg-singlepic ngg-left alignleft\" src=\"https:\/\/www.infopoint.cz\/polsko\/wp-content\/uploads\/sites\/22\/nggallery\/osada-przyjazn\/thumbs\/thumbs_IMG_20170427_114840659.jpg\" alt=\"IMG_20170427_114840659\"><\/a>V&nbsp;s\u00fa\u010dasnosti v&nbsp;robotn\u00edckych dom\u010dekoch, v&nbsp;ktor\u00fdch sa nach\u00e1dza 15 izieb dvojposte\u013eov\u00fdch a&nbsp;2 jednoposte\u013eov\u00e9, b\u00fdvaj\u00fa \u0161tudenti. No niektor\u00e9 domy vlastnia s\u00fakromn\u00e9 osoby. Jednorodinn\u00e9 domky, v&nbsp;ktor\u00fdch v&nbsp;tom \u010dase b\u00fdvali vzdelan\u00ed \u013eudia, s\u00fa ve\u013emi udr\u017eiavan\u00e9. Maj\u00fa kr\u00e1sne z\u00e1hradky, \u00fazke chodn\u00ed\u010dky medzi jednotliv\u00fdmi dom\u010dekmi, no n\u00e1dhera.<\/p>\n<p>&nbsp;V&nbsp;osade je zriaden\u00e1 taktie\u017e vlastn\u00e1 kni\u017enica i klub mami\u010diek. Cel\u00e1 osada je uprostred kr\u00e1snej zelene.<\/p>\n<p>Pokro\u010dil\u00fd \u010das n\u00e1s znovu za\u010dal tla\u010di\u0165, tak sme sa vybrali do \u00fa\u017easnej re\u0161taur\u00e1cie s&nbsp;vin\u00e1r\u0148ou. Jedlo bolo<a class=\"ngg-fancybox\" title=\" \" href=\"https:\/\/www.infopoint.cz\/polsko\/wp-content\/uploads\/sites\/22\/nggallery\/osada-przyjazn\/IMG_20170427_134439617.jpg\" data-image-id=\"946\" data-src=\"https:\/\/www.infopoint.cz\/polsko\/wp-content\/uploads\/sites\/22\/nggallery\/osada-przyjazn\/IMG_20170427_134439617.jpg\" data-thumbnail=\"https:\/\/www.infopoint.cz\/polsko\/wp-content\/uploads\/sites\/22\/nggallery\/osada-przyjazn\/thumbs\/thumbs_IMG_20170427_134439617.jpg\" data-title=\"IMG_20170427_134439617\" data-description=\" \"><img decoding=\"async\" class=\"ngg-singlepic ngg-right alignright\" src=\"https:\/\/www.infopoint.cz\/polsko\/wp-content\/uploads\/sites\/22\/nggallery\/osada-przyjazn\/thumbs\/thumbs_IMG_20170427_134439617.jpg\" alt=\"IMG_20170427_134439617\"><\/a> fantastick\u00e9, ka\u017ed\u00e1 z&nbsp;n\u00e1s mala ur\u010dite \u201eneb\u00ed\u010dko v&nbsp;papu\u013eke\u201c.&nbsp; A&nbsp;ke\u010f\u017ee sa n\u00e1m r\u00e1no m\u00e1lilo sladk\u00e9ho, tak sme si aj po v\u00fddatnom obede dali kol\u00e1\u010dik.&nbsp; S&nbsp;\u00fasmevom na tv\u00e1ri sme odch\u00e1dzali do \u0161koly vyzdvihn\u00fa\u0165 na\u0161e ratolesti.<\/p>\n<div>Napsala pro <a href=\"https:\/\/www.infopoint.cz\/polsko\/category\/kulturni-ctvrtky\/\">kulturn\u00ed \u010dtvrtek<\/a> 27.04.2017: Maria<\/div>\n<div>&nbsp;<\/div>\n<div><a href=\"https:\/\/www.infopoint.cz\/polsko\/fotogalerie\/rok-2017\/\">M\u016f\u017eete se tak\u00e9 pod\u00edvat na ostatn\u00ed fotografie.<\/a><\/div>\n","protected":false},"excerpt":{"rendered":"<p>A&nbsp;bol tu \u010fal\u0161\u00ed \u0161tvrtok. V\u00fdnimo\u010dn\u00fd t\u00fdm, \u017ee sme oslavovali \u010fal\u0161ie narodeniny. Nie my v\u0161etci, ale Helenka, ktorej je vlastne 16 rokov.&nbsp; Kr\u00e1sny vek, \u010do poviete? St\u00f4l bol prestret\u00fd ako v\u017edy a&nbsp;sama osl\u00e1venky\u0148a priniesla vynikaj\u00facu makov\u00fa b\u00e1bovku, ktorej sme sa mohli najes\u0165 do s\u00fdtosti, nako\u013eko bola di\u00e9tna!!!!! Po v\u00fddatn\u00fdch ra\u0148ajk\u00e1ch sme sa vybrali na v\u00fdlet. Tento [&hellip;]<\/p>\n","protected":false},"author":2,"featured_media":0,"comment_status":"open","ping_status":"closed","sticky":false,"template":"","format":"standard","meta":{"ngg_post_thumbnail":0,"footnotes":""},"categories":[2],"tags":[],"class_list":["post-3474","post","type-post","status-publish","format-standard","hentry","category-kulturni-ctvrtky"],"_links":{"self":[{"href":"https:\/\/www.infopoint.cz\/polsko\/wp-json\/wp\/v2\/posts\/3474","targetHints":{"allow":["GET"]}}],"collection":[{"href":"https:\/\/www.infopoint.cz\/polsko\/wp-json\/wp\/v2\/posts"}],"about":[{"href":"https:\/\/www.infopoint.cz\/polsko\/wp-json\/wp\/v2\/types\/post"}],"author":[{"embeddable":true,"href":"https:\/\/www.infopoint.cz\/polsko\/wp-json\/wp\/v2\/users\/2"}],"replies":[{"embeddable":true,"href":"https:\/\/www.infopoint.cz\/polsko\/wp-json\/wp\/v2\/comments?post=3474"}],"version-history":[{"count":4,"href":"https:\/\/www.infopoint.cz\/polsko\/wp-json\/wp\/v2\/posts\/3474\/revisions"}],"predecessor-version":[{"id":3478,"href":"https:\/\/www.infopoint.cz\/polsko\/wp-json\/wp\/v2\/posts\/3474\/revisions\/3478"}],"wp:attachment":[{"href":"https:\/\/www.infopoint.cz\/polsko\/wp-json\/wp\/v2\/media?parent=3474"}],"wp:term":[{"taxonomy":"category","embeddable":true,"href":"https:\/\/www.infopoint.cz\/polsko\/wp-json\/wp\/v2\/categories?post=3474"},{"taxonomy":"post_tag","embeddable":true,"href":"https:\/\/www.infopoint.cz\/polsko\/wp-json\/wp\/v2\/tags?post=3474"}],"curies":[{"name":"wp","href":"https:\/\/api.w.org\/{rel}","templated":true}]}}