{"id":3590,"date":"2017-06-13T11:02:13","date_gmt":"2017-06-13T09:02:13","guid":{"rendered":"http:\/\/www.infopoint.cz\/polsko\/?p=3590"},"modified":"2017-06-13T13:31:07","modified_gmt":"2017-06-13T11:31:07","slug":"kulturni-ctvrtek-1-6-2017-aneb-slavime-mezinarodni-den-deti","status":"publish","type":"post","link":"https:\/\/www.infopoint.cz\/polsko\/kulturni-ctvrtek-1-6-2017-aneb-slavime-mezinarodni-den-deti\/","title":{"rendered":"Kulturn\u00ed \u010dtvrtek 1.6.2017 aneb slav\u00edme Mezin\u00e1rodn\u00ed den d\u011bt\u00ed"},"content":{"rendered":"<p>Sraz jako obvykle v&nbsp;9:00 u Danu\u0161ky. P\u0159i k\u00e1v\u011b, \u010daji, dobr\u00e9 vod\u011b a drobnostech k&nbsp;zakousnut\u00ed jsme probrali posledn\u00ed z\u00e1\u017eitky, ud\u00e1losti rodinn\u00e9 a cestovatelsk\u00e9. Ale\u0161 se na dal\u0161\u00ed \u010d\u00e1st dne rozlou\u010dil a odlet\u011bl do zem\u011b \u010desk\u00e9 za byznysem. Bohat\u0161\u00ed o v\u00fdbuchy sm\u00edchu a chud\u0161\u00ed o jednoho \u010dlena party jsme sedly na kola a vyrazily sm\u011br <a href=\"http:\/\/www.krolikarnia.mnw.art.pl\/en\/\">Kr\u00f3likarnia<\/a> (Muzeum Rze\u017aby im. Xawerego Dunikowskiego).<\/p>\n<p>P\u0159ed Kr\u00f3likarniou se to hem\u017eilo d\u011btmi, kter\u00e9 dne\u0161n\u00ed den slavily sv\u016fj Mezin\u00e1rodn\u00ed den d\u011bt\u00ed. Vl\u00e1dla tu rozpustil\u00e1, hrav\u00e1 a hlasit\u00e1 n\u00e1lada. Na 11:00 hodinu &nbsp;Danu\u0161ka domluvila pr\u016fvodce, ale po bou\u0159ce vypadl v muzeu centr\u00e1ln\u00ed server a tak nikdo nic nev\u011bd\u011bl, nedohledal a neorganizoval. Nakonec se v\u0161ak na\u0161la mil\u00e1 du\u0161e, kter\u00e1 se n\u00e1s na 45 minut ujala a v&nbsp;rychlej\u0161\u00edm tempu s&nbsp;n\u00e1mi v\u00fdstavu pro\u0161la.<\/p>\n<p><a class=\"ngg-fancybox\" title=\" \" href=\"https:\/\/www.infopoint.cz\/polsko\/wp-content\/uploads\/sites\/22\/nggallery\/kulturni-ctvrtek-1-6-2017-aneb-slavime-mezinarodni-den-deti\/m03.jpg\" data-image-id=\"1059\" data-src=\"https:\/\/www.infopoint.cz\/polsko\/wp-content\/uploads\/sites\/22\/nggallery\/kulturni-ctvrtek-1-6-2017-aneb-slavime-mezinarodni-den-deti\/m03.jpg\" data-thumbnail=\"https:\/\/www.infopoint.cz\/polsko\/wp-content\/uploads\/sites\/22\/nggallery\/kulturni-ctvrtek-1-6-2017-aneb-slavime-mezinarodni-den-deti\/thumbs\/thumbs_m03.jpg\" data-title=\"m03\" data-description=\" \"><img decoding=\"async\" class=\"ngg-singlepic ngg-left alignleft\" src=\"https:\/\/www.infopoint.cz\/polsko\/wp-content\/uploads\/sites\/22\/nggallery\/kulturni-ctvrtek-1-6-2017-aneb-slavime-mezinarodni-den-deti\/thumbs\/thumbs_m03.jpg\" alt=\"m03\"><\/a>V\u00fdstava se naz\u00fdvala <a href=\"http:\/\/www.krolikarnia.mnw.art.pl\/wystawy\/relacja-warszawa-zakopane,186.html\">RELACJA WARSZAWA \u2013 ZAKOPANE<\/a> a vznikla d\u00edky spolupr\u00e1ci dvou muzej\u00ed: Muzea Narodowe w Warszawie a&nbsp;<a href=\"http:\/\/muzeumtatrzanskie.pl\/\">Muzeum Tatrza\u0144skie im. Dra Tytusa Cha\u0142ubi\u0144skiego w Zakopanem<\/a>. Hlavn\u00ed my\u0161lenka byla o \u201espojen\u00ed\u201c dvou m\u011bst \u2013 hlavn\u00edho m\u011bsta Var\u0161avy a m\u011bsta zimn\u00edho, horsk\u00e9ho &#8211; Zakopan\u00e9. Byla v\u00edce m\u00e9n\u011b o tom, jak intelektu\u00e1lov\u00e9 Var\u0161avy odj\u00ed\u017ed\u011bli a pob\u00fdvali v&nbsp; Zakopan\u00e9m. O tom jak toto propojen\u00ed fungovalo v&nbsp;um\u011bn\u00ed, ve v\u011bd\u011b, v&nbsp;turismu i v politice. V&nbsp;prvn\u00edm s\u00e1le u vchodu na n\u00e1s \u010dekala fragment vyobrazen\u00ed \u201ePanorama Tater\u201c je\u017e byl vystavov\u00e1n u\u017e od roku 1896 ve speci\u00e1ln\u011b zbudovan\u00e9 rotund\u011b ve Var\u0161avsk\u00fdch Dynas\u00e1ch. Podle pr\u016fvodkyn\u011b lid\u00e9 ve Var\u0161av\u011b tesknili a teskn\u00ed po hor\u00e1ch a nejv\u00edce pr\u00e1v\u011b po Tatr\u00e1ch. Nyn\u00ed je fragment symbolicky um\u00edst\u011bn v&nbsp;rotund\u011b Kr\u00f3likarnii. Byl tu tak\u00e9 vycpan\u00fd medv\u011bd, miniatura d\u0159ev\u011bn\u00e9 vily \u2013 Willa Koliba. Vila byla postavena roku 1893 a stoj\u00ed v&nbsp;Zakopan\u00e9m dodnes. Byla prvn\u00ed stavbou ve stylu&nbsp; zakopia\u0144skiego. Projektoval ji architekt &nbsp;Witkiewicz. &nbsp;Ve sklen\u011bn\u00fdch vitr\u00ednk\u00e1ch jsme nalezly sb\u00edrku kamen\u016f a mech\u016f doktora Tytusa Cha\u0142ubi\u0144skiego \u2013 \u201eKr\u00f3la Tatr z Mokotowskiej 8\u201d. Podle n\u011bj bylo pojmenov\u00e1no Tatransk\u00e9 muzeum a d\u00edky n\u011bmu se Zakopan\u00e9 stalo klimatick\u00fdm l\u00e1ze\u0148sk\u00fdm m\u011bstem. N\u00e1sleduj\u00edc\u00ed m\u00edstnost byla v\u011bnovan\u00e1 historii m\u011bste\u010dka Zakopan\u00e9. M\u011b zaujala \u010dtve\u0159ice plak\u00e1t\u016f, kter\u00e1 trochu \u00fasm\u011bvn\u011b a citliv\u011b ukazovala, jak bylo m\u00edsto pro r\u016fzn\u00e9 politick\u00e9 obdob\u00ed d\u016fle\u017eit\u00e9. Plak\u00e1t v\u011bnovan\u00fd v\u00fdstavb\u011b lanovky na Kasprov\u00fd Vrch byl chloubou modern\u00ed polsk\u00e9 techniky k&nbsp;rozvoji turistiky, stavba byla dokon\u010dena v&nbsp;roce 1935. Plak\u00e1t z&nbsp;roku 1942 zobrazuje obdob\u00ed nacistick\u00e9 nadvl\u00e1dy, plak\u00e1t z&nbsp;roku 1949 oslavy Stalina a ten z&nbsp;roku 1967 v\u00edt\u00e1 \u00fa\u010dastn\u00edky 12t\u00e9ho v\u00fdro\u010d\u00ed n\u011b\u010deho co jsem voln\u011b p\u0159elo\u017eila jako \u201e V\u00fd\u0161lap stezkami Lenina\u201c. V\u0161echny se v\u00e1\u017e\u00ed k&nbsp;jednomu m\u00edstu a tak lze hmatateln\u011b poc\u00edtit, jak kor\u00e1lky d\u011bjin po sv\u00e9m marketingov\u011b nakl\u00e1daly s&nbsp;horami. Kl\u00ed\u010dov\u00fdm m\u00edstem v&nbsp;historii polsk\u00e9ho socha\u0159stv\u00ed byla Pa\u0144stwowa Szko\u0142a Przemys\u0142u Drzewnego w Zakopanem, pozd\u011bj\u0161\u00ed Liceum Sztuk Plastycznych im. Antoniego Kenara. V&nbsp;dal\u0161\u00edch m\u00edstnostech bylo mo\u017en\u00e9 spat\u0159it d\u0159ev\u011bn\u00e9 plastiky student\u016f t\u00e9to \u0161koly. Na n\u00e1s p\u016fsobily trochu ve stylu art deco. Na\u0161ly jsme tu i hra\u010dky, u\u017eitkov\u00e9 p\u0159edm\u011bty a tkaniny inspirovan\u00e9 \u017eivotem horal\u016f pod Tatrami. Jeden s\u00e1l byl pln\u00fd d\u011bl na hranici psychedelick\u00fdch obraz\u016f a neot\u0159ele n\u00e1m uk\u00e1zala, \u017ee um\u011blci se pod Tatrami odd\u00e1vali v\u0161em mo\u017en\u00fdm kr\u00e1s\u00e1m \u017eivota. Prohl\u00eddku jsme zakon\u010dily vesel\u00fdm focen\u00edm u b\u011blostn\u00fdch soch v&nbsp;chodb\u011b muzea. Zda n\u011bkoho z&nbsp;n\u00e1s v\u00fdstava inspirovala k&nbsp;n\u00e1v\u0161t\u011bv\u011b Zakopan\u00e9ho nev\u00edm. Mohu jen konstatovat, \u017ee na\u0161e rodinn\u00e1 cesta do tohoto m\u00edsta skon\u010dila p\u0159ed 6 lety fiaskem. V&nbsp;letn\u00edch slune\u010dn\u00edch dnech nem\u00e1 smysl se pokou\u0161et parkovat a nedej bo\u017ee cht\u00edt vyjet lanovkou na vrchol hor. Mno\u017estv\u00ed lid\u00ed a dlouh\u00e9 n\u011bkolikahodinov\u00e9 fronty v\u00e1m vezmou chu\u0165 pozn\u00e1vat a <a class=\"ngg-fancybox\" title=\" \" href=\"https:\/\/www.infopoint.cz\/polsko\/wp-content\/uploads\/sites\/22\/nggallery\/kulturni-ctvrtek-1-6-2017-aneb-slavime-mezinarodni-den-deti\/m02.jpg\" data-image-id=\"1058\" data-src=\"https:\/\/www.infopoint.cz\/polsko\/wp-content\/uploads\/sites\/22\/nggallery\/kulturni-ctvrtek-1-6-2017-aneb-slavime-mezinarodni-den-deti\/m02.jpg\" data-thumbnail=\"https:\/\/www.infopoint.cz\/polsko\/wp-content\/uploads\/sites\/22\/nggallery\/kulturni-ctvrtek-1-6-2017-aneb-slavime-mezinarodni-den-deti\/thumbs\/thumbs_m02.jpg\" data-title=\"m02\" data-description=\" \"><img decoding=\"async\" class=\"ngg-singlepic ngg-right alignright\" src=\"https:\/\/www.infopoint.cz\/polsko\/wp-content\/uploads\/sites\/22\/nggallery\/kulturni-ctvrtek-1-6-2017-aneb-slavime-mezinarodni-den-deti\/thumbs\/thumbs_m02.jpg\" alt=\"m02\"><\/a>kochat se. Ale mo\u017en\u00e1 se n\u011bco za t\u011bch 6 let zm\u011bnilo\u2026<\/p>\n<p>Nasedly jsme na kola a vyrazily na ob\u011bd. C\u00edlov\u00fdm m\u00edstem se nakonec stal farm\u00e1\u0159sk\u00fd trh Bazar Olkuska. V&nbsp;n\u011bm jsme na\u0161ly <a href=\"https:\/\/www.infopoint.cz\/polsko\/bistro-olkuska\/\">Bistro Olkuska<\/a>. Na v\u00fdb\u011br z&nbsp;menu dne bylo ku\u0159\u00e1tko pln\u011bn\u00e9 \u0161pen\u00e1tem s&nbsp;nov\u00fdm bramb\u016frkem nebo zape\u010den\u00fd lilek s&nbsp;raj\u010daty. V\u0161e bylo lahodn\u00e9 a n\u011bkter\u00e9 z n\u00e1s si den vylep\u0161ily je\u0161t\u011b sladkou te\u010dkou na oslavu dne d\u011bt\u00ed. Rozlou\u010dily jsme se s&nbsp;Ivanou, kter\u00e1 v&nbsp;l\u00e9t\u011b Polsko a kulturn\u00ed \u010deskou parti\u010dku opou\u0161t\u00ed. Posiln\u011bny a odpo\u010dinuty jsme vyrazily vr\u00e1tit kola a vyzvednout na\u0161e mal\u00e9 &nbsp;oslavence ze \u0161kol. Z&nbsp;na\u0161eho \u00fahlu pohledu se den velice vyda\u0159il. A proto\u017ee, se zde v&nbsp;Polsku p\u0159\u00ed\u0161t\u00ed \u010dtvrtek slav\u00ed Corpus Christi ( st\u00e1tn\u00ed sv\u00e1tek) p\u0159esunuly jsme dal\u0161\u00ed term\u00edn Kulturn\u00edho \u010dtvrtku na pond\u011bl\u00ed 12.6.<\/p>\n<p>Napsala pro <a href=\"https:\/\/www.infopoint.cz\/polsko\/category\/kulturni-ctvrtky\/\">kulturn\u00ed \u010dtvrtek<\/a> 01.06.2017: Hel\u010da<\/p>\n<p><a href=\"https:\/\/www.infopoint.cz\/polsko\/fotogalerie\/rok-2017\/\">M\u016f\u017eete se tak\u00e9 pod\u00edvat na ostatn\u00ed fotografie.<\/a><\/p>\n","protected":false},"excerpt":{"rendered":"<p>Sraz jako obvykle v&nbsp;9:00 u Danu\u0161ky. P\u0159i k\u00e1v\u011b, \u010daji, dobr\u00e9 vod\u011b a drobnostech k&nbsp;zakousnut\u00ed jsme probrali posledn\u00ed z\u00e1\u017eitky, ud\u00e1losti rodinn\u00e9 a cestovatelsk\u00e9. Ale\u0161 se na dal\u0161\u00ed \u010d\u00e1st dne rozlou\u010dil a odlet\u011bl do zem\u011b \u010desk\u00e9 za byznysem. Bohat\u0161\u00ed o v\u00fdbuchy sm\u00edchu a chud\u0161\u00ed o jednoho \u010dlena party jsme sedly na kola a vyrazily sm\u011br Kr\u00f3likarnia (Muzeum [&hellip;]<\/p>\n","protected":false},"author":2,"featured_media":0,"comment_status":"open","ping_status":"closed","sticky":false,"template":"","format":"standard","meta":{"ngg_post_thumbnail":0,"footnotes":""},"categories":[2],"tags":[],"class_list":["post-3590","post","type-post","status-publish","format-standard","hentry","category-kulturni-ctvrtky"],"_links":{"self":[{"href":"https:\/\/www.infopoint.cz\/polsko\/wp-json\/wp\/v2\/posts\/3590","targetHints":{"allow":["GET"]}}],"collection":[{"href":"https:\/\/www.infopoint.cz\/polsko\/wp-json\/wp\/v2\/posts"}],"about":[{"href":"https:\/\/www.infopoint.cz\/polsko\/wp-json\/wp\/v2\/types\/post"}],"author":[{"embeddable":true,"href":"https:\/\/www.infopoint.cz\/polsko\/wp-json\/wp\/v2\/users\/2"}],"replies":[{"embeddable":true,"href":"https:\/\/www.infopoint.cz\/polsko\/wp-json\/wp\/v2\/comments?post=3590"}],"version-history":[{"count":6,"href":"https:\/\/www.infopoint.cz\/polsko\/wp-json\/wp\/v2\/posts\/3590\/revisions"}],"predecessor-version":[{"id":3665,"href":"https:\/\/www.infopoint.cz\/polsko\/wp-json\/wp\/v2\/posts\/3590\/revisions\/3665"}],"wp:attachment":[{"href":"https:\/\/www.infopoint.cz\/polsko\/wp-json\/wp\/v2\/media?parent=3590"}],"wp:term":[{"taxonomy":"category","embeddable":true,"href":"https:\/\/www.infopoint.cz\/polsko\/wp-json\/wp\/v2\/categories?post=3590"},{"taxonomy":"post_tag","embeddable":true,"href":"https:\/\/www.infopoint.cz\/polsko\/wp-json\/wp\/v2\/tags?post=3590"}],"curies":[{"name":"wp","href":"https:\/\/api.w.org\/{rel}","templated":true}]}}