{"id":3672,"date":"2017-06-13T13:30:03","date_gmt":"2017-06-13T11:30:03","guid":{"rendered":"http:\/\/www.infopoint.cz\/polsko\/?p=3672"},"modified":"2017-06-14T08:28:28","modified_gmt":"2017-06-14T06:28:28","slug":"vylet-na-kolech-ii","status":"publish","type":"post","link":"https:\/\/www.infopoint.cz\/polsko\/vylet-na-kolech-ii\/","title":{"rendered":"V\u00fdlet na kolech II"},"content":{"rendered":"<p><a class=\"ngg-fancybox\" title=\" \" href=\"https:\/\/www.infopoint.cz\/polsko\/wp-content\/uploads\/sites\/22\/nggallery\/vylet-na-kolech-ii\/20170608_113418_1.jpg\" data-image-id=\"1063\" data-src=\"https:\/\/www.infopoint.cz\/polsko\/wp-content\/uploads\/sites\/22\/nggallery\/vylet-na-kolech-ii\/20170608_113418_1.jpg\" data-thumbnail=\"https:\/\/www.infopoint.cz\/polsko\/wp-content\/uploads\/sites\/22\/nggallery\/vylet-na-kolech-ii\/thumbs\/thumbs_20170608_113418_1.jpg\" data-title=\"20170608_113418_1\" data-description=\" \"><img decoding=\"async\" class=\"ngg-singlepic ngg-left alignleft\" src=\"https:\/\/www.infopoint.cz\/polsko\/wp-content\/uploads\/sites\/22\/nggallery\/vylet-na-kolech-ii\/thumbs\/thumbs_20170608_113418_1.jpg\" alt=\"20170608_113418_1\"><\/a>Byl zase \u010dtvrtek a k tomu kr\u00e1sn\u00e9 po\u010das\u00ed. Tato kombinace volala po proj\u00ed\u017e\u010fce na kole. Sraz na sn\u00eddani byl v Dunkin&#8216; Donats, zelen\u00fd bod na map\u011b. Potom n\u00e1s \u010dekal p\u0159ejezd na kole po cyklostezce p\u0159es War\u0161awu a zp\u00e1tky. Tak to byl aspo\u0148 pl\u00e1n. A jak to dopadlo? \u010cerven\u00fd bod na map\u011b ukazuje m\u00edsto p\u0159\u00edjezdu. Tady je <a href=\"https:\/\/drive.google.com\/open?id=1b8Yhvd9YaCr-DyhrvOw6RpJzAoI&amp;usp=sharing\">odkaz<\/a> na zobrazen\u00ed na\u0161\u00ed cesty p\u0159es google mapy. M\u016f\u017eete si ji libovoln\u011b zv\u011bt\u0161ovat nebo vytisknout.<\/p>\n<p><a href=\"https:\/\/www.infopoint.cz\/polsko\/fotogalerie\/rok-2017\/\">M\u016f\u017eete se tak\u00e9 pod\u00edvat na ostatn\u00ed fotografie.<\/a><\/p>\n","protected":false},"excerpt":{"rendered":"<p>Byl zase \u010dtvrtek a k tomu kr\u00e1sn\u00e9 po\u010das\u00ed. Tato kombinace volala po proj\u00ed\u017e\u010fce na kole. Sraz na sn\u00eddani byl v Dunkin&#8216; Donats, zelen\u00fd bod na map\u011b. Potom n\u00e1s \u010dekal p\u0159ejezd na kole po cyklostezce p\u0159es War\u0161awu a zp\u00e1tky. Tak to byl aspo\u0148 pl\u00e1n. A jak to dopadlo? \u010cerven\u00fd bod na map\u011b ukazuje m\u00edsto p\u0159\u00edjezdu. Tady [&hellip;]<\/p>\n","protected":false},"author":2,"featured_media":0,"comment_status":"open","ping_status":"closed","sticky":false,"template":"","format":"standard","meta":{"ngg_post_thumbnail":0,"footnotes":""},"categories":[2],"tags":[],"class_list":["post-3672","post","type-post","status-publish","format-standard","hentry","category-kulturni-ctvrtky"],"_links":{"self":[{"href":"https:\/\/www.infopoint.cz\/polsko\/wp-json\/wp\/v2\/posts\/3672","targetHints":{"allow":["GET"]}}],"collection":[{"href":"https:\/\/www.infopoint.cz\/polsko\/wp-json\/wp\/v2\/posts"}],"about":[{"href":"https:\/\/www.infopoint.cz\/polsko\/wp-json\/wp\/v2\/types\/post"}],"author":[{"embeddable":true,"href":"https:\/\/www.infopoint.cz\/polsko\/wp-json\/wp\/v2\/users\/2"}],"replies":[{"embeddable":true,"href":"https:\/\/www.infopoint.cz\/polsko\/wp-json\/wp\/v2\/comments?post=3672"}],"version-history":[{"count":6,"href":"https:\/\/www.infopoint.cz\/polsko\/wp-json\/wp\/v2\/posts\/3672\/revisions"}],"predecessor-version":[{"id":3678,"href":"https:\/\/www.infopoint.cz\/polsko\/wp-json\/wp\/v2\/posts\/3672\/revisions\/3678"}],"wp:attachment":[{"href":"https:\/\/www.infopoint.cz\/polsko\/wp-json\/wp\/v2\/media?parent=3672"}],"wp:term":[{"taxonomy":"category","embeddable":true,"href":"https:\/\/www.infopoint.cz\/polsko\/wp-json\/wp\/v2\/categories?post=3672"},{"taxonomy":"post_tag","embeddable":true,"href":"https:\/\/www.infopoint.cz\/polsko\/wp-json\/wp\/v2\/tags?post=3672"}],"curies":[{"name":"wp","href":"https:\/\/api.w.org\/{rel}","templated":true}]}}