{"id":3680,"date":"2017-06-13T14:39:52","date_gmt":"2017-06-13T12:39:52","guid":{"rendered":"http:\/\/www.infopoint.cz\/polsko\/?p=3680"},"modified":"2017-06-13T15:05:19","modified_gmt":"2017-06-13T13:05:19","slug":"lodky","status":"publish","type":"post","link":"https:\/\/www.infopoint.cz\/polsko\/lodky\/","title":{"rendered":"Lo\u010fky"},"content":{"rendered":"<div><a class=\"ngg-fancybox\" title=\" \" href=\"https:\/\/www.infopoint.cz\/polsko\/wp-content\/uploads\/sites\/22\/nggallery\/lodky-a-zuzka\/m03.jpg\" data-image-id=\"1066\" data-src=\"https:\/\/www.infopoint.cz\/polsko\/wp-content\/uploads\/sites\/22\/nggallery\/lodky-a-zuzka\/m03.jpg\" data-thumbnail=\"https:\/\/www.infopoint.cz\/polsko\/wp-content\/uploads\/sites\/22\/nggallery\/lodky-a-zuzka\/thumbs\/thumbs_m03.jpg\" data-title=\"m03\" data-description=\" \"><img decoding=\"async\" class=\"ngg-singlepic ngg-left alignleft\" src=\"https:\/\/www.infopoint.cz\/polsko\/wp-content\/uploads\/sites\/22\/nggallery\/lodky-a-zuzka\/thumbs\/thumbs_m03.jpg\" alt=\"m03\"><\/a>Zcela v\u00fdj\u00edme\u010dn\u011b byl n\u00e1\u0161 posledn\u00ed &#8222;kulturn\u00ed \u010dtvrtek&#8220; v tomto \u0161koln\u00edm roce v pond\u011bl\u00ed.<\/div>\n<div>Obloha nad Var\u0161avou byla od sam\u00e9ho r\u00e1na zata\u017een\u00e1, dokonce chv\u00edlemi poprch\u00e1valo. N\u00e1\u0161 pl\u00e1n str\u00e1vit p\u0159\u00edjemn\u00e9 dopoledne plaven\u00edm se na lo\u010fk\u00e1ch po Czerniakowsk\u00e9m jez\u00edrku tak byl v jist\u00e9m ohro\u017een\u00ed. Na\u0161t\u011bst\u00ed lo\u010fky byly p\u0159edem zamluven\u00e9 a na\u0161e pokusy o telefonick\u00e9 storno ne\u00fasp\u011b\u0161n\u00e9.<a class=\"ngg-fancybox\" title=\" \" href=\"https:\/\/www.infopoint.cz\/polsko\/wp-content\/uploads\/sites\/22\/nggallery\/lodky-a-zuzka\/m08.jpg\" data-image-id=\"1069\" data-src=\"https:\/\/www.infopoint.cz\/polsko\/wp-content\/uploads\/sites\/22\/nggallery\/lodky-a-zuzka\/m08.jpg\" data-thumbnail=\"https:\/\/www.infopoint.cz\/polsko\/wp-content\/uploads\/sites\/22\/nggallery\/lodky-a-zuzka\/thumbs\/thumbs_m08.jpg\" data-title=\"m08\" data-description=\" \"><img decoding=\"async\" class=\"ngg-singlepic ngg-right alignright\" src=\"https:\/\/www.infopoint.cz\/polsko\/wp-content\/uploads\/sites\/22\/nggallery\/lodky-a-zuzka\/thumbs\/thumbs_m08.jpg\" alt=\"m08\"><\/a><\/div>\n<div>&nbsp;<\/div>\n<div>Po p\u0159\u00edjezdu na m\u00edsto vypukla bou\u0159liv\u00e1 debata, zda si n\u00e1s sedm pronajme lo\u010fky dv\u011b, t\u0159i, \u010dty\u0159i nebo snad rad\u011bji pro ka\u017ed\u00e9ho jednu? Po re\u00e1ln\u00e9 a st\u0159\u00edzliv\u00e9 \u00favaze, \u017ee dv\u011b lo\u010fky by mohly znamenat krom\u011b plavby i koup\u00e1n\u00ed a sedm lod\u011bk by mohlo znamenat celodenn\u00ed p\u00e1tr\u00e1n\u00ed, zv\u00edt\u011bzily lo\u010fky t\u0159i.<\/div>\n<div>&nbsp;<\/div>\n<div>Voda kr\u00e1sn\u011b \u0161plouchala, hladina byla pln\u00e1 \u017elut\u00fdch stul\u00edk\u016f, ve vod\u011b plavaly kachny a nad n\u00e1mi poletovalo r\u016fzn\u00e9 ptactvo. Dokonce v\u011bt\u0161ina z n\u00e1s spat\u0159ila i plavaj\u00edc\u00ed u\u017eovku. Kdo by \u0159ekl, \u017ee jsme uprost\u0159ed hlavn\u00edho m\u011bsta?<\/div>\n<div>&nbsp;<\/div>\n<div><a class=\"ngg-fancybox\" title=\" \" href=\"https:\/\/www.infopoint.cz\/polsko\/wp-content\/uploads\/sites\/22\/nggallery\/lodky-a-zuzka\/m31.jpg\" data-image-id=\"1086\" data-src=\"https:\/\/www.infopoint.cz\/polsko\/wp-content\/uploads\/sites\/22\/nggallery\/lodky-a-zuzka\/m31.jpg\" data-thumbnail=\"https:\/\/www.infopoint.cz\/polsko\/wp-content\/uploads\/sites\/22\/nggallery\/lodky-a-zuzka\/thumbs\/thumbs_m31.jpg\" data-title=\"m31\" data-description=\" \"><img decoding=\"async\" class=\"ngg-singlepic ngg-left alignleft\" src=\"https:\/\/www.infopoint.cz\/polsko\/wp-content\/uploads\/sites\/22\/nggallery\/lodky-a-zuzka\/thumbs\/thumbs_m31.jpg\" alt=\"m31\"><\/a>P\u0159\u00edjemnou te\u010dkou byl v\u00fdborn\u00fd ob\u011bd v ji\u017e n\u011bkolikr\u00e1t prov\u011b\u0159en\u00e9m Caf\u00e9 Nabo. Tou m\u00e9n\u011b p\u0159\u00edjemnou \u010d\u00e1st\u00ed bylo rozlou\u010den\u00ed s na\u0161\u00ed milou Zuzkou a Ivanou, kter\u00e9 poputuj\u00ed op\u011bt o kousek d\u00e1l.&nbsp;T\u00edmto jim v\u0161ichni je\u0161t\u011b jednou p\u0159ejeme, aby se na nov\u00fdch m\u00edstech brzy c\u00edtily alespo\u0148 tak hezky, jako s n\u00e1mi ve Var\u0161av\u011b. Tak tedy d\u011bv\u010data, &#8222;au revoir&#8220; a &#8222;viszontl\u00e1t\u00e1sra&#8220;. V\u0161em V\u00e1m p\u0159eji l\u00e9to pln\u00e9 kr\u00e1sn\u00fdch z\u00e1\u017eitk\u016f a dobrodru\u017estv\u00ed. Na vid\u011bnou v z\u00e1\u0159\u00ed.&nbsp;<\/div>\n<div>&nbsp;<\/div>\n<div>\n<p>Napsala pro <a href=\"https:\/\/www.infopoint.cz\/polsko\/category\/kulturni-ctvrtky\/\">kulturn\u00ed \u010dtvrtek<\/a> 12.06.2017: Margita<\/p>\n<p><a href=\"https:\/\/www.infopoint.cz\/polsko\/fotogalerie\/rok-2017\/\">M\u016f\u017eete se tak\u00e9 pod\u00edvat na ostatn\u00ed fotografie.<\/a><\/p>\n<\/div>\n","protected":false},"excerpt":{"rendered":"<p>Zcela v\u00fdj\u00edme\u010dn\u011b byl n\u00e1\u0161 posledn\u00ed &#8222;kulturn\u00ed \u010dtvrtek&#8220; v tomto \u0161koln\u00edm roce v pond\u011bl\u00ed. Obloha nad Var\u0161avou byla od sam\u00e9ho r\u00e1na zata\u017een\u00e1, dokonce chv\u00edlemi poprch\u00e1valo. N\u00e1\u0161 pl\u00e1n str\u00e1vit p\u0159\u00edjemn\u00e9 dopoledne plaven\u00edm se na lo\u010fk\u00e1ch po Czerniakowsk\u00e9m jez\u00edrku tak byl v jist\u00e9m ohro\u017een\u00ed. Na\u0161t\u011bst\u00ed lo\u010fky byly p\u0159edem zamluven\u00e9 a na\u0161e pokusy o telefonick\u00e9 storno ne\u00fasp\u011b\u0161n\u00e9. &nbsp; Po [&hellip;]<\/p>\n","protected":false},"author":2,"featured_media":0,"comment_status":"open","ping_status":"closed","sticky":false,"template":"","format":"standard","meta":{"ngg_post_thumbnail":0,"footnotes":""},"categories":[2],"tags":[],"class_list":["post-3680","post","type-post","status-publish","format-standard","hentry","category-kulturni-ctvrtky"],"_links":{"self":[{"href":"https:\/\/www.infopoint.cz\/polsko\/wp-json\/wp\/v2\/posts\/3680","targetHints":{"allow":["GET"]}}],"collection":[{"href":"https:\/\/www.infopoint.cz\/polsko\/wp-json\/wp\/v2\/posts"}],"about":[{"href":"https:\/\/www.infopoint.cz\/polsko\/wp-json\/wp\/v2\/types\/post"}],"author":[{"embeddable":true,"href":"https:\/\/www.infopoint.cz\/polsko\/wp-json\/wp\/v2\/users\/2"}],"replies":[{"embeddable":true,"href":"https:\/\/www.infopoint.cz\/polsko\/wp-json\/wp\/v2\/comments?post=3680"}],"version-history":[{"count":5,"href":"https:\/\/www.infopoint.cz\/polsko\/wp-json\/wp\/v2\/posts\/3680\/revisions"}],"predecessor-version":[{"id":3745,"href":"https:\/\/www.infopoint.cz\/polsko\/wp-json\/wp\/v2\/posts\/3680\/revisions\/3745"}],"wp:attachment":[{"href":"https:\/\/www.infopoint.cz\/polsko\/wp-json\/wp\/v2\/media?parent=3680"}],"wp:term":[{"taxonomy":"category","embeddable":true,"href":"https:\/\/www.infopoint.cz\/polsko\/wp-json\/wp\/v2\/categories?post=3680"},{"taxonomy":"post_tag","embeddable":true,"href":"https:\/\/www.infopoint.cz\/polsko\/wp-json\/wp\/v2\/tags?post=3680"}],"curies":[{"name":"wp","href":"https:\/\/api.w.org\/{rel}","templated":true}]}}