{"id":3749,"date":"2017-06-13T15:41:11","date_gmt":"2017-06-13T13:41:11","guid":{"rendered":"http:\/\/www.infopoint.cz\/polsko\/?p=3749"},"modified":"2017-06-13T15:41:11","modified_gmt":"2017-06-13T13:41:11","slug":"bibrzanski-park-narodowy","status":"publish","type":"post","link":"https:\/\/www.infopoint.cz\/polsko\/bibrzanski-park-narodowy\/","title":{"rendered":"Bibrzanski park narodowy"},"content":{"rendered":"<div id=\":140\" class=\"a3s aXjCH m15ca0f9fac68f07c\">\n<div>\n<div>Ahojky parti\u010dko,<\/div>\n<div>&nbsp;<\/div>\n<div>sl\u00edbila jsem V\u00e1m kontakt na prima ubytov\u00e1n\u00ed v n\u00e1rodn\u00edm parku \u0159eky Biebrzy.<\/div>\n<div>&nbsp;<\/div>\n<div><a href=\"http:\/\/www.hamulka.pl\/kontakt_i_rezerwacje_hamulka.html\" target=\"_blank\" rel=\"noopener noreferrer\" data-saferedirecturl=\"https:\/\/www.google.com\/url?hl=cs&amp;q=http:\/\/www.hamulka.pl\/kontakt_i_rezerwacje_hamulka.html&amp;source=gmail&amp;ust=1497447533914000&amp;usg=AFQjCNEvUcDGDk-GDYRFVaxzuiwa6U37WA\">http:\/\/www.hamulka.pl\/kontakt_<wbr>i_rezerwacje_hamulka.html<\/a><\/div>\n<div>&nbsp;<\/div>\n<div>N\u00e1m se tam moc l\u00edbilo, mlad\u00e1 pan\u00ed n\u00e1s v \u00fasm\u011bvu p\u0159iv\u00e1tala, v\u00fdborn\u011b va\u0159ila, v dome\u010dku bylo \u010disto. Velk\u00e9 ohni\u0161t\u011b, plochy na hran\u00ed a odpo\u010dinek. M\u016f\u017eete si u nich p\u0159\u00edmo objednat p\u016fj\u010den\u00ed kajak\u016f \u010di poj\u00edzdn\u00e9ho voru (tratwa). kajaky i tratwy v\u00e1m za mal\u00fd poplatek dovezou a\u017e k \u0159ece, porad\u00ed trasu. Kdyby jste n\u011bkdo cht\u011bli v\u00edce informac\u00ed, zavolejte mi, r\u00e1da zodpov\u00edm. My bydleli v dome\u010dku 5 osobowem.&nbsp;<\/div>\n<div>&nbsp;<\/div>\n<div>Kr\u00e1sn\u00e9 pr\u00e1zdniny p\u0159eji<\/div>\n<div>Hel\u010da<\/div>\n<\/div>\n<\/div>\n","protected":false},"excerpt":{"rendered":"<p>Ahojky parti\u010dko, &nbsp; sl\u00edbila jsem V\u00e1m kontakt na prima ubytov\u00e1n\u00ed v n\u00e1rodn\u00edm parku \u0159eky Biebrzy. &nbsp; http:\/\/www.hamulka.pl\/kontakt_i_rezerwacje_hamulka.html &nbsp; N\u00e1m se tam moc l\u00edbilo, mlad\u00e1 pan\u00ed n\u00e1s v \u00fasm\u011bvu p\u0159iv\u00e1tala, v\u00fdborn\u011b va\u0159ila, v dome\u010dku bylo \u010disto. Velk\u00e9 ohni\u0161t\u011b, plochy na hran\u00ed a odpo\u010dinek. M\u016f\u017eete si u nich p\u0159\u00edmo objednat p\u016fj\u010den\u00ed kajak\u016f \u010di poj\u00edzdn\u00e9ho voru (tratwa). kajaky [&hellip;]<\/p>\n","protected":false},"author":2,"featured_media":0,"comment_status":"open","ping_status":"closed","sticky":false,"template":"","format":"standard","meta":{"ngg_post_thumbnail":0,"footnotes":""},"categories":[20],"tags":[],"class_list":["post-3749","post","type-post","status-publish","format-standard","hentry","category-tipy"],"_links":{"self":[{"href":"https:\/\/www.infopoint.cz\/polsko\/wp-json\/wp\/v2\/posts\/3749","targetHints":{"allow":["GET"]}}],"collection":[{"href":"https:\/\/www.infopoint.cz\/polsko\/wp-json\/wp\/v2\/posts"}],"about":[{"href":"https:\/\/www.infopoint.cz\/polsko\/wp-json\/wp\/v2\/types\/post"}],"author":[{"embeddable":true,"href":"https:\/\/www.infopoint.cz\/polsko\/wp-json\/wp\/v2\/users\/2"}],"replies":[{"embeddable":true,"href":"https:\/\/www.infopoint.cz\/polsko\/wp-json\/wp\/v2\/comments?post=3749"}],"version-history":[{"count":1,"href":"https:\/\/www.infopoint.cz\/polsko\/wp-json\/wp\/v2\/posts\/3749\/revisions"}],"predecessor-version":[{"id":3750,"href":"https:\/\/www.infopoint.cz\/polsko\/wp-json\/wp\/v2\/posts\/3749\/revisions\/3750"}],"wp:attachment":[{"href":"https:\/\/www.infopoint.cz\/polsko\/wp-json\/wp\/v2\/media?parent=3749"}],"wp:term":[{"taxonomy":"category","embeddable":true,"href":"https:\/\/www.infopoint.cz\/polsko\/wp-json\/wp\/v2\/categories?post=3749"},{"taxonomy":"post_tag","embeddable":true,"href":"https:\/\/www.infopoint.cz\/polsko\/wp-json\/wp\/v2\/tags?post=3749"}],"curies":[{"name":"wp","href":"https:\/\/api.w.org\/{rel}","templated":true}]}}