{"id":3759,"date":"2017-07-25T11:02:18","date_gmt":"2017-07-25T09:02:18","guid":{"rendered":"http:\/\/www.infopoint.cz\/polsko\/?p=3759"},"modified":"2017-07-25T11:02:18","modified_gmt":"2017-07-25T09:02:18","slug":"polaci-razantne-uctuji-se-zlocinnym-komunistickym-rezimem","status":"publish","type":"post","link":"https:\/\/www.infopoint.cz\/polsko\/polaci-razantne-uctuji-se-zlocinnym-komunistickym-rezimem\/","title":{"rendered":"Pol\u00e1ci razantn\u011b \u00fa\u010dtuj\u00ed se zlo\u010dinn\u00fdm komunistick\u00fdm re\u017eimem"},"content":{"rendered":"<blockquote><p>M\u016f\u017ee to b\u00fdt vzor i pro n\u00e1s. Jak uvedl denik.cz polsk\u00fd prezident Andrzej popsal zm\u011bny v z\u00e1kon\u011b o propagaci komunismu, kter\u00e9 umo\u017e\u0148uj\u00ed likvidovat jeho symboly. T\u00fdk\u00e1 se to i pam\u00e1tn\u00edk\u016f Rud\u00e9 arm\u00e1dy.<\/p><\/blockquote>\n<p>Zdroj: <a href=\"http:\/\/ziegler.blog.idnes.cz\/blog.aspx?c=614723\">http:\/\/ziegler.blog.idnes.cz\/blog.aspx?c=614723<\/a><\/p>\n<p>&nbsp;<\/p>\n","protected":false},"excerpt":{"rendered":"<p>M\u016f\u017ee to b\u00fdt vzor i pro n\u00e1s. Jak uvedl denik.cz polsk\u00fd prezident Andrzej popsal zm\u011bny v z\u00e1kon\u011b o propagaci komunismu, kter\u00e9 umo\u017e\u0148uj\u00ed likvidovat jeho symboly. T\u00fdk\u00e1 se to i pam\u00e1tn\u00edk\u016f Rud\u00e9 arm\u00e1dy. Zdroj: http:\/\/ziegler.blog.idnes.cz\/blog.aspx?c=614723 &nbsp;<\/p>\n","protected":false},"author":2,"featured_media":0,"comment_status":"open","ping_status":"closed","sticky":false,"template":"","format":"standard","meta":{"ngg_post_thumbnail":0,"footnotes":""},"categories":[24],"tags":[],"class_list":["post-3759","post","type-post","status-publish","format-standard","hentry","category-zajimavosti"],"_links":{"self":[{"href":"https:\/\/www.infopoint.cz\/polsko\/wp-json\/wp\/v2\/posts\/3759","targetHints":{"allow":["GET"]}}],"collection":[{"href":"https:\/\/www.infopoint.cz\/polsko\/wp-json\/wp\/v2\/posts"}],"about":[{"href":"https:\/\/www.infopoint.cz\/polsko\/wp-json\/wp\/v2\/types\/post"}],"author":[{"embeddable":true,"href":"https:\/\/www.infopoint.cz\/polsko\/wp-json\/wp\/v2\/users\/2"}],"replies":[{"embeddable":true,"href":"https:\/\/www.infopoint.cz\/polsko\/wp-json\/wp\/v2\/comments?post=3759"}],"version-history":[{"count":1,"href":"https:\/\/www.infopoint.cz\/polsko\/wp-json\/wp\/v2\/posts\/3759\/revisions"}],"predecessor-version":[{"id":3760,"href":"https:\/\/www.infopoint.cz\/polsko\/wp-json\/wp\/v2\/posts\/3759\/revisions\/3760"}],"wp:attachment":[{"href":"https:\/\/www.infopoint.cz\/polsko\/wp-json\/wp\/v2\/media?parent=3759"}],"wp:term":[{"taxonomy":"category","embeddable":true,"href":"https:\/\/www.infopoint.cz\/polsko\/wp-json\/wp\/v2\/categories?post=3759"},{"taxonomy":"post_tag","embeddable":true,"href":"https:\/\/www.infopoint.cz\/polsko\/wp-json\/wp\/v2\/tags?post=3759"}],"curies":[{"name":"wp","href":"https:\/\/api.w.org\/{rel}","templated":true}]}}