{"id":3889,"date":"2017-09-21T15:21:31","date_gmt":"2017-09-21T13:21:31","guid":{"rendered":"http:\/\/www.infopoint.cz\/polsko\/?p=3889"},"modified":"2017-09-21T16:34:58","modified_gmt":"2017-09-21T14:34:58","slug":"skaryszewski-park-na-kolech","status":"publish","type":"post","link":"https:\/\/www.infopoint.cz\/polsko\/skaryszewski-park-na-kolech\/","title":{"rendered":"Skaryszewski park na kolech"},"content":{"rendered":"<p>Tentokr\u00e1t n\u00e1m po\u010das\u00ed p\u0159\u00e1lo a po ob\u010derstven\u00ed na Truskawieck\u00e9, Margitka pekla :-), jsme vyrazili auty k N\u00e1rodn\u00edmu stadionu, kde na n\u00e1s ji\u017e netrp\u011bliv\u011b \u010dekala kola! (<a href=\"https:\/\/www.infopoint.cz\/polsko\/wp-content\/uploads\/sites\/22\/nggallery\/skaryszewski-park-na-kolech\/Garmin-Connect.png\">mapa<\/a>) Po lehk\u00fdch nesn\u00e1z\u00edch s p\u016fj\u010den\u00edm, dlouho jsme nep\u016fj\u010dovali a trochu jsme asi vy\u0161li ze cviku:-), jsme mohli vyrazit za pozn\u00e1n\u00edm <a href=\"http:\/\/www.pragapld.waw.pl\/park-skaryszewski.html\">parku Skaryszewskiego<\/a>.<\/p>\n<p><img loading=\"lazy\" decoding=\"async\" class=\"ngg-singlepic ngg-left alignleft\" src=\"https:\/\/www.infopoint.cz\/polsko\/wp-content\/uploads\/sites\/22\/nggallery\/skaryszewski-park-na-kolech\/thumbs\/thumbs_m01.jpg\" alt=\"pomn\u00edk Vd\u011b\u010dnosti Rud\u00e9 arm\u00e1d\u011b\" width=\"240\" height=\"160\">Danu\u0161ka vybavena chytrou knihou ud\u00e1vala sm\u011br, aby n\u00e1m po cest\u011b neunikla \u017e\u00e1dn\u00e1 zaj\u00edmavost a taky neunikla. Prvn\u00ed zast\u00e1vka byla z\u00e1hy u pomn\u00edku Vd\u011b\u010dnosti Rud\u00e9 arm\u00e1d\u011b, tento pam\u00e1tn\u00edk st\u00e1val p\u016fvodn\u011b na jin\u00e9m m\u00edst\u011b parku, kde bylo zabito 28 rusk\u00fdch voj\u00e1k\u016f. V roce 1968 byla t\u011bla voj\u00e1k\u016f p\u0159esunuta na H\u0159bitov voj\u00e1k\u016f sov\u011btsk\u00e9 arm\u00e1dy (ulice Zwirki i Wigury) a pomn\u00edk se st\u011bhoval na prominentn\u011bj\u0161\u00ed m\u00edsto, kde je dodnes. <img loading=\"lazy\" decoding=\"async\" class=\"ngg-singlepic ngg-right alignright\" src=\"https:\/\/www.infopoint.cz\/polsko\/wp-content\/uploads\/sites\/22\/nggallery\/skaryszewski-park-na-kolech\/thumbs\/thumbs_m03.jpg\" alt=\"pomn\u00edk Vd\u011b\u010dnosti Rud\u00e9 arm\u00e1d\u011b\" width=\"240\" height=\"160\">Na zadn\u00ed \u010d\u00e1sti pomn\u00edku jsou ver\u0161e od Tadeusza Kubiaka, kter\u00e9 zrovna n\u011bkdo \u010distil od n\u00e1nos\u016f spreje. Jak jsem se do\u010detla z r\u016fzn\u00fdch zdroj\u016f posprejov\u00e1n\u00ed tohoto konkr\u00e9tn\u00edho pam\u00e1tn\u00edku je velmi \u010dast\u00e9.<\/p>\n<p>Cesta, respektive Dana, n\u00e1s d\u00e1le vedla do r\u016f\u017eov\u00e9 zahrady k so\u0161e Tane\u010dnice, kde jsme se n\u00e1le\u017eit\u011b vy\u0159\u00e1dily s p\u00f3zov\u00e1n\u00edm. Socha je kr\u00e1sn\u00e1, ladn\u00e1, n\u011b\u017en\u00e1, p\u016fvabn\u00e1 i elegantn\u00ed.<img loading=\"lazy\" decoding=\"async\" class=\"ngg-singlepic ngg-left alignleft\" src=\"https:\/\/www.infopoint.cz\/polsko\/wp-content\/uploads\/sites\/22\/nggallery\/skaryszewski-park-na-kolech\/thumbs\/thumbs_m06.jpg\" alt=\"Tane\u010dnice\" width=\"240\" height=\"160\"> Rozd\u011blila jsem to n\u00e1sledovn\u011b: Heli\/ladn\u00e1, Margitka\/n\u011b\u017en\u00e1, Monika\/elegantn\u00ed, Dana\/p\u016fvabn\u00e1 a Mirka\/jak jinak kr\u00e1sn\u00e1, kdyby byla M\u00e1ria, t\u00e9 by p\u0159ipadla lep\u00e1. Ale\u0161 v\u0161e s radost\u00ed dokumentoval.<\/p>\n<p>Jen kousek od Tane\u010dnice je k\u00e1men na p\u0159ipom\u00ednku britsk\u00fdch letc\u016f, kte\u0159\u00ed byli sest\u0159eleni p\u0159esn\u011b na tomto m\u00edst\u011b v roce 1944, kdy\u017e let\u011bli s pomoc\u00ed Var\u0161avsk\u00e9mu povst\u00e1n\u00ed. <img loading=\"lazy\" decoding=\"async\" class=\"ngg-singlepic ngg-right alignright\" src=\"https:\/\/www.infopoint.cz\/polsko\/wp-content\/uploads\/sites\/22\/nggallery\/skaryszewski-park-na-kolech\/thumbs\/thumbs_m07.jpg\" alt=\"pam\u00e1tn\u00edk britsk\u00fdch letc\u016f\" width=\"240\" height=\"160\">Ze sedmi lid\u00ed na palub\u011b, p\u0159e\u017eil jedin\u00fd, kter\u00fd se v roce 1988 vr\u00e1til do Var\u0161avy, aby spolu s britskou premi\u00e9rkou M. Thatcher odhalil tento pam\u00e1tn\u00edk.<\/p>\n<p>A jsme zp\u00e1tky na kolech, fr\u010d\u00edme parkem k pomn\u00edku Edwarda House, poradce prezidenta Wilsona, zast\u00e1nce polsk\u00e9 nez\u00e1vislosti po 1. sv\u011btov\u00e9 v\u00e1lce. <img loading=\"lazy\" decoding=\"async\" class=\"ngg-singlepic ngg-left alignleft\" src=\"https:\/\/www.infopoint.cz\/polsko\/wp-content\/uploads\/sites\/22\/nggallery\/skaryszewski-park-na-kolech\/thumbs\/thumbs_m10.jpg\" alt=\"pomn\u00edk Edwarda House\" width=\"240\" height=\"160\">Tam p\u0159ich\u00e1z\u00ed Ale\u0161ova p\u00f3zovac\u00ed chv\u00edle. U\u017e\u00edv\u00e1 si to, dost\u00e1v\u00e1 spoustu pokyn\u016f kam s nohou, jak s rukama, co s hlavou a\u017e je foto ide\u00e1ln\u00ed a m\u016f\u017eeme jet d\u00e1l.<\/p>\n<p>U\u017e n\u00e1s pomalu za\u010d\u00edn\u00e1 doh\u00e1n\u011bt hlad, i kdy\u017e jezd\u00edme jak s v\u011btrem o z\u00e1vod:), ale je\u0161t\u011b st\u00edh\u00e1me <img loading=\"lazy\" decoding=\"async\" class=\"ngg-singlepic ngg-right alignright\" src=\"https:\/\/www.infopoint.cz\/polsko\/wp-content\/uploads\/sites\/22\/nggallery\/skaryszewski-park-na-kolech\/thumbs\/thumbs_m15.jpg\" alt=\"socha Koupaj\u00edc\u00ed se\" width=\"240\" height=\"160\">sochu Koupaj\u00edc\u00ed se, kter\u00e1 je jedinou ze souboru t\u0159ech soch, kter\u00e1 se dochovala po v\u00e1lce a um\u011bl\u00fd vodop\u00e1d. Pohled dol\u016f, by byl asi hez\u010d\u00ed, z hora je to prost\u011b um\u011bl\u00fd vodop\u00e1d.<\/p>\n<p>Vrac\u00edme kola, op\u011bt s malou vsuvkou, jedno kolo se odm\u00edtlo odhl\u00e1sit a tak se \u0159e\u0161\u00ed a \u0159e\u0161\u00ed.<\/p>\n<p>Ob\u011bd. Po \u201en\u00e1ro\u010dn\u00e9m\u201c cyklistick\u00e9m v\u00fdkonu, ujeli jsme asi cel\u00e9 3 km!, pad\u00e1me vys\u00edlen\u00edm:)), v restauraci <a href=\"https:\/\/www.infopoint.cz\/polsko\/kuchnia-funcjonalna\/\">Kuchnia Funcjonalna<\/a>. Slun\u00ed\u010dko n\u00e1s sice vyl\u00e1kalo ven, ale po chv\u00edli se pt\u00e1me na deky. Sle\u010dn\u011b serv\u00edrce pr\u00e1ci rozhodn\u011b neusnad\u0148ujeme a vym\u00fd\u0161l\u00edme r\u016fzn\u00e9 kombinace v\u0161eho mo\u017en\u00e9ho i nemo\u017en\u00e9ho. Nakonec byl ob\u011bd moc dobr\u00fd, <img loading=\"lazy\" decoding=\"async\" class=\"ngg-singlepic ngg-left alignleft\" src=\"https:\/\/www.infopoint.cz\/polsko\/wp-content\/uploads\/sites\/22\/nggallery\/skaryszewski-park-na-kolech\/thumbs\/thumbs_m21.jpg\" alt=\"\u010cesk\u00e1 ulice\" width=\"240\" height=\"160\">Ale\u0161 dostal kus masa, zbytek ji\u017e st\u0159\u00eddm\u011bji rybku, ku\u0159\u00e1tko a Margitka dokonce za\u010dala a skon\u010dila u p\u0159edkrmu! Proto\u017ee bezu nem\u011bli, jali jsme se ji hledat v okoln\u00edch kav\u00e1rn\u00e1ch. Asi na t\u0159ic\u00e1t\u00fd pokus, jsme byli \u00fasp\u011b\u0161n\u00ed, po dvojic\u00edch ka\u017ed\u00fd v jin\u00e9m podniku:).<\/p>\n<p>Po d\u00e1vce kofeinu jsme zam\u00ed\u0159ili klidn\u00fdm krokem na \u010ceskou ulici, kde jsme se neshodli, jestli u\u017e jsme byli nebo nebyli. J\u00e1 mysl\u00edm, \u017ee u\u017e jsme byli skoro v\u0161ude:). Klidn\u00fd krok jsme museli zrychlit, proto\u017ee jsme zjistili kolik je hodin a \u017ee povinnosti nepo\u010dkaj\u00ed.<\/p>\n<p>Byl to dal\u0161\u00ed mil\u00fd&nbsp;<a href=\"https:\/\/www.infopoint.cz\/polsko\/category\/kulturni-ctvrtky\/\">kulturn\u00ed \u010dtvrtek<\/a> 19.09.2017 v \u00fater\u00fd.<\/p>\n<p>S radost\u00ed napsala,<br \/>\nMirka<\/p>\n<p><a href=\"https:\/\/www.infopoint.cz\/polsko\/fotogalerie\/rok-2017\/\">M\u016f\u017eete se tak\u00e9 pod\u00edvat na ostatn\u00ed fotografie.<\/a><\/p>\n","protected":false},"excerpt":{"rendered":"<p>Tentokr\u00e1t n\u00e1m po\u010das\u00ed p\u0159\u00e1lo a po ob\u010derstven\u00ed na Truskawieck\u00e9, Margitka pekla :-), jsme vyrazili auty k N\u00e1rodn\u00edmu stadionu, kde na n\u00e1s ji\u017e netrp\u011bliv\u011b \u010dekala kola! (mapa) Po lehk\u00fdch nesn\u00e1z\u00edch s p\u016fj\u010den\u00edm, dlouho jsme nep\u016fj\u010dovali a trochu jsme asi vy\u0161li ze cviku:-), jsme mohli vyrazit za pozn\u00e1n\u00edm parku Skaryszewskiego. Danu\u0161ka vybavena chytrou knihou ud\u00e1vala sm\u011br, aby [&hellip;]<\/p>\n","protected":false},"author":2,"featured_media":0,"comment_status":"open","ping_status":"closed","sticky":false,"template":"","format":"standard","meta":{"ngg_post_thumbnail":0,"footnotes":""},"categories":[2],"tags":[],"class_list":["post-3889","post","type-post","status-publish","format-standard","hentry","category-kulturni-ctvrtky"],"_links":{"self":[{"href":"https:\/\/www.infopoint.cz\/polsko\/wp-json\/wp\/v2\/posts\/3889","targetHints":{"allow":["GET"]}}],"collection":[{"href":"https:\/\/www.infopoint.cz\/polsko\/wp-json\/wp\/v2\/posts"}],"about":[{"href":"https:\/\/www.infopoint.cz\/polsko\/wp-json\/wp\/v2\/types\/post"}],"author":[{"embeddable":true,"href":"https:\/\/www.infopoint.cz\/polsko\/wp-json\/wp\/v2\/users\/2"}],"replies":[{"embeddable":true,"href":"https:\/\/www.infopoint.cz\/polsko\/wp-json\/wp\/v2\/comments?post=3889"}],"version-history":[{"count":9,"href":"https:\/\/www.infopoint.cz\/polsko\/wp-json\/wp\/v2\/posts\/3889\/revisions"}],"predecessor-version":[{"id":3904,"href":"https:\/\/www.infopoint.cz\/polsko\/wp-json\/wp\/v2\/posts\/3889\/revisions\/3904"}],"wp:attachment":[{"href":"https:\/\/www.infopoint.cz\/polsko\/wp-json\/wp\/v2\/media?parent=3889"}],"wp:term":[{"taxonomy":"category","embeddable":true,"href":"https:\/\/www.infopoint.cz\/polsko\/wp-json\/wp\/v2\/categories?post=3889"},{"taxonomy":"post_tag","embeddable":true,"href":"https:\/\/www.infopoint.cz\/polsko\/wp-json\/wp\/v2\/tags?post=3889"}],"curies":[{"name":"wp","href":"https:\/\/api.w.org\/{rel}","templated":true}]}}