{"id":3902,"date":"2017-09-21T16:31:52","date_gmt":"2017-09-21T14:31:52","guid":{"rendered":"http:\/\/www.infopoint.cz\/polsko\/?p=3902"},"modified":"2017-09-21T16:31:52","modified_gmt":"2017-09-21T14:31:52","slug":"kuchnia-funcjonalna","status":"publish","type":"post","link":"https:\/\/www.infopoint.cz\/polsko\/kuchnia-funcjonalna\/","title":{"rendered":"Kuchnia Funcjonalna"},"content":{"rendered":"<table>\n<tbody>\n<tr>\n<td><strong>Kde?<\/strong><\/td>\n<td>\n<div class=\"ml-cards-entity-address\">\n<div class=\"ml-cards-entity-address-line\"><a href=\"https:\/\/www.google.pl\/maps\/place\/Kuchnia+Funkcjonalna\/@52.236975,21.0483169,15z\/data=!4m5!3m4!1s0x0:0x9b96ba1ffc33a69e!8m2!3d52.236975!4d21.0483167?hl=en\"><span class=\"section-info-text\">Jakubowska 16, 00-001 Warszawa<\/span><\/a><\/div>\n<\/div>\n<\/td>\n<\/tr>\n<tr>\n<td><strong>Rezervace<\/strong><\/td>\n<td><span class=\"section-info-text\">512 893 898<\/span><\/td>\n<\/tr>\n<tr>\n<td><strong>WWW<\/strong><\/td>\n<td><a href=\"http:\/\/www.nabocafe.pl\"><span class=\"section-info-text\"><\/span><\/a><a class=\"widget-pane-link\" href=\"http:\/\/www.kuchniafunkcjonalna.pl\/\" target=\"_blank\" rel=\"noopener\" data-attribution-url=\"http:\/\/www.kuchniafunkcjonalna.pl\/\" data-redirect=\"1,AFQjCNEC0ZpU-xrPnfq9EnJk873jj4yOQw,,0ahUKEwii442uvrbWAhXLvBoKHQgRA-sQ61gICygGMAA,,\">kuchniafunkcjonalna.pl<\/a><\/td>\n<\/tr>\n<tr>\n<td><strong>Kuchyn\u011b<\/strong><\/td>\n<td>Polsk\u00e1<\/td>\n<\/tr>\n<\/tbody>\n<\/table>\n<p>Kdo tam u\u017e byl a chce se pod\u011blit o sv\u00e9 z\u00e1\u017eitky? Napi\u0161te v\u00e1\u0161 koment\u00e1\u0159.<\/p>\n","protected":false},"excerpt":{"rendered":"<p>Kde? Jakubowska 16, 00-001 Warszawa Rezervace 512 893 898 WWW kuchniafunkcjonalna.pl Kuchyn\u011b Polsk\u00e1 Kdo tam u\u017e byl a chce se pod\u011blit o sv\u00e9 z\u00e1\u017eitky? Napi\u0161te v\u00e1\u0161 koment\u00e1\u0159.<\/p>\n","protected":false},"author":2,"featured_media":0,"comment_status":"open","ping_status":"closed","sticky":false,"template":"","format":"standard","meta":{"ngg_post_thumbnail":0,"footnotes":""},"categories":[4],"tags":[],"class_list":["post-3902","post","type-post","status-publish","format-standard","hentry","category-restaurace"],"_links":{"self":[{"href":"https:\/\/www.infopoint.cz\/polsko\/wp-json\/wp\/v2\/posts\/3902","targetHints":{"allow":["GET"]}}],"collection":[{"href":"https:\/\/www.infopoint.cz\/polsko\/wp-json\/wp\/v2\/posts"}],"about":[{"href":"https:\/\/www.infopoint.cz\/polsko\/wp-json\/wp\/v2\/types\/post"}],"author":[{"embeddable":true,"href":"https:\/\/www.infopoint.cz\/polsko\/wp-json\/wp\/v2\/users\/2"}],"replies":[{"embeddable":true,"href":"https:\/\/www.infopoint.cz\/polsko\/wp-json\/wp\/v2\/comments?post=3902"}],"version-history":[{"count":1,"href":"https:\/\/www.infopoint.cz\/polsko\/wp-json\/wp\/v2\/posts\/3902\/revisions"}],"predecessor-version":[{"id":3903,"href":"https:\/\/www.infopoint.cz\/polsko\/wp-json\/wp\/v2\/posts\/3902\/revisions\/3903"}],"wp:attachment":[{"href":"https:\/\/www.infopoint.cz\/polsko\/wp-json\/wp\/v2\/media?parent=3902"}],"wp:term":[{"taxonomy":"category","embeddable":true,"href":"https:\/\/www.infopoint.cz\/polsko\/wp-json\/wp\/v2\/categories?post=3902"},{"taxonomy":"post_tag","embeddable":true,"href":"https:\/\/www.infopoint.cz\/polsko\/wp-json\/wp\/v2\/tags?post=3902"}],"curies":[{"name":"wp","href":"https:\/\/api.w.org\/{rel}","templated":true}]}}