{"id":3906,"date":"2017-09-26T19:33:20","date_gmt":"2017-09-26T17:33:20","guid":{"rendered":"http:\/\/www.infopoint.cz\/polsko\/?p=3906"},"modified":"2020-06-24T09:39:56","modified_gmt":"2020-06-24T07:39:56","slug":"lot-problem-z-prahy-do-varsavy","status":"publish","type":"post","link":"https:\/\/www.infopoint.cz\/polsko\/lot-problem-z-prahy-do-varsavy\/","title":{"rendered":"Lot probl\u00e9m z Prahy do Var\u0161avy"},"content":{"rendered":"<p><strong>25.09.2017<\/strong><\/p>\n<p><span id=\"result_box\" class=\"\" lang=\"cs\"><span title=\"Problemy z uk\u0142adem hamulcowym zg\u0142asza\u0142 pilot embraera lec\u0105cego z Pragi do Warszawy.\">Probl\u00e9my s brzdn\u00fdm syst\u00e9mem byly hl\u00e1\u0161eny pilotem pilotuj\u00edc\u00edm z Prahy do Var\u0161avy. <\/span><span title=\"Na pok\u0142adzie by\u0142y 82 osoby.\">Na palub\u011b bylo 82 lid\u00ed. <\/span><span title=\"Samolot bezpiecznie wyl\u0105dowa\u0142 na Ok\u0119ciu. \">Letadlo bezpe\u010dn\u011b p\u0159ist\u00e1lo na Ok\u0119cie.<a href=\"https:\/\/www.infopoint.cz\/polsko\/wp-content\/uploads\/sites\/22\/2017\/09\/20170925_183845_1.jpg\"><img loading=\"lazy\" decoding=\"async\" class=\"alignleft size-medium wp-image-3909\" src=\"https:\/\/www.infopoint.cz\/polsko\/wp-content\/uploads\/sites\/22\/2017\/09\/20170925_183845_1-300x225.jpg\" alt=\"\" width=\"300\" height=\"225\" srcset=\"https:\/\/www.infopoint.cz\/polsko\/wp-content\/uploads\/sites\/22\/2017\/09\/20170925_183845_1-300x225.jpg 300w, https:\/\/www.infopoint.cz\/polsko\/wp-content\/uploads\/sites\/22\/2017\/09\/20170925_183845_1-768x576.jpg 768w, https:\/\/www.infopoint.cz\/polsko\/wp-content\/uploads\/sites\/22\/2017\/09\/20170925_183845_1-690x518.jpg 690w, https:\/\/www.infopoint.cz\/polsko\/wp-content\/uploads\/sites\/22\/2017\/09\/20170925_183845_1.jpg 800w\" sizes=\"auto, (max-width: 300px) 100vw, 300px\" \/><\/a><\/span><\/span><\/p>\n<p><span id=\"result_box\" class=\"\" lang=\"cs\"><span title=\"Na szcz\u0119\u015bcie maszyna bezpiecznie wyl\u0105dowa\u0142a na Ok\u0119ciu.\"><span lang=\"CS\">Letadlo spole\u010dnosti LOT let\u011blo na lince z Prahy do Var\u0161avy.&nbsp;Pilot hl\u00e1sil probl\u00e9my s brzdn\u00fdm syst\u00e9mem.&nbsp;Na\u0161t\u011bst\u00ed stroj bezpe\u010dn\u011b p\u0159ist\u00e1l na leti\u0161ti Ok\u0119cie<\/span>. <\/span><em><span title=\"\u017badnej z 82 os\u00f3b, kt\u00f3re by\u0142y na pok\u0142adzie, nic si\u0119 nie sta\u0142o. \">\u017d\u00e1dn\u00fd ze 82 osob na palub\u011b neud\u011blal nic \u0161patn\u00e9ho. <\/span><\/em><span title=\"Pilot zg\u0142asza\u0142 awari\u0119 jednego z system\u00f3w hamulcowych niezb\u0119dnego przy l\u0105dowaniu.\">Pilot hl\u00e1sil poruchu jednoho z brzdn\u00fdch syst\u00e9m\u016f pot\u0159ebn\u00fdch pro p\u0159ist\u00e1n\u00ed. <\/span><span title=\"Podczas przyziemienia czeka\u0142y wozy stra\u017cy po\u017carnej i karetki pogotowia. \"><span lang=\"CS\">Po\u017e\u00e1dal o nouzov\u00e9 p\u0159ist\u00e1n\u00ed s tzv.&nbsp;asistenc\u00ed.&nbsp;P\u0159ist\u00e1n\u00ed letadla asistovaly hasi\u010dsk\u00e9 vozy a sanitky.<\/span><\/span><\/span><\/p>\n<p><span title=\"Na szcz\u0119\u015bcie okaza\u0142o si\u0119, \u017ce uk\u0142ad hamulcowy zadzia\u0142a\u0142 bez zarzutu i samolot wyl\u0105dowa\u0142 bez problem\u00f3w.\">Na\u0161t\u011bst\u00ed se uk\u00e1zalo, \u017ee brzdov\u00fd syst\u00e9m fungoval bezchybn\u011b a letadlo p\u0159ist\u00e1lo bez probl\u00e9m\u016f. <\/span><span title=\"Uszkodzony by\u0142 tylko system sygnalizacji uk\u0142adu hamulcowego. \">Pouze signaliza\u010dn\u00ed syst\u00e9m brzdov\u00e9ho syst\u00e9mu byl vadn\u00fd.&nbsp;<\/span><span lang=\"CS\">Nouzov\u00e9 p\u0159ist\u00e1n\u00ed bylo nezbytn\u00e9, proto\u017ee takovou poruchu nen\u00ed mo\u017en\u00e9 ov\u011b\u0159it ve vzduchu \u2013 sly\u0161el report\u00e9r RMF FM na leti\u0161ti.<\/span><\/p>\n<p><span title=\"Czytaj wi\u0119cej na http:\/\/www.rmf24.pl\/fakty\/polska\/news-problemy-z-ukladem-hamulcowym-embraera-ladowal-awaryjnie-na-,nId,2445109#utm_source=paste&amp;utm_medium=paste&amp;utm_campaign=firefox\">P\u0159e\u010dt\u011bte si v\u00edce o <a href=\"http:\/\/www.rmf24.pl\/fakty\/polska\/news-problemy-z-ukladem-hamulcowym-embraera-ladowal-awaryjnie-na-,nId,2445109#utm_source=paste&amp;utm_medium=paste&amp;utm_campaign=firefox\">http:\/\/www.rmf24.pl\/fakty\/polska\/news-problemy-z-ukladem-hamulcowym-embraera-ladowal-awaryjnie-na-,nId,2445109#utm_source=paste&amp;utm_medium=paste&amp;utm_campaign=firefox<\/a><\/span><\/p>\n","protected":false},"excerpt":{"rendered":"<p>25.09.2017 Probl\u00e9my s brzdn\u00fdm syst\u00e9mem byly hl\u00e1\u0161eny pilotem pilotuj\u00edc\u00edm z Prahy do Var\u0161avy. Na palub\u011b bylo 82 lid\u00ed. Letadlo bezpe\u010dn\u011b p\u0159ist\u00e1lo na Ok\u0119cie. Letadlo spole\u010dnosti LOT let\u011blo na lince z Prahy do Var\u0161avy.&nbsp;Pilot hl\u00e1sil probl\u00e9my s brzdn\u00fdm syst\u00e9mem.&nbsp;Na\u0161t\u011bst\u00ed stroj bezpe\u010dn\u011b p\u0159ist\u00e1l na leti\u0161ti Ok\u0119cie. \u017d\u00e1dn\u00fd ze 82 osob na palub\u011b neud\u011blal nic \u0161patn\u00e9ho. Pilot hl\u00e1sil [&hellip;]<\/p>\n","protected":false},"author":2,"featured_media":0,"comment_status":"open","ping_status":"closed","sticky":false,"template":"","format":"standard","meta":{"ngg_post_thumbnail":0,"footnotes":""},"categories":[24],"tags":[],"class_list":["post-3906","post","type-post","status-publish","format-standard","hentry","category-zajimavosti"],"_links":{"self":[{"href":"https:\/\/www.infopoint.cz\/polsko\/wp-json\/wp\/v2\/posts\/3906","targetHints":{"allow":["GET"]}}],"collection":[{"href":"https:\/\/www.infopoint.cz\/polsko\/wp-json\/wp\/v2\/posts"}],"about":[{"href":"https:\/\/www.infopoint.cz\/polsko\/wp-json\/wp\/v2\/types\/post"}],"author":[{"embeddable":true,"href":"https:\/\/www.infopoint.cz\/polsko\/wp-json\/wp\/v2\/users\/2"}],"replies":[{"embeddable":true,"href":"https:\/\/www.infopoint.cz\/polsko\/wp-json\/wp\/v2\/comments?post=3906"}],"version-history":[{"count":4,"href":"https:\/\/www.infopoint.cz\/polsko\/wp-json\/wp\/v2\/posts\/3906\/revisions"}],"predecessor-version":[{"id":3915,"href":"https:\/\/www.infopoint.cz\/polsko\/wp-json\/wp\/v2\/posts\/3906\/revisions\/3915"}],"wp:attachment":[{"href":"https:\/\/www.infopoint.cz\/polsko\/wp-json\/wp\/v2\/media?parent=3906"}],"wp:term":[{"taxonomy":"category","embeddable":true,"href":"https:\/\/www.infopoint.cz\/polsko\/wp-json\/wp\/v2\/categories?post=3906"},{"taxonomy":"post_tag","embeddable":true,"href":"https:\/\/www.infopoint.cz\/polsko\/wp-json\/wp\/v2\/tags?post=3906"}],"curies":[{"name":"wp","href":"https:\/\/api.w.org\/{rel}","templated":true}]}}