{"id":3913,"date":"2017-09-27T14:33:38","date_gmt":"2017-09-27T12:33:38","guid":{"rendered":"http:\/\/www.infopoint.cz\/polsko\/?p=3913"},"modified":"2017-10-10T20:37:51","modified_gmt":"2017-10-10T18:37:51","slug":"kulturni-vylet-na-kole","status":"publish","type":"post","link":"https:\/\/www.infopoint.cz\/polsko\/kulturni-vylet-na-kole\/","title":{"rendered":"Kulturn\u00ed v\u00fdlet na kole"},"content":{"rendered":"<div>V posledn\u00edch dnech n\u00e1m nep\u0159\u00edzniv\u00e9 po\u010das\u00ed d\u00e1v\u00e1 jasn\u011b najevo, \u017ee podzim je v pln\u00e9m proudu. K radosti n\u00e1s v\u0161ech bylo dne\u0161n\u00ed nebe t\u00e9m\u011b\u0159 bez mrak\u016f. Co\u017e bylo p\u0159\u00edslibem, \u017ee na\u0161e volba proj\u00ed\u017e\u010fky na kole je trefou do \u010dern\u00e9ho.<\/div>\n<div>Sraz v <a href=\"https:\/\/www.infopoint.cz\/polsko\/cafe-beza\/\">Caf\u00e9 Beza<\/a> v Konstancinu byl bezchybn\u00fdm za\u010d\u00e1tkem kr\u00e1sn\u00e9ho r\u00e1na. U skv\u011bl\u00e9, nad\u00fdchan\u00e9, nejr\u016fzn\u011bj\u0161\u00edmi kr\u00e9my pln\u011bn\u00e9 bezy, \u010derstv\u00e9ho d\u017eusu, \u010dokol\u00e1dov\u00e9ho r\u00e1je a vyhl\u00e1\u0161en\u00e9 &#8222;herbaty zimowej&#8220; bylo to kr\u00e1sn\u00e9 r\u00e1no je\u0161t\u011b mnohem kr\u00e1sn\u011bj\u0161\u00ed. Ov\u0161em nesm\u00edm zapomenout, \u017ee t\u00edm prav\u00fdm kouzlem v\u017edy byly, jsou a budou ty vl\u00eddn\u00e9 a mil\u00e9 tv\u00e1\u0159e okolo stolu, i proto si v\u0161ichni moc p\u0159ejeme, abychom byli brzy op\u011bt o n\u011bco m\u00e1lo po\u010detn\u011bj\u0161\u00ed.<\/div>\n<div><img loading=\"lazy\" decoding=\"async\" class=\"ngg-singlepic ngg-left alignleft\" src=\"https:\/\/www.infopoint.cz\/polsko\/wp-content\/uploads\/sites\/22\/nggallery\/kulturni-vylet-na-kole\/thumbs\/thumbs_vylet_jezero_Zabieniec.png\" alt=\"vylet_jezero_Zabieniec\" width=\"240\" height=\"160\">Vydatn\u011b pos\u00edleni a ke v\u0161emu odhodl\u00e1ni jsme se vydali na poj\u00ed\u017e\u010fku lesem k jez\u00edrku Zabieniec. D\u00e9\u0161\u0165 z posledn\u00edch t\u00fddn\u016f pro n\u00e1s p\u0159ipravil trasu s trochou adrenalinu v podob\u011b lou\u017e\u00ed a bl\u00e1ta, a tak se v\u0161em s blatn\u00edky dnes jelo o trochu l\u00e9pe. Naopak, pot\u0159eba v\u0161ech bez blatn\u00edk\u016f p\u0159evl\u00e9knout se nar\u016fstala. Malou p\u0159ek\u00e1\u017ekou byl p\u0159echod p\u0159es most \u00fazk\u00fd na \u0161\u00ed\u0159ku \u0159\u00edd\u00edtek. V\u0161echny d\u00e1my, jak jinak, p\u0159e\u0161ly na jedni\u010dku. <img loading=\"lazy\" decoding=\"async\" class=\"ngg-singlepic ngg-right alignright\" src=\"https:\/\/www.infopoint.cz\/polsko\/wp-content\/uploads\/sites\/22\/nggallery\/kulturni-vylet-na-kole\/thumbs\/thumbs_image1.JPG\" alt=\"image1\" width=\"240\" height=\"160\">Na fotografii je vid\u011bt, \u017ee n\u011bkdo to v\u0161ak zvl\u00e1dl na jedni\u010dku s hv\u011bzdi\u010dkou. Ka\u017edop\u00e1dn\u011b n\u00e1m byla odm\u011bnou asi 15 km dlouh\u00e1 proj\u00ed\u017e\u010fka lesem vyzdoben\u00fdm \u010derstv\u011b spadan\u00fdm \u017eluto &#8211; zlat\u00fdm list\u00edm, ale p\u0159edev\u0161\u00edm na sv\u011b\u017e\u00edm vzduchu, se&nbsp;sluncem v z\u00e1dech a&nbsp;s v\u011btrem ve vlasech. N\u011bkte\u0159\u00ed z n\u00e1s v nich ale m\u00edsto v\u011btru lovili nejr\u016fzn\u011bj\u0161\u00ed brou\u010dky. Dokonce jsme snad poprv\u00e9 b\u011bhem na\u0161ich v\u00fdprav zaznamenali \u00fatok bodav\u00e9ho hmyzu p\u0159\u00edmo p\u0159i j\u00edzd\u011b na kole.&nbsp;<\/div>\n<div>\u010c\u00e1st na\u0161\u00ed v\u00fdpravy byla zanepr\u00e1zdn\u011bna rodi\u010dovsk\u00fdmi povinnostmi, a tak se na\u0161e cesty roze\u0161ly u Stare Papiernie. Tam jsme sice v mal\u00e9m po\u010dtu, ale velmi chutn\u011b poob\u011bdvali v restauraci <a href=\"https:\/\/www.infopoint.cz\/polsko\/pomidoro\/\">Pomidoro<\/a>.<\/div>\n<div>Moji mil\u00ed, nezapome\u0148te pros\u00edm, \u017ee p\u0159\u00ed\u0161t\u00ed \u00fater\u00fd bude ve \u010dtvrtek!<\/div>\n<div>&nbsp;<\/div>\n<div>Napsala pro <a href=\"https:\/\/www.infopoint.cz\/polsko\/category\/kulturni-ctvrtky\/\">kulturn\u00ed \u010dtvrtek<\/a> 26.09.2017: Margita<\/div>\n<div>\n<div>\n<p><a href=\"https:\/\/www.infopoint.cz\/polsko\/fotogalerie\/rok-2017\/\">M\u016f\u017eete se tak\u00e9 pod\u00edvat na ostatn\u00ed fotografie.<\/a><\/p>\n<\/div>\n<\/div>\n","protected":false},"excerpt":{"rendered":"<p>V posledn\u00edch dnech n\u00e1m nep\u0159\u00edzniv\u00e9 po\u010das\u00ed d\u00e1v\u00e1 jasn\u011b najevo, \u017ee podzim je v pln\u00e9m proudu. K radosti n\u00e1s v\u0161ech bylo dne\u0161n\u00ed nebe t\u00e9m\u011b\u0159 bez mrak\u016f. Co\u017e bylo p\u0159\u00edslibem, \u017ee na\u0161e volba proj\u00ed\u017e\u010fky na kole je trefou do \u010dern\u00e9ho. Sraz v Caf\u00e9 Beza v Konstancinu byl bezchybn\u00fdm za\u010d\u00e1tkem kr\u00e1sn\u00e9ho r\u00e1na. U skv\u011bl\u00e9, nad\u00fdchan\u00e9, nejr\u016fzn\u011bj\u0161\u00edmi kr\u00e9my pln\u011bn\u00e9 [&hellip;]<\/p>\n","protected":false},"author":2,"featured_media":0,"comment_status":"open","ping_status":"closed","sticky":false,"template":"","format":"standard","meta":{"ngg_post_thumbnail":0,"footnotes":""},"categories":[2],"tags":[],"class_list":["post-3913","post","type-post","status-publish","format-standard","hentry","category-kulturni-ctvrtky"],"_links":{"self":[{"href":"https:\/\/www.infopoint.cz\/polsko\/wp-json\/wp\/v2\/posts\/3913","targetHints":{"allow":["GET"]}}],"collection":[{"href":"https:\/\/www.infopoint.cz\/polsko\/wp-json\/wp\/v2\/posts"}],"about":[{"href":"https:\/\/www.infopoint.cz\/polsko\/wp-json\/wp\/v2\/types\/post"}],"author":[{"embeddable":true,"href":"https:\/\/www.infopoint.cz\/polsko\/wp-json\/wp\/v2\/users\/2"}],"replies":[{"embeddable":true,"href":"https:\/\/www.infopoint.cz\/polsko\/wp-json\/wp\/v2\/comments?post=3913"}],"version-history":[{"count":5,"href":"https:\/\/www.infopoint.cz\/polsko\/wp-json\/wp\/v2\/posts\/3913\/revisions"}],"predecessor-version":[{"id":3927,"href":"https:\/\/www.infopoint.cz\/polsko\/wp-json\/wp\/v2\/posts\/3913\/revisions\/3927"}],"wp:attachment":[{"href":"https:\/\/www.infopoint.cz\/polsko\/wp-json\/wp\/v2\/media?parent=3913"}],"wp:term":[{"taxonomy":"category","embeddable":true,"href":"https:\/\/www.infopoint.cz\/polsko\/wp-json\/wp\/v2\/categories?post=3913"},{"taxonomy":"post_tag","embeddable":true,"href":"https:\/\/www.infopoint.cz\/polsko\/wp-json\/wp\/v2\/tags?post=3913"}],"curies":[{"name":"wp","href":"https:\/\/api.w.org\/{rel}","templated":true}]}}