{"id":3930,"date":"2017-10-20T17:27:50","date_gmt":"2017-10-20T15:27:50","guid":{"rendered":"http:\/\/www.infopoint.cz\/polsko\/?p=3930"},"modified":"2017-10-22T18:25:35","modified_gmt":"2017-10-22T16:25:35","slug":"vyhlidka-z-terasy-palace-kultury","status":"publish","type":"post","link":"https:\/\/www.infopoint.cz\/polsko\/vyhlidka-z-terasy-palace-kultury\/","title":{"rendered":"Vyhl\u00eddka z terasy Pal\u00e1ce kultury"},"content":{"rendered":"<p>Kulturn\u00ed \u010dtvrtek p\u0159ipadl op\u011bt na \u00fater\u00fd. Za\u010dal v\u00fdbornou k\u00e1vi\u010dkou a na n\u011b\u010d\u00edm dobr\u00fdm na zub. Serv\u00edrovaly se pra\u017een\u00e9 o\u0159\u00ed\u0161ky <img loading=\"lazy\" decoding=\"async\" class=\"ngg-singlepic ngg-left alignleft\" src=\"https:\/\/www.infopoint.cz\/polsko\/wp-content\/uploads\/sites\/22\/nggallery\/vyhlidka-z-terasy-palace-kultury\/thumbs\/thumbs_m02.jpg\" alt=\"m02\" width=\"240\" height=\"160\">v\u0161eho druhu a maliny s bor\u016fvkami. Probrali jsme sv\u00e9 \u010derstv\u00e9 \u017eivotn\u00ed zku\u0161enosti a n\u00e1zory a vyrazili na autobus sm\u011br centrum. Po\u010das\u00ed n\u00e1m vy\u0161lo p\u0159esn\u011b dle p\u0159edpov\u011bdi skv\u011ble. A tak jsme zam\u00ed\u0159ili na vyhl\u00eddku z terasy Pal\u00e1ce kultury, kam se v\u011bt\u0161ina z n\u00e1s (a\u017e na Margitku a Ale\u0161e) nestihla p\u0159i jedn\u00e9 z minul\u00fdch vych\u00e1zek pod\u00edvat.&nbsp;<\/p>\n<p>Bylo n\u00e1s p\u011bt, a tak po\u017eadovan\u00e1 skupinov\u00e1 sleva u pan\u00ed <img loading=\"lazy\" decoding=\"async\" class=\"ngg-singlepic ngg-right alignright\" src=\"https:\/\/www.infopoint.cz\/polsko\/wp-content\/uploads\/sites\/22\/nggallery\/vyhlidka-z-terasy-palace-kultury\/thumbs\/thumbs_m05.jpg\" alt=\"m05\" width=\"240\" height=\"160\">pokladn\u00ed nepro\u0161la. Muselo by n\u00e1s b\u00fdt deset. Nepomohl ani dotaz od Moniky, \u017ee n\u00e1s bude dev\u011bt. Jen nech\u00e1pu, jak p\u0159i\u0161la k t\u00e9 dev\u00edtce &#8230;<\/p>\n<p>V\u00fdtahem jsme vyjeli do 30. patra. Pro\u0161li jsem kolem upout\u00e1vky na muzeum domk\u016f pro <img loading=\"lazy\" decoding=\"async\" class=\"ngg-singlepic ngg-left alignleft\" src=\"https:\/\/www.infopoint.cz\/polsko\/wp-content\/uploads\/sites\/22\/nggallery\/vyhlidka-z-terasy-palace-kultury\/thumbs\/thumbs_m17.jpg\" alt=\"m17\" width=\"240\" height=\"160\">panenky. Vy\u0161li jsme na terasu a obdivovali Var\u0161avu z vyhl\u00eddky. Studen\u00fd v\u00edtr p\u011bkn\u011b fu\u010del a slun\u00ed\u010dko se necht\u011blo uk\u00e1zat. Ud\u011blal jsem p\u00e1r fotografi\u00ed a honem v\u00fdtahem dol\u016f. Nev\u00edm, jestli si toho n\u011bkdo v\u0161iml, ale v\u00fdtah jel o patro n\u00ed\u017ee, ne\u017e jsme nastoupili.<\/p>\n<p>Potom jsme se pro\u0161li ulic\u00ed Chmie\u0142nou, kde si Monika koupila hezkou hn\u011bdou \u010depici, a\u017e do ulice&nbsp;Ga\u0142czy\u0144skiego, do s\u00edn\u011b pro projekty Zachety, <img loading=\"lazy\" decoding=\"async\" class=\"ngg-singlepic ngg-right alignright\" src=\"https:\/\/www.infopoint.cz\/polsko\/wp-content\/uploads\/sites\/22\/nggallery\/vyhlidka-z-terasy-palace-kultury\/thumbs\/thumbs_m22.jpg\" alt=\"m22\" width=\"240\" height=\"160\">kde byla v\u00fdstava <strong class=\"m_-6494320849414997882exhibition-name\"><em><a href=\"https:\/\/zacheta.art.pl\/pl\/wystawy\/sestsil\" target=\"_blank\" rel=\"noopener\" data-saferedirecturl=\"https:\/\/www.google.com\/url?hl=cs&amp;q=https:\/\/zacheta.art.pl\/pl\/wystawy\/sestsil&amp;source=gmail&amp;ust=1507730968228000&amp;usg=AFQjCNFAjK4sTNu-uxWE0z-m2kt8nFLcFQ\">\u0160estsil<\/a><\/em>. <\/strong>\u0160lo<span class=\"m_-6494320849414997882exhibition-name\"> o d\u00edla mlad\u00fdch polsk\u00fdch um\u011blc\u016f, kte\u0159\u00ed se zaj\u00edmaj\u00ed o \u010desk\u00fd surrealismus. Nad v\u00fdstavou m\u00e1 patron\u00e1t \u010cesk\u00e9 kulturn\u00ed centrum. Obr\u00e1zek \u0159ekne v\u00edce ne\u017e slova, pod\u00edvejte se na <\/span><span class=\"m_-6494320849414997882exhibition-name\">n\u011bkter\u00e1 z um\u011bleck\u00fdch d\u011bl.<br \/>\n<\/span><\/p>\n<p>Na ob\u011bd jsme vybrali restaurace <a href=\"https:\/\/www.infopoint.cz\/polsko\/thai-me-up\/\">THai Me up<\/a>. K pit\u00ed si v\u011bt\u0161ina dala vodu a ti <img loading=\"lazy\" decoding=\"async\" class=\"ngg-singlepic ngg-left alignleft\" src=\"https:\/\/www.infopoint.cz\/polsko\/wp-content\/uploads\/sites\/22\/nggallery\/vyhlidka-z-terasy-palace-kultury\/thumbs\/thumbs_m35.jpg\" alt=\"m35\" width=\"240\" height=\"160\">odv\u00e1\u017en\u011bj\u0161\u00ed \u010daj z &#8222;plastov\u00fdch barevn\u00fdch veverek&#8220;. Jak typick\u00e9 pro thajskou kuchyni! P\u0159edkrm, zeleninov\u00e9 z\u00e1vitky s kouskem krevetky a hlavn\u00ed chod &#8211; \u017eeb\u00edrka s r\u00fd\u017e\u00ed ozdoben\u00e1 zeleninou &#8211; p\u0159\u00edjemn\u011b p\u0159ekvapil. J\u00eddlo bylo tak dobr\u00e9, \u017ee jsi n\u011bkte\u0159\u00ed objednali dal\u0161\u00ed porci p\u0159edkrmu sebou. Pro desert a k\u00e1vu jsme v\u0161ak vybrali jin\u00fd podnik, vyhl\u00e1\u0161en\u00e9 knihkupectv\u00ed <a href=\"https:\/\/www.infopoint.cz\/polsko\/wrzenie-swiata\/\">Wrzenie \u015awiata<\/a>. Beza sice nebyla, ale \u0161arlotka a p\u016flka kol\u00e1\u010de s \u010dokol\u00e1dou m\u011b \u00fapln\u011b zasytily.<\/p>\n<p>Pro <a href=\"https:\/\/www.infopoint.cz\/polsko\/category\/kulturni-ctvrtky\/\">kulturn\u00ed \u010dtvrtek<\/a> 10.10.2017 v \u00fater\u00fd napsal Ale\u0161.<\/p>\n<p><a href=\"https:\/\/www.infopoint.cz\/polsko\/fotogalerie\/rok-2017\/\">M\u016f\u017eete se tak\u00e9 pod\u00edvat na ostatn\u00ed fotografie.<\/a><\/p>\n","protected":false},"excerpt":{"rendered":"<p>Kulturn\u00ed \u010dtvrtek p\u0159ipadl op\u011bt na \u00fater\u00fd. Za\u010dal v\u00fdbornou k\u00e1vi\u010dkou a na n\u011b\u010d\u00edm dobr\u00fdm na zub. Serv\u00edrovaly se pra\u017een\u00e9 o\u0159\u00ed\u0161ky v\u0161eho druhu a maliny s bor\u016fvkami. Probrali jsme sv\u00e9 \u010derstv\u00e9 \u017eivotn\u00ed zku\u0161enosti a n\u00e1zory a vyrazili na autobus sm\u011br centrum. Po\u010das\u00ed n\u00e1m vy\u0161lo p\u0159esn\u011b dle p\u0159edpov\u011bdi skv\u011ble. A tak jsme zam\u00ed\u0159ili na vyhl\u00eddku z terasy Pal\u00e1ce [&hellip;]<\/p>\n","protected":false},"author":2,"featured_media":0,"comment_status":"open","ping_status":"closed","sticky":false,"template":"","format":"standard","meta":{"ngg_post_thumbnail":0,"footnotes":""},"categories":[2],"tags":[],"class_list":["post-3930","post","type-post","status-publish","format-standard","hentry","category-kulturni-ctvrtky"],"_links":{"self":[{"href":"https:\/\/www.infopoint.cz\/polsko\/wp-json\/wp\/v2\/posts\/3930","targetHints":{"allow":["GET"]}}],"collection":[{"href":"https:\/\/www.infopoint.cz\/polsko\/wp-json\/wp\/v2\/posts"}],"about":[{"href":"https:\/\/www.infopoint.cz\/polsko\/wp-json\/wp\/v2\/types\/post"}],"author":[{"embeddable":true,"href":"https:\/\/www.infopoint.cz\/polsko\/wp-json\/wp\/v2\/users\/2"}],"replies":[{"embeddable":true,"href":"https:\/\/www.infopoint.cz\/polsko\/wp-json\/wp\/v2\/comments?post=3930"}],"version-history":[{"count":30,"href":"https:\/\/www.infopoint.cz\/polsko\/wp-json\/wp\/v2\/posts\/3930\/revisions"}],"predecessor-version":[{"id":4132,"href":"https:\/\/www.infopoint.cz\/polsko\/wp-json\/wp\/v2\/posts\/3930\/revisions\/4132"}],"wp:attachment":[{"href":"https:\/\/www.infopoint.cz\/polsko\/wp-json\/wp\/v2\/media?parent=3930"}],"wp:term":[{"taxonomy":"category","embeddable":true,"href":"https:\/\/www.infopoint.cz\/polsko\/wp-json\/wp\/v2\/categories?post=3930"},{"taxonomy":"post_tag","embeddable":true,"href":"https:\/\/www.infopoint.cz\/polsko\/wp-json\/wp\/v2\/tags?post=3930"}],"curies":[{"name":"wp","href":"https:\/\/api.w.org\/{rel}","templated":true}]}}