{"id":3957,"date":"2017-10-16T16:00:29","date_gmt":"2017-10-16T14:00:29","guid":{"rendered":"http:\/\/www.infopoint.cz\/polsko\/?p=3957"},"modified":"2020-06-24T09:39:52","modified_gmt":"2020-06-24T07:39:52","slug":"jaci-jsou-polaci","status":"publish","type":"post","link":"https:\/\/www.infopoint.cz\/polsko\/jaci-jsou-polaci\/","title":{"rendered":"Jac\u00ed jsou Pol\u00e1ci na dovolen\u00e9?"},"content":{"rendered":"<p>N\u00e1sleduj\u00edc\u00ed text vzniknul na t\u00e9ma jedeme s&nbsp;polskou cestovn\u00ed kancel\u00e1\u0159\u00ed na Kan\u00e1ry. \u017diju v&nbsp;Polsku dva roky a sna\u017e\u00edm se v\u0161\u00edmat si ur\u010dit\u00fdch specifick\u00fdch str\u00e1nek polsk\u00e9ho \u010dlov\u011bka &#8211; nap\u0159. \u201ewykorzysta\u0107\u201d z dan\u00e9 situace co nejv\u00edce pro sebe (typu rabat na vsechno) &#8211; a taky popsat zku\u0161enosti se spole\u010dnost\u00ed Travel servis, kter\u00e1 na letu Praha-Fuerteventura pod\u00e1v\u00e1 v r\u00e1mci ceny letenky tepl\u00e9 j\u00eddlo, zat\u00edmco trasa Var\u0161ava- Fuerteventura je hladolet a na kapacitu letadla 189 m\u00edst m\u00e1 asi 20 \u201ekanapek\u201d.<\/p>\n<p>Sobota, Fuerteventura &#8211; na pl\u00e1\u017ei si m\u016f\u017ee\u0161 pronajmout dv\u011b leh\u00e1tka a jeden slune\u010dn\u00edk na cel\u00fd den, rozum\u011bj do 17:30. Poplatek \u010din\u00ed 13.50\u20ac. V\u00fdb\u011br\u010d\u00ed je takov\u00fd drobn\u00fd \u0160pan\u011bl. Je to jeho pr\u00e1ce. Narazil na skupinku polsk\u00fdch d\u016fchodc\u016f. Chlap\u00edk s \u00fasm\u011bvem na tv\u00e1\u0159i mu nejd\u0159\u00edve polsky vysv\u011btloval, \u017ee nem\u00e1 pen\u00edze, ale kdy\u017e p\u0159i\u0161la jeho dru\u017eka, tak mu \u0159\u00edkala, \u017ee p\u0159eci v\u00ed, kde jsou pen\u00edze. Pak padl dal\u0161\u00ed dotaz na rabat. V\u00fdb\u011br\u010d\u00ed jen pokr\u010dil rameny a \u0159ekl, \u017ee jsou asi Pol\u00e1ci. P\u00e1n radostn\u011b p\u0159ik\u00fdvnul a po\u017eadovanou \u010d\u00e1stku zaplatil.<\/p>\n<p>Na pl\u00e1\u017ei to \u017eije. Asi ka\u017ed\u00fd pozorovatel si jist\u011b v\u0161imne drobn\u00e9 postavy \u017eeny, pokro\u010dil\u00e9ho v\u011bku s malou karti\u010dkou v ruce obch\u00e1zej\u00edc\u00ed opaluj\u00edc\u00ed se turisty. M\u00e1 tam soupis masersk\u00fdch slu\u017eeb. Chod\u00ed kolem leh\u00e1tek a vyk\u0159ikuje slovo mas\u00e1\u017e, mas\u00e1\u017e. Naraz\u00ed na jednu polskou rodinu. P\u00e1n ve st\u0159edn\u00edm v\u011bku s p\u011bkn\u011b kulat\u00fdm b\u0159\u00ed\u0161kem, pan\u00ed lehce korpulentn\u00ed a dv\u011b d\u011bti \u0161koln\u00edho v\u011bku. Dceru\u0161ka se n\u00e1padn\u011b sv\u00fdmi kypr\u00fdmi tvary podob\u00e1 mamince, tak\u017ee a\u017e bude dosp\u011bl\u00e1, bude to jej\u00ed p\u0159esn\u00e1 kopie.<\/p>\n<p>P\u00e1n se oto\u010d\u00ed hlavou na mas\u00e9rku a prvn\u00ed slovo co \u0159ekne, je slovo rabat. Mas\u00e9rka za\u010dne mas\u00e1\u017ee la\u010dn\u00e9mu z\u00e1kazn\u00edkovi vysv\u011btlovat celou proceduru, kterou zakon\u010d\u00ed informac\u00ed o cen\u011b 25\u20ac. P\u00e1n za\u010d\u00edn\u00e1 smlouvat a u\u017e nen\u00ed tak spokojen. Mas\u00e9rka mu \u0159ekne, \u017ee by to cht\u011bl asi za 1\u20ac a rozlad\u011bn\u011b odch\u00e1z\u00ed. Potom p\u00e1n pak bav\u00ed celou rodinu vtipem o mas\u00e1\u017ei za 1\u20ac. Mluv\u00ed o tom st\u00e1le dokola a cel\u00e1 rodina se nahlas sm\u011bje.<\/p>\n<p>Pronajat\u00e1 a zaplacen\u00e1 leh\u00e1tka a slune\u010dn\u00edk byly je\u0161t\u011b p\u0159ed 4 lety ozna\u010deny k\u0159\u00ed\u017ekem pomoc\u00ed k\u0159\u00eddy. Dnes se p\u00ed\u0161e \u010d\u00edslo na p\u0159imontovanou ceduli na p\u0159edn\u00ed stran\u011b leh\u00e1tka. P\u0159ipom\u00edn\u00e1 mi to Esp\u00e9zetku auta. D\u0159\u00edve chod\u00edval jeden v\u00fdb\u011br\u010d\u00ed a jedna kontrola. Dnes m\u00e1 v\u00fdb\u011br\u010d\u00ed ochranku, statn\u00e9ho \u010dernocha, z\u0159ejm\u011b p\u0159iplaval z Afriky. V\u00fdb\u011br pen\u011bz na pron\u00e1jem leh\u00e1tek a slune\u010dn\u00edku je asi st\u00e1le obt\u00ed\u017en\u011bj\u0161\u00ed. Stejn\u011b jako p\u0159ed lety, tak i dnes nezapomenou z\u00e1kazn\u00edkovi p\u0159edat \u00fa\u010dtenku. Babi\u0161 by m\u011bl radost.<\/p>\n<p>P\u0159i odletu do Var\u0161avy, byly na leti\u0161ti Fuerteventura otev\u0159eny t\u0159i p\u0159ep\u00e1\u017eky pro cestuj\u00edc\u00ed. Lid\u00ed bylo \u0159\u00e1dov\u011b n\u011bkolik des\u00edtek, tak to byl dobr\u00fd po\u010din. Postavili jsme se s kufrem do t\u00e9 prost\u0159edn\u00ed. Nikdo viditeln\u011b nep\u0159edb\u00edhal, jen ob\u010das doch\u00e1zelo k drobn\u00e9mu hem\u017een\u00ed mezi frontami. Lid\u00e9 st\u0159\u00eddali r\u016fzn\u00e9 fronty a tak to po deseti minut\u00e1ch vypadalo, \u017ee ta na\u0161e, se v\u016fbec neh\u00fdbe. Pozd\u011bji jsem si v\u0161iml, \u017ee po\u010detn\u00e9 rodiny, rozum\u011bj \u0161est osob a v\u00edce, se postavili do v\u0161ech front a pak se operativn\u011b p\u0159emis\u0165ovali tam, kde se to h\u00fdbalo nejv\u00edce. Vrchol byl t\u00e9m\u011b\u0159 u p\u0159ep\u00e1\u017eky, kdy p\u0159ed n\u00e1mi st\u00e1lo celou dobu jedno d\u00edt\u011b pubert\u00e1ln\u00edho v\u011bku a o chv\u00edli pozd\u011bji cel\u00e1 jeho \u010dty\u0159\u010dlenn\u00e1 polsk\u00e1 rodina, kter\u00e1 je\u0161t\u011b p\u0159ed chvilkou st\u00e1li v \u0159ad\u011b napravo.<\/p>\n","protected":false},"excerpt":{"rendered":"<p>N\u00e1sleduj\u00edc\u00ed text vzniknul na t\u00e9ma jedeme s&nbsp;polskou cestovn\u00ed kancel\u00e1\u0159\u00ed na Kan\u00e1ry. \u017diju v&nbsp;Polsku dva roky a sna\u017e\u00edm se v\u0161\u00edmat si ur\u010dit\u00fdch specifick\u00fdch str\u00e1nek polsk\u00e9ho \u010dlov\u011bka &#8211; nap\u0159. \u201ewykorzysta\u0107\u201d z dan\u00e9 situace co nejv\u00edce pro sebe (typu rabat na vsechno) &#8211; a taky popsat zku\u0161enosti se spole\u010dnost\u00ed Travel servis, kter\u00e1 na letu Praha-Fuerteventura pod\u00e1v\u00e1 v r\u00e1mci [&hellip;]<\/p>\n","protected":false},"author":2,"featured_media":0,"comment_status":"open","ping_status":"closed","sticky":false,"template":"","format":"standard","meta":{"ngg_post_thumbnail":0,"footnotes":""},"categories":[24],"tags":[],"class_list":["post-3957","post","type-post","status-publish","format-standard","hentry","category-zajimavosti"],"_links":{"self":[{"href":"https:\/\/www.infopoint.cz\/polsko\/wp-json\/wp\/v2\/posts\/3957","targetHints":{"allow":["GET"]}}],"collection":[{"href":"https:\/\/www.infopoint.cz\/polsko\/wp-json\/wp\/v2\/posts"}],"about":[{"href":"https:\/\/www.infopoint.cz\/polsko\/wp-json\/wp\/v2\/types\/post"}],"author":[{"embeddable":true,"href":"https:\/\/www.infopoint.cz\/polsko\/wp-json\/wp\/v2\/users\/2"}],"replies":[{"embeddable":true,"href":"https:\/\/www.infopoint.cz\/polsko\/wp-json\/wp\/v2\/comments?post=3957"}],"version-history":[{"count":4,"href":"https:\/\/www.infopoint.cz\/polsko\/wp-json\/wp\/v2\/posts\/3957\/revisions"}],"predecessor-version":[{"id":3961,"href":"https:\/\/www.infopoint.cz\/polsko\/wp-json\/wp\/v2\/posts\/3957\/revisions\/3961"}],"wp:attachment":[{"href":"https:\/\/www.infopoint.cz\/polsko\/wp-json\/wp\/v2\/media?parent=3957"}],"wp:term":[{"taxonomy":"category","embeddable":true,"href":"https:\/\/www.infopoint.cz\/polsko\/wp-json\/wp\/v2\/categories?post=3957"},{"taxonomy":"post_tag","embeddable":true,"href":"https:\/\/www.infopoint.cz\/polsko\/wp-json\/wp\/v2\/tags?post=3957"}],"curies":[{"name":"wp","href":"https:\/\/api.w.org\/{rel}","templated":true}]}}