{"id":4084,"date":"2017-10-22T16:31:49","date_gmt":"2017-10-22T14:31:49","guid":{"rendered":"http:\/\/www.infopoint.cz\/polsko\/?p=4084"},"modified":"2017-10-22T17:02:34","modified_gmt":"2017-10-22T15:02:34","slug":"vylet-po-walu-zawadowskem-a-mezinarodni-den-v-asw","status":"publish","type":"post","link":"https:\/\/www.infopoint.cz\/polsko\/vylet-po-walu-zawadowskem-a-mezinarodni-den-v-asw\/","title":{"rendered":"V\u00fdlet po Walu Zawadowsk\u00e9m a Mezin\u00e1rodn\u00ed den v ASW"},"content":{"rendered":"<p><img loading=\"lazy\" decoding=\"async\" class=\"ngg-singlepic ngg-left alignleft\" src=\"https:\/\/www.infopoint.cz\/polsko\/wp-content\/uploads\/sites\/22\/nggallery\/vylet-po-walu-zawadowskem-a-mezinarodni-den-v-asw\/thumbs\/thumbs_m09.jpg\" alt=\"m09\" width=\"240\" height=\"160\">Ve \u010dtvrtek 19.10.2017 jsme byli pozv\u00e1ni do Americk\u00e9 \u0161koly na oslavu Mezin\u00e1rodn\u00edho dne. Proslun\u011bn\u00e9 r\u00e1no l\u00e1kalo k&nbsp;proj\u00ed\u017e\u010fce na kole. Vzali jsme to po Walu Zavadowsk\u00e9m, co\u017e v&nbsp;se n\u00e1m v&nbsp;pr\u016fb\u011bhu pracovn\u00edho dne p\u0159\u00edli\u0161 nevyplatilo. Byl tam dost velk\u00fd provoz a v zubech n\u00e1m sk\u0159\u00edpal v p\u00edsek rozv\u00ed\u0159en\u00fd mnoha n\u00e1kladn\u00edmi auty jedouc\u00edmi z&nbsp;p\u00edskovny. V\u00fdhledy na \u0159eku Vislu jsou tam nicm\u00e9n\u011b n\u00e1dhern\u00e9.<img loading=\"lazy\" decoding=\"async\" class=\"ngg-singlepic ngg-right alignright\" src=\"https:\/\/www.infopoint.cz\/polsko\/wp-content\/uploads\/sites\/22\/nggallery\/vylet-po-walu-zawadowskem-a-mezinarodni-den-v-asw\/thumbs\/thumbs_m07.jpg\" alt=\"m07\" width=\"240\" height=\"160\"><\/p>\n<p>U mostu v&nbsp;Ob\u00f3rkach &nbsp;do\u0161lo k&nbsp;neblah\u00e9mu v\u00fdb\u011bru KR\u00c1SN\u00c9 CESTY, viditeln\u011b zcela ned\u00e1vno prohrnut\u00e9 buldozery. Po dvou kilometrech j\u00edzdy v&nbsp;t\u011b\u017ek\u00e9m ter\u00e9nu na m\u011bstsk\u00fdch kolech jsme tyto t\u011b\u017ek\u00e9 stroje uz\u0159ely v&nbsp;pln\u00e9 pr\u00e1ci p\u0159ed n\u00e1mi. D\u00e1le se jet nedalo. Zase do\u0161lo na sk\u0159\u00edp\u011bn\u00ed zub\u016f \u2026<\/p>\n<p><img loading=\"lazy\" decoding=\"async\" class=\"ngg-singlepic ngg-left alignleft\" src=\"https:\/\/www.infopoint.cz\/polsko\/wp-content\/uploads\/sites\/22\/nggallery\/vylet-po-walu-zawadowskem-a-mezinarodni-den-v-asw\/thumbs\/thumbs_m06.jpg\" alt=\"m06\" width=\"240\" height=\"160\">Pat\u0159i\u010dn\u011b zabl\u00e1cen\u00ed a n\u011bkte\u0159\u00ed z&nbsp;n\u00e1s bez n\u00e1lady jsme si museli spravit n\u00e1ladu v&nbsp;<a href=\"https:\/\/www.infopoint.cz\/polsko\/cafe-beza\/\">Cafe Beza v&nbsp;Parku Zdrojowym v Konstancinie<\/a>.<\/p>\n<p>Pak u\u017e rychle do Americk\u00e9 \u0161koly, prohl\u00e9dnout si p\u0159e\u010detn\u00e9 barevn\u011b vyzdoben\u00e9 a pochoutkami opl\u00fdvaj\u00edc\u00ed st\u00e1nky. Kytarista hraj\u00edc\u00ed \u0161pan\u011blsk\u00e9 flamengo byl \u00fa\u017easn\u00fd, ma\u010farsk\u00e9 klob\u00e1sky neodolateln\u00e9, ale nejlep\u0161\u00ed st\u00e1nek byl ten n\u00e1\u0161. Prost\u011b tam byli nejlep\u0161\u00ed a nejveselej\u0161\u00ed lidi.<\/p>\n<p>Cestou dom\u016f jsme se je\u0161t\u011b stavili na ob\u011bd v&nbsp;restauraci <a href=\"https:\/\/www.infopoint.cz\/polsko\/akiyama-sushi-restaurant-korean-japanese\/\">Akiyama<\/a> a potom u\u017e zase zp\u011bt k na\u0161im denn\u00edm povinnostem.<\/p>\n<div>\n<p>Napsala pro <a href=\"https:\/\/www.infopoint.cz\/polsko\/category\/kulturni-ctvrtky\/\">kulturn\u00ed \u010dtvrtek<\/a> 19.10.2017: Dana<\/p>\n<p><a href=\"https:\/\/www.infopoint.cz\/polsko\/fotogalerie\/rok-2017\/\">M\u016f\u017eete se tak\u00e9 pod\u00edvat na ostatn\u00ed fotografie.<\/a><\/p>\n<\/div>\n","protected":false},"excerpt":{"rendered":"<p>Ve \u010dtvrtek 19.10.2017 jsme byli pozv\u00e1ni do Americk\u00e9 \u0161koly na oslavu Mezin\u00e1rodn\u00edho dne. Proslun\u011bn\u00e9 r\u00e1no l\u00e1kalo k&nbsp;proj\u00ed\u017e\u010fce na kole. Vzali jsme to po Walu Zavadowsk\u00e9m, co\u017e v&nbsp;se n\u00e1m v&nbsp;pr\u016fb\u011bhu pracovn\u00edho dne p\u0159\u00edli\u0161 nevyplatilo. Byl tam dost velk\u00fd provoz a v zubech n\u00e1m sk\u0159\u00edpal v p\u00edsek rozv\u00ed\u0159en\u00fd mnoha n\u00e1kladn\u00edmi auty jedouc\u00edmi z&nbsp;p\u00edskovny. V\u00fdhledy na \u0159eku Vislu [&hellip;]<\/p>\n","protected":false},"author":2,"featured_media":0,"comment_status":"open","ping_status":"closed","sticky":false,"template":"","format":"standard","meta":{"ngg_post_thumbnail":0,"footnotes":""},"categories":[2],"tags":[],"class_list":["post-4084","post","type-post","status-publish","format-standard","hentry","category-kulturni-ctvrtky"],"_links":{"self":[{"href":"https:\/\/www.infopoint.cz\/polsko\/wp-json\/wp\/v2\/posts\/4084","targetHints":{"allow":["GET"]}}],"collection":[{"href":"https:\/\/www.infopoint.cz\/polsko\/wp-json\/wp\/v2\/posts"}],"about":[{"href":"https:\/\/www.infopoint.cz\/polsko\/wp-json\/wp\/v2\/types\/post"}],"author":[{"embeddable":true,"href":"https:\/\/www.infopoint.cz\/polsko\/wp-json\/wp\/v2\/users\/2"}],"replies":[{"embeddable":true,"href":"https:\/\/www.infopoint.cz\/polsko\/wp-json\/wp\/v2\/comments?post=4084"}],"version-history":[{"count":7,"href":"https:\/\/www.infopoint.cz\/polsko\/wp-json\/wp\/v2\/posts\/4084\/revisions"}],"predecessor-version":[{"id":4120,"href":"https:\/\/www.infopoint.cz\/polsko\/wp-json\/wp\/v2\/posts\/4084\/revisions\/4120"}],"wp:attachment":[{"href":"https:\/\/www.infopoint.cz\/polsko\/wp-json\/wp\/v2\/media?parent=4084"}],"wp:term":[{"taxonomy":"category","embeddable":true,"href":"https:\/\/www.infopoint.cz\/polsko\/wp-json\/wp\/v2\/categories?post=4084"},{"taxonomy":"post_tag","embeddable":true,"href":"https:\/\/www.infopoint.cz\/polsko\/wp-json\/wp\/v2\/tags?post=4084"}],"curies":[{"name":"wp","href":"https:\/\/api.w.org\/{rel}","templated":true}]}}