{"id":4137,"date":"2017-10-30T20:41:19","date_gmt":"2017-10-30T19:41:19","guid":{"rendered":"http:\/\/www.infopoint.cz\/polsko\/?p=4137"},"modified":"2017-11-01T20:42:19","modified_gmt":"2017-11-01T19:42:19","slug":"polsky-new-york-bojuje-o-expo-2022-lodz-naznacuje-budoucnost-evropy","status":"publish","type":"post","link":"https:\/\/www.infopoint.cz\/polsko\/polsky-new-york-bojuje-o-expo-2022-lodz-naznacuje-budoucnost-evropy\/","title":{"rendered":"Polsk\u00fd New York bojuje o Expo 2022. Lod\u017e nazna\u010duje budoucnost Evropy"},"content":{"rendered":"<blockquote>\n<div class=\"opener\">T\u0159et\u00ed nejv\u011bt\u0161\u00ed polsk\u00e9 m\u011bsto fini\u0161uje v z\u00e1pase o po\u0159adatelstv\u00ed sv\u011btov\u00e9 v\u00fdstavy Expo 2022. I kdy\u017e proti n\u011bmu stoj\u00ed t\u011b\u017ek\u00e9 v\u00e1hy v&nbsp;podob\u011b americk\u00e9ho Bloomingtonu v Minnesot\u011b a argentinsk\u00e9ho Buenos Aires, m\u00e1 Lod\u017e pom\u011brn\u011b velkou \u0161anci na \u00fasp\u011bch. Kdysi nejv\u011bt\u0161\u00ed textiln\u00ed d\u00edlna Evropy je toti\u017e dnes pln\u00e1 mimo\u0159\u00e1dn\u011b cen\u011bn\u00e9 industri\u00e1ln\u00ed architektury.<\/div>\n<div>&nbsp;<\/div>\n<\/blockquote>\n<div>Zdroj: <a href=\"https:\/\/cestovani.idnes.cz\/lodz-polsko-expo-svetova-vystava-dll-\/kolem-sveta.aspx?c=A171025_172753_kolem-sveta_hig\">https:\/\/cestovani.idnes.cz\/lodz-polsko-expo-svetova-vystava-dll-\/kolem-sveta.aspx?c=A171025_172753_kolem-sveta_hig<\/a><\/div>\n","protected":false},"excerpt":{"rendered":"<p>T\u0159et\u00ed nejv\u011bt\u0161\u00ed polsk\u00e9 m\u011bsto fini\u0161uje v z\u00e1pase o po\u0159adatelstv\u00ed sv\u011btov\u00e9 v\u00fdstavy Expo 2022. I kdy\u017e proti n\u011bmu stoj\u00ed t\u011b\u017ek\u00e9 v\u00e1hy v&nbsp;podob\u011b americk\u00e9ho Bloomingtonu v Minnesot\u011b a argentinsk\u00e9ho Buenos Aires, m\u00e1 Lod\u017e pom\u011brn\u011b velkou \u0161anci na \u00fasp\u011bch. Kdysi nejv\u011bt\u0161\u00ed textiln\u00ed d\u00edlna Evropy je toti\u017e dnes pln\u00e1 mimo\u0159\u00e1dn\u011b cen\u011bn\u00e9 industri\u00e1ln\u00ed architektury. &nbsp; Zdroj: https:\/\/cestovani.idnes.cz\/lodz-polsko-expo-svetova-vystava-dll-\/kolem-sveta.aspx?c=A171025_172753_kolem-sveta_hig<\/p>\n","protected":false},"author":2,"featured_media":0,"comment_status":"open","ping_status":"closed","sticky":false,"template":"","format":"standard","meta":{"ngg_post_thumbnail":0,"footnotes":""},"categories":[24],"tags":[],"class_list":["post-4137","post","type-post","status-publish","format-standard","hentry","category-zajimavosti"],"_links":{"self":[{"href":"https:\/\/www.infopoint.cz\/polsko\/wp-json\/wp\/v2\/posts\/4137","targetHints":{"allow":["GET"]}}],"collection":[{"href":"https:\/\/www.infopoint.cz\/polsko\/wp-json\/wp\/v2\/posts"}],"about":[{"href":"https:\/\/www.infopoint.cz\/polsko\/wp-json\/wp\/v2\/types\/post"}],"author":[{"embeddable":true,"href":"https:\/\/www.infopoint.cz\/polsko\/wp-json\/wp\/v2\/users\/2"}],"replies":[{"embeddable":true,"href":"https:\/\/www.infopoint.cz\/polsko\/wp-json\/wp\/v2\/comments?post=4137"}],"version-history":[{"count":3,"href":"https:\/\/www.infopoint.cz\/polsko\/wp-json\/wp\/v2\/posts\/4137\/revisions"}],"predecessor-version":[{"id":4140,"href":"https:\/\/www.infopoint.cz\/polsko\/wp-json\/wp\/v2\/posts\/4137\/revisions\/4140"}],"wp:attachment":[{"href":"https:\/\/www.infopoint.cz\/polsko\/wp-json\/wp\/v2\/media?parent=4137"}],"wp:term":[{"taxonomy":"category","embeddable":true,"href":"https:\/\/www.infopoint.cz\/polsko\/wp-json\/wp\/v2\/categories?post=4137"},{"taxonomy":"post_tag","embeddable":true,"href":"https:\/\/www.infopoint.cz\/polsko\/wp-json\/wp\/v2\/tags?post=4137"}],"curies":[{"name":"wp","href":"https:\/\/api.w.org\/{rel}","templated":true}]}}